{"id":9734,"date":"2025-01-17T04:56:52","date_gmt":"2025-01-17T03:56:52","guid":{"rendered":"https:\/\/heloa.app\/?p=9734"},"modified":"2025-01-25T05:24:40","modified_gmt":"2025-01-25T04:24:40","slug":"reflexe-de-ramper","status":"publish","type":"post","link":"https:\/\/heloa.app\/fr\/blog\/0-12-mois\/sante\/reflexe-de-ramper","title":{"rendered":"Le r\u00e9flexe de ramper chez le nourrisson"},"content":{"rendered":"\n<p>Lorsque vous regardez votre b\u00e9b\u00e9, vous vous demandez s\u00fbrement ce qui se cache derri\u00e8re ses premiers gestes. Pourquoi rampe-t-il parfois sans raison apparente ? Est-ce un simple r\u00e9flexe ou un signe de son d\u00e9veloppement moteur ? Le <strong>r\u00e9flexe de <a href=\"https:\/\/heloa.app\/fr\/blog\/0-12-mois\/developpement\/a-quel-age-bebe-rampe\">ramper<\/a><\/strong> est l&rsquo;un <a href=\"https:\/\/heloa.app\/blog\/0-12-mois\/sante\/reflexes-archaiques\" data-type=\"post\" data-id=\"9677\">des premiers r\u00e9flexes archa\u00efques<\/a> que l\u2019on peut observer chez les nourrissons et il est tr\u00e8s important pour leur d\u00e9veloppement moteur.<\/p>\n\n\n\n<h3 class=\"wp-block-heading\"><strong>Qu&rsquo;est-ce que le r\u00e9flexe de ramper ?<\/strong><\/h3>\n\n\n\n<p>Le <strong>r\u00e9flexe de ramper<\/strong> est un mouvement instinctif observ\u00e9 chez les nourrissons, g\u00e9n\u00e9ralement entre 6 et 8 mois. Lorsque vous placez votre b\u00e9b\u00e9 sur le ventre, il peut commencer \u00e0 pousser sur ses bras et ses jambes et tenter de se d\u00e9placer, souvent sans y \u00eatre guid\u00e9. Ce r\u00e9flexe est non seulement un signe de bon fonctionnement du <strong>syst\u00e8me nerveux central<\/strong>, mais aussi une \u00e9tape cl\u00e9 dans le d\u00e9veloppement de sa <strong><a href=\"https:\/\/heloa.app\/blog\/1-3-ans\/developpement\/etapes-developpement-motricite\" data-type=\"post\" data-id=\"6497\">motricit\u00e9 globale<\/a><\/strong>.<\/p>\n\n\n\n<p>Ce mouvement peut surprendre certains parents, car il appara\u00eet parfois avant que b\u00e9b\u00e9 ma\u00eetrise d&rsquo;autres gestes comme se retourner ou s&rsquo;asseoir. Pourtant, il est essentiel car il pr\u00e9pare b\u00e9b\u00e9 \u00e0 des gestes plus complexes comme le <strong>quatre pattes<\/strong> et la marche. Il permet \u00e9galement de renforcer les <strong>muscles<\/strong> et d&rsquo;am\u00e9liorer la <strong>coordination<\/strong> de b\u00e9b\u00e9.<\/p>\n\n\n\n<h3 class=\"wp-block-heading\"><strong>Pourquoi le r\u00e9flexe de ramper est-il important ?<\/strong><\/h3>\n\n\n\n<p>Le <strong>r\u00e9flexe de ramper<\/strong> joue un r\u00f4le fondamental dans le d\u00e9veloppement des capacit\u00e9s motrices de votre enfant. Il contribue \u00e0 plusieurs aspects du d\u00e9veloppement, tels que :<\/p>\n\n\n\n<li><strong>Le renforcement musculaire<\/strong> : En rampant, b\u00e9b\u00e9 utilise ses bras, ses jambes et son tronc, ce qui l\u2019aide \u00e0 d\u00e9velopper ses muscles.<\/li>\n\n\n\n<li><strong>L&rsquo;am\u00e9lioration de la coordination<\/strong> : Le fait de coordonner les mouvements des bras et des jambes est une \u00e9tape pr\u00e9liminaire essentielle avant la marche.<\/li>\n\n\n\n<li><strong>Le d\u00e9veloppement du tonus musculaire<\/strong> : Le <strong>r\u00e9flexe de ramper<\/strong> pr\u00e9pare aussi le corps de b\u00e9b\u00e9 pour des \u00e9tapes plus avanc\u00e9es comme le <strong>redressement<\/strong> et la marche.<\/li>\n\n\n\n<p>Ce r\u00e9flexe est aussi li\u00e9 \u00e0 la <strong>perception de l&rsquo;espace<\/strong>. En rampant, b\u00e9b\u00e9 d\u00e9couvre et explore son environnement, ce qui stimule ses <strong>sens tactiles<\/strong> et visuels.<\/p>\n\n\n\n<h3 class=\"wp-block-heading\"><strong>\u00c0 quel moment le r\u00e9flexe de ramper se manifeste-t-il ?<\/strong><\/h3>\n\n\n\n<h3 class=\"wp-block-heading\"><strong>Que faire si le r\u00e9flexe de ramper tarde \u00e0 appara\u00eetre ?<\/strong><\/h3>\n\n\n\n<p>En g\u00e9n\u00e9ral, ce r\u00e9flexe se manifeste entre 6 et 8 mois, mais chaque b\u00e9b\u00e9 suit son propre rythme. Certains b\u00e9b\u00e9s commencent plus t\u00f4t, tandis que d\u2019autres prennent un peu plus de temps. Si votre enfant ne rampe pas \u00e0 9 ou 10 mois, il n&rsquo;y a pas lieu de paniquer, mais il peut \u00eatre utile de consulter un p\u00e9diatre pour s&rsquo;assurer que tout se passe bien.<\/p>\n\n\n\n<p>Il est tout \u00e0 fait normal de s&rsquo;inqui\u00e9ter si votre b\u00e9b\u00e9 ne pr\u00e9sente pas ce r\u00e9flexe aux \u00e2ges attendus. Toutefois, un retard dans l\u2019apparition du r\u00e9flexe de ramper ne signifie pas forc\u00e9ment qu\u2019il y a un probl\u00e8me. Voici quelques raisons possibles pour lesquelles le r\u00e9flexe de ramper peut \u00eatre retard\u00e9 :<\/p>\n\n\n\n<li>Le <strong>tonus musculaire<\/strong> du b\u00e9b\u00e9 peut ne pas \u00eatre suffisant pour initier ce mouvement.<\/li>\n\n\n\n<li>Le b\u00e9b\u00e9 peut pr\u00e9f\u00e9rer \u00eatre port\u00e9 dans les bras plut\u00f4t que d\u2019explorer son environnement par lui-m\u00eame.<\/li>\n\n\n\n<li>Parfois, un <strong>retard neurologique<\/strong> ou des ant\u00e9c\u00e9dents de <strong>pr\u00e9maturit\u00e9<\/strong> peuvent influencer l&rsquo;apparition de ce r\u00e9flexe.<\/li>\n\n\n\n<p>Si vous avez des pr\u00e9occupations, il est toujours conseill\u00e9 de consulter un p\u00e9diatre. Ce dernier pourra v\u00e9rifier le d\u00e9veloppement de votre b\u00e9b\u00e9 et vous proposer des <strong>exercices<\/strong> ou des <strong>activit\u00e9s<\/strong> pour encourager ce r\u00e9flexe.<\/p>\n\n\n\n<h3 class=\"wp-block-heading\"><strong>Comment encourager le r\u00e9flexe de ramper ?<\/strong><\/h3>\n\n\n\n<p>Si votre b\u00e9b\u00e9 commence \u00e0 ramper, c\u2019est un excellent signe de progr\u00e8s dans son d\u00e9veloppement moteur. Cependant, si le r\u00e9flexe tarde \u00e0 appara\u00eetre, voici quelques conseils pour encourager b\u00e9b\u00e9 :<\/p>\n\n\n\n<li><strong>Proposez des moments sur le ventre<\/strong> : Le temps pass\u00e9 sur le ventre aide b\u00e9b\u00e9 \u00e0 renforcer ses muscles. M\u00eame quelques minutes par jour suffisent.<\/li>\n\n\n\n<li><strong>Utilisez des jouets pour stimuler le mouvement<\/strong> : Placez un jouet \u00e0 quelques centim\u00e8tres de lui pour l\u2019inciter \u00e0 se d\u00e9placer.<\/li>\n\n\n\n<li><strong>Encouragez-le en douceur<\/strong> : Lorsque b\u00e9b\u00e9 commence \u00e0 bouger ou \u00e0 se tourner, encouragez-le avec des sourires et des mots positifs. Cela lui donne confiance.<\/li>\n\n\n\n<h3 class=\"wp-block-heading\"><strong>Le r\u00e9flexe de ramper et l&rsquo;interaction parent-enfant<\/strong><\/h3>\n\n\n\n<p>Le <strong>r\u00e9flexe de ramper<\/strong> n\u2019est pas uniquement un mouvement physique, il joue \u00e9galement un r\u00f4le dans l\u2019attachement entre vous et votre b\u00e9b\u00e9. En l\u2019observant se d\u00e9placer et interagir avec son environnement, vous renforcez le lien parent-enfant et vous l&rsquo;accompagnez dans ses premi\u00e8res d\u00e9couvertes. Il est aussi important de soutenir cette exploration, ce qui permet \u00e0 votre b\u00e9b\u00e9 de gagner en autonomie et en confiance.<\/p>\n\n\n\n<h3 class=\"wp-block-heading\"><strong>Quand consulter un professionnel ?<\/strong><\/h3>\n\n\n\n<p>Chaque b\u00e9b\u00e9 se d\u00e9veloppe \u00e0 son propre rythme, mais il y a certains signes qui justifient une consultation avec un p\u00e9diatre :<\/p>\n\n\n\n<li>Si b\u00e9b\u00e9 a des difficult\u00e9s \u00e0 tenir sa t\u00eate ou \u00e0 se retourner <a href=\"https:\/\/heloa.app\/fr\/blog\/0-12-mois\/developpement\/bebe-6-mois\">\u00e0 6 mois<\/a>.<\/li>\n\n\n\n<li>Si \u00e0 9-10 mois, b\u00e9b\u00e9 ne semble pas ramper, ni se d\u00e9placer.<\/li>\n\n\n\n<li>Si vous remarquez un manque de <strong>tonus musculaire<\/strong>, des <a href=\"https:\/\/heloa.app\/fr\/blog\/0-12-mois\/sante\/pleurs-de-bebe\">pleurs<\/a> excessifs ou une tension inhabituelle dans ses mouvements.<\/li>\n\n\n\n<p>Il n\u2019est jamais trop t\u00f4t pour demander conseil \u00e0 un professionnel. Un p\u00e9diatre pourra \u00e9valuer le d\u00e9veloppement de votre enfant et vous donner des conseils adapt\u00e9s.<\/p>\n\n\n\n<h3 class=\"wp-block-heading\"><strong>Le r\u00e9flexe de ramper et la motricit\u00e9 fine<\/strong><\/h3>\n\n\n\n<p>Bien que le <strong>r\u00e9flexe de ramper<\/strong> soit davantage li\u00e9 \u00e0 la <a href=\"https:\/\/heloa.app\/fr\/blog\/1-3-ans\/developpement\/etapes-developpement-motricite\">motricit\u00e9<\/a> globale, il joue aussi un r\u00f4le dans le d\u00e9veloppement de la <strong>motricit\u00e9 fine<\/strong>. En bougeant, b\u00e9b\u00e9 apprend \u00e0 manipuler des objets, \u00e0 saisir des jouets et \u00e0 mieux coordonner ses mouvements fins. Ce processus pr\u00e9figure des gestes plus pr\u00e9cis comme attraper un jouet ou tenir une cuill\u00e8re.<\/p>\n\n\n<style>.kb-image9734_18f54b-74.kb-image-is-ratio-size, .kb-image9734_18f54b-74 .kb-image-is-ratio-size{max-width:452px;width:100%;}.wp-block-kadence-column > .kt-inside-inner-col > .kb-image9734_18f54b-74.kb-image-is-ratio-size, .wp-block-kadence-column > .kt-inside-inner-col > .kb-image9734_18f54b-74 .kb-image-is-ratio-size{align-self:unset;}.kb-image9734_18f54b-74{max-width:452px;}.image-is-svg.kb-image9734_18f54b-74{-webkit-flex:0 1 100%;flex:0 1 100%;}.image-is-svg.kb-image9734_18f54b-74 img{width:100%;}.kb-image9734_18f54b-74 .kb-image-has-overlay:after{opacity:0.3;}<\/style>\n<figure class=\"wp-block-kadence-image kb-image9734_18f54b-74 size-large\"><img loading=\"lazy\" decoding=\"async\" width=\"1024\" height=\"683\" src=\"https:\/\/heloa.app\/wp-content\/uploads\/2025\/01\/nourrison-rampe-sur-un-tapis-blanc-avec-le-reflexe-de-ramper-18333451-1024x683.jpg\" alt=\"nourrison-rampe-sur-un-tapis-blanc-avec-le-r\u00e9flexe-de-ramper\" class=\"kb-img wp-image-9740\" srcset=\"https:\/\/heloa.app\/wp-content\/uploads\/2025\/01\/nourrison-rampe-sur-un-tapis-blanc-avec-le-reflexe-de-ramper-18333451-1024x683.jpg 1024w, https:\/\/heloa.app\/wp-content\/uploads\/2025\/01\/nourrison-rampe-sur-un-tapis-blanc-avec-le-reflexe-de-ramper-18333451-300x200.jpg 300w, https:\/\/heloa.app\/wp-content\/uploads\/2025\/01\/nourrison-rampe-sur-un-tapis-blanc-avec-le-reflexe-de-ramper-18333451-768x512.jpg 768w, https:\/\/heloa.app\/wp-content\/uploads\/2025\/01\/nourrison-rampe-sur-un-tapis-blanc-avec-le-reflexe-de-ramper-18333451-1536x1024.jpg 1536w, https:\/\/heloa.app\/wp-content\/uploads\/2025\/01\/nourrison-rampe-sur-un-tapis-blanc-avec-le-reflexe-de-ramper-18333451-2048x1365.jpg 2048w\" sizes=\"auto, (max-width: 1024px) 100vw, 1024px\" \/><\/figure>\n\n\n\n<h2 class=\"wp-block-heading\"><strong>Les questions des parents<\/strong><\/h2>\n\n\n\n<h3 class=\"wp-block-heading\"><strong>Que faire si mon b\u00e9b\u00e9 ne rampe pas \u00e0 l&rsquo;\u00e2ge attendu ?<\/strong><\/h3>\n\n\n\n<p>Si votre b\u00e9b\u00e9 ne rampe pas \u00e0 9 ou 10 mois, cela peut \u00eatre un signe de retard dans le d\u00e9veloppement moteur. Toutefois, chaque b\u00e9b\u00e9 se d\u00e9veloppe \u00e0 son propre rythme. Il est conseill\u00e9 de consulter un p\u00e9diatre pour v\u00e9rifier si tout est en ordre. Un professionnel pourra \u00e9valuer le tonus musculaire de votre enfant et sugg\u00e9rer des exercices pour encourager ce r\u00e9flexe.<\/p>\n\n\n\n<h3 class=\"wp-block-heading\"><strong>Le r\u00e9flexe de ramper peut-il \u00eatre observ\u00e9 chez tous les nourrissons ?<\/strong><\/h3>\n\n\n\n<p>La majorit\u00e9 des nourrissons pr\u00e9sentent ce r\u00e9flexe \u00e0 un moment donn\u00e9, mais certains b\u00e9b\u00e9s peuvent ne pas ramper de mani\u00e8re \u00e9vidente ou \u00e0 l&rsquo;\u00e2ge habituel. Les raisons peuvent \u00eatre vari\u00e9es, comme des pr\u00e9f\u00e9rences personnelles, un d\u00e9veloppement plus lent, ou des facteurs li\u00e9s \u00e0 la pr\u00e9maturit\u00e9.<\/p>\n\n\n\n<h3 class=\"wp-block-heading\"><strong>Le r\u00e9flexe de ramper est-il pr\u00e9sent chez les b\u00e9b\u00e9s pr\u00e9matur\u00e9s ?<\/strong><\/h3>\n\n\n\n<p>Les <a href=\"https:\/\/heloa.app\/fr\/blog\/0-12-mois\/developpement\/bebe-prema\">b\u00e9b\u00e9s pr\u00e9matur\u00e9s<\/a> peuvent d\u00e9velopper ce r\u00e9flexe plus tardivement. Leur d\u00e9veloppement moteur peut suivre un rythme diff\u00e9rent, mais cela ne signifie pas qu&rsquo;ils auront des retards permanents. Le suivi par un p\u00e9diatre est essentiel pour s&rsquo;assurer que tout \u00e9volue normalement.<\/p>\n\n\n\n<p><strong>Pour aller plus loin :<\/strong><\/p>\n\n\n\n<li><u><a href=\"https:\/\/www.assasformationssante.com\/actualites\/reflexes-archaiques\/\" target=\"_blank\" rel=\"noopener\">Les \u00e9tapes du d\u00e9veloppement moteur de b\u00e9b\u00e9<\/a><\/u><\/li>\n\n\n\n<p><\/p>\n","protected":false},"excerpt":{"rendered":"<p>Lorsque vous regardez votre b\u00e9b\u00e9, vous vous demandez s\u00fbrement ce qui se cache derri\u00e8re ses premiers gestes. Pourquoi&#8230;<\/p>\n","protected":false},"author":4,"featured_media":9737,"comment_status":"closed","ping_status":"closed","sticky":false,"template":"","format":"standard","meta":{"_acf_changed":false,"_kad_blocks_custom_css":"","_kad_blocks_head_custom_js":"","_kad_blocks_body_custom_js":"","_kad_blocks_footer_custom_js":"","_kad_post_transparent":"","_kad_post_title":"","_kad_post_layout":"","_kad_post_sidebar_id":"","_kad_post_content_style":"","_kad_post_vertical_padding":"","_kad_post_feature":"","_kad_post_feature_position":"","_kad_post_header":false,"_kad_post_footer":false,"_kad_post_classname":"","rank_math_title":"Reflexe de ramper : pourquoi est-il essentiel pour b\u00e9b\u00e9 ?","rank_math_description":"","rank_math_focus_keyword":"r\u00e9flexe de ramper","rank_math_primary_category":646,"ilj_linkdefinition":["r\u00e9flexe de ramper"],"footnotes":""},"categories":[646,654],"tags":[],"class_list":["post-9734","post","type-post","status-publish","format-standard","has-post-thumbnail","hentry","category-0-12-mois","category-sante"],"acf":{"prestation_table":"","technical_table":"","nom_professionnel":"","numero_telephone":"","convention_cas":"","contrat_acces_aux_soins":"","sesam_vitale":"","coordonnees":"","adresse":"","profession":"","numero_rpps":"","profession_description":"","commune":"","departement":"","prenom":"","origine":"","date_fete":"","signification_etymologie":"","histoire_origine_prenom":"","personne_celebre":"","age_moyen":"","prenoms_derives":"","prenoms_composes":"","naissances_2024":"","genre":"","prenoms_taxonomy":"","region_stats":"","evolution_naissances":""},"taxonomy_info":{"category":[{"value":646,"label":"0-12 mois"},{"value":654,"label":"Sant\u00e9"}]},"featured_image_src_large":["https:\/\/heloa.app\/wp-content\/uploads\/2025\/01\/bebe-a-le-reflexe-de-ramper-13030809-1024x683.jpg",1024,683,true],"author_info":{"display_name":"Heloa","author_link":"https:\/\/heloa.app\/fr\/author\/expert-heloa"},"comment_info":0,"category_info":[{"term_id":646,"name":"0-12 mois","slug":"0-12-mois","term_group":0,"term_taxonomy_id":646,"taxonomy":"category","description":"Comprenez le d\u00e9veloppement de votre b\u00e9b\u00e9 qui \u00e9volue de 0 \u00e0 12 mois. Sourire, vous faire coucou, apprendre \u00e0 parler, \u00e0 marcher, manger seul, l'accompagner dans la gestion de ses \u00e9motions, on vous explique tout.","parent":0,"count":305,"filter":"raw","cat_ID":646,"category_count":305,"category_description":"Comprenez le d\u00e9veloppement de votre b\u00e9b\u00e9 qui \u00e9volue de 0 \u00e0 12 mois. Sourire, vous faire coucou, apprendre \u00e0 parler, \u00e0 marcher, manger seul, l'accompagner dans la gestion de ses \u00e9motions, on vous explique tout.","cat_name":"0-12 mois","category_nicename":"0-12-mois","category_parent":0},{"term_id":654,"name":"Sant\u00e9","slug":"sante","term_group":0,"term_taxonomy_id":654,"taxonomy":"category","description":"","parent":646,"count":149,"filter":"raw","cat_ID":654,"category_count":149,"category_description":"","cat_name":"Sant\u00e9","category_nicename":"sante","category_parent":646}],"tag_info":false,"_links":{"self":[{"href":"https:\/\/heloa.app\/fr\/wp-json\/wp\/v2\/posts\/9734","targetHints":{"allow":["GET"]}}],"collection":[{"href":"https:\/\/heloa.app\/fr\/wp-json\/wp\/v2\/posts"}],"about":[{"href":"https:\/\/heloa.app\/fr\/wp-json\/wp\/v2\/types\/post"}],"author":[{"embeddable":true,"href":"https:\/\/heloa.app\/fr\/wp-json\/wp\/v2\/users\/4"}],"replies":[{"embeddable":true,"href":"https:\/\/heloa.app\/fr\/wp-json\/wp\/v2\/comments?post=9734"}],"version-history":[{"count":2,"href":"https:\/\/heloa.app\/fr\/wp-json\/wp\/v2\/posts\/9734\/revisions"}],"predecessor-version":[{"id":9895,"href":"https:\/\/heloa.app\/fr\/wp-json\/wp\/v2\/posts\/9734\/revisions\/9895"}],"wp:featuredmedia":[{"embeddable":true,"href":"https:\/\/heloa.app\/fr\/wp-json\/wp\/v2\/media\/9737"}],"wp:attachment":[{"href":"https:\/\/heloa.app\/fr\/wp-json\/wp\/v2\/media?parent=9734"}],"wp:term":[{"taxonomy":"category","embeddable":true,"href":"https:\/\/heloa.app\/fr\/wp-json\/wp\/v2\/categories?post=9734"},{"taxonomy":"post_tag","embeddable":true,"href":"https:\/\/heloa.app\/fr\/wp-json\/wp\/v2\/tags?post=9734"}],"curies":[{"name":"wp","href":"https:\/\/api.w.org\/{rel}","templated":true}]}}