{"id":9718,"date":"2025-01-17T04:48:33","date_gmt":"2025-01-17T03:48:33","guid":{"rendered":"https:\/\/heloa.app\/?p=9718"},"modified":"2025-01-17T05:01:08","modified_gmt":"2025-01-17T04:01:08","slug":"rtac-reflexe-tonique-asymetrique-du-cou","status":"publish","type":"post","link":"https:\/\/heloa.app\/fr\/blog\/0-12-mois\/sante\/rtac-reflexe-tonique-asymetrique-du-cou","title":{"rendered":"Le R\u00e9flexe Tonique Asym\u00e9trique du Cou (RTAC) chez l&rsquo;enfant"},"content":{"rendered":"\n<p>Petit \u00e0 petit, vous commencez \u00e0 observer les premiers signes de d\u00e9veloppement moteur chez votre enfant : il se tourne, il commence \u00e0 se redresser et ses mouvements deviennent plus fluides. Cependant, certains r\u00e9flexes, comme le <strong>r\u00e9flexe tonique asym\u00e9trique du cou (RTAC)<\/strong>, peuvent influencer ces \u00e9tapes de mani\u00e8re subtile mais importante. Que faire si ce r\u00e9flexe persiste apr\u00e8s la p\u00e9riode de d\u00e9veloppement appropri\u00e9e ? Comment cela affecte-t-il son \u00e9quilibre, sa coordination et m\u00eame ses apprentissages ? Ces questions sont fr\u00e9quentes chez les parents et il est essentiel de les aborder de mani\u00e8re claire et rassurante.<\/p>\n\n\n\n<h2 class=\"wp-block-heading\"><strong>Le RTAC : Un r\u00e9flexe naturel mais potentiellement perturbateur<\/strong><\/h2>\n\n\n\n<p>Le <strong>r\u00e9flexe tonique asym\u00e9trique du cou<\/strong> (abr\u00e9g\u00e9 RTCA et aussi connu sous le nom de\u00a0r\u00e9flexe du \u00ab\u00a0fencing\u00a0\u00bb ou r\u00e9flexe de l\u2019escrimeur) est un <a href=\"https:\/\/heloa.app\/blog\/0-12-mois\/sante\/reflexes-archaiques\" data-type=\"post\" data-id=\"9677\">r\u00e9flexe archa\u00efque<\/a> qui fait partie du d\u00e9veloppement neurologique normal d&rsquo;un b\u00e9b\u00e9. Lorsqu&rsquo;un b\u00e9b\u00e9 tourne la t\u00eate d&rsquo;un c\u00f4t\u00e9, il peut naturellement \u00e9tendre le bras du c\u00f4t\u00e9 o\u00f9 il regarde tout en fl\u00e9chissant l&rsquo;autre bras. Ce r\u00e9flexe permet \u00e0 votre enfant de d\u00e9velopper sa capacit\u00e9 \u00e0 s&rsquo;orienter et \u00e0 coordonner ses mouvements. Il appara\u00eet g\u00e9n\u00e9ralement entre la 18e et la 22e semaine de vie et se dissipe habituellement entre 6 mois et 1 an, lorsque le <strong>syst\u00e8me nerveux<\/strong> se stabilise.<\/p>\n\n\n\n<p>Cependant, si ce r\u00e9flexe ne dispara\u00eet pas au moment o\u00f9 il devrait, il peut avoir des cons\u00e9quences notables sur le d\u00e9veloppement moteur et m\u00eame sur la scolarit\u00e9 de votre enfant. Par exemple, vous pourriez remarquer qu\u2019il a des difficult\u00e9s \u00e0 garder son \u00e9quilibre ou qu&rsquo;il semble avoir du mal \u00e0 ma\u00eetriser certains gestes fins, comme saisir une cuill\u00e8re ou attraper une balle.<\/p>\n\n\n\n<h2 class=\"wp-block-heading\"><strong>Comment savoir si le <strong>r\u00e9flexe tonique asym\u00e9trique du cou<\/strong> persiste ?<\/strong><\/h2>\n\n\n\n<p>Le <strong>RTAC persistant<\/strong> peut \u00eatre rep\u00e9r\u00e9 gr\u00e2ce \u00e0 certains signes caract\u00e9ristiques. Si votre enfant continue \u00e0 avoir des comportements ou des postures qui sont typiques de ce r\u00e9flexe apr\u00e8s l&rsquo;\u00e2ge recommand\u00e9, cela pourrait indiquer que le r\u00e9flexe n\u2019a pas \u00e9t\u00e9 correctement int\u00e9gr\u00e9. Par exemple&nbsp;:<\/p>\n\n\n\n<li><strong>Difficult\u00e9 \u00e0 maintenir une position stable<\/strong> : Quand votre enfant essaie de s&rsquo;asseoir, il semble avoir du mal \u00e0 maintenir une position droite ou il se balance d&rsquo;un c\u00f4t\u00e9.<\/li>\n\n\n\n<li><strong>Postures asym\u00e9triques<\/strong> : Si votre enfant garde fr\u00e9quemment un bras tendu tout en pliant l&rsquo;autre, cela peut \u00eatre un signe du <strong>RTAC persistant<\/strong>.<\/li>\n\n\n\n<li><strong>Probl\u00e8mes de coordination<\/strong> : Des difficult\u00e9s \u00e0 attraper un objet, \u00e0 utiliser des crayons ou \u00e0 effectuer des gestes pr\u00e9cis sont courantes chez les enfants ayant un <strong>RTAC non int\u00e9gr\u00e9<\/strong>.<\/li>\n\n\n\n<li><strong>Comportement de \u00ab&nbsp;raideur&nbsp;\u00bb musculaire<\/strong> : Une raideur persistante dans certaines parties du corps, notamment dans le tronc ou les bras, peut aussi \u00eatre un indicateur.<\/li>\n\n\n\n<p>Ce genre de comportement est normal \u00e0 un certain \u00e2ge, mais s\u2019il persiste bien au-del\u00e0 des 6 mois, il est bon d\u2019en parler \u00e0 un professionnel.<\/p>\n\n\n\n<h2 class=\"wp-block-heading\"><strong>Les cons\u00e9quences du RTAC non int\u00e9gr\u00e9<\/strong><\/h2>\n\n\n\n<h3 class=\"wp-block-heading\"><strong>Probl\u00e8mes d\u2019\u00e9quilibre et de posture<\/strong><\/h3>\n\n\n\n<p>Le <strong> <strong>r\u00e9flexe tonique asym\u00e9trique du cou (RTAC)<\/strong><\/strong> est essentiel pour l&rsquo;\u00e9quilibre et la posture. S&rsquo;il persiste, l\u2019enfant peut pr\u00e9senter des difficult\u00e9s \u00e0 se redresser correctement, \u00e0 tenir en \u00e9quilibre ou \u00e0 apprendre \u00e0 marcher. Une posture rigide, un bras tendu et une flexion de l&rsquo;autre bras peuvent rendre l&rsquo;enfant plus vuln\u00e9rable aux chutes et \u00e0 l\u2019instabilit\u00e9, notamment lorsqu&rsquo;il commence \u00e0 explorer son environnement en rampant ou en marchant.<\/p>\n\n\n\n<h3 class=\"wp-block-heading\"><strong>Difficult\u00e9s d\u2019apprentissage<\/strong><\/h3>\n\n\n\n<p>Un <strong>RTAC persistant<\/strong> peut entra\u00eener des probl\u00e8mes de <a href=\"https:\/\/heloa.app\/fr\/blog\/0-12-mois\/developpement\/coordination-oeil-main\">coordination \u0153il-main<\/a>, ce qui peut se traduire par des difficult\u00e9s lors des activit\u00e9s scolaires comme la lecture ou l\u2019\u00e9criture. Par exemple, un enfant pourrait avoir du mal \u00e0 suivre des lignes de texte ou \u00e0 \u00e9crire correctement. En effet, l&rsquo;incapacit\u00e9 \u00e0 int\u00e9grer ce r\u00e9flexe peut interf\u00e9rer avec la capacit\u00e9 de l\u2019enfant \u00e0 effectuer des t\u00e2ches n\u00e9cessitant de l&rsquo;attention et de la coordination.<\/p>\n\n\n\n<h3 class=\"wp-block-heading\"><strong>Retard dans la lat\u00e9ralit\u00e9<\/strong><\/h3>\n\n\n\n<p>Le <strong>RTAC<\/strong> peut \u00e9galement influencer le d\u00e9veloppement de la <strong>lat\u00e9ralit\u00e9<\/strong>, autrement dit, l&rsquo;identification de la main dominante. Un enfant qui n\u2019a pas correctement int\u00e9gr\u00e9 ce r\u00e9flexe peut avoir du mal \u00e0 \u00e9tablir une pr\u00e9f\u00e9rence pour une main, ce qui peut rendre les activit\u00e9s manuelles plus compliqu\u00e9es.<\/p>\n\n\n\n<h2 class=\"wp-block-heading\"><strong>Comment aider votre enfant \u00e0 int\u00e9grer le RTAC ?<\/strong><\/h2>\n\n\n\n<h3 class=\"wp-block-heading\"><strong>Exercices \u00e0 la maison<\/strong><\/h3>\n\n\n\n<li><strong>Mouvements de la t\u00eate et du corps<\/strong> : Encouragez votre enfant \u00e0 tourner lentement la t\u00eate d\u2019un c\u00f4t\u00e9 \u00e0 l\u2019autre, tout en maintenant le reste du corps immobile. Cela aide \u00e0 dissocier les mouvements du cou et du corps.<\/li>\n\n\n\n<li><strong>Jeux de coordination<\/strong> : Des jeux simples comme lancer une balle, toucher des objets avec des b\u00e2tons ou attraper un ballon peuvent am\u00e9liorer la coordination <strong>\u0153il-main<\/strong>.<\/li>\n\n\n\n<li><strong>Exercices de <a href=\"https:\/\/heloa.app\/fr\/blog\/1-3-ans\/developpement\/etapes-developpement-motricite\">motricit\u00e9<\/a> fine<\/strong> : Faire des puzzles, des coloriages ou des jeux de construction permet de renforcer les comp\u00e9tences motrices fines de votre enfant.<\/li>\n\n\n\n<h3 class=\"wp-block-heading\"><strong>Suivi avec un professionnel<\/strong><\/h3>\n\n\n\n<p>Si vous constatez que les exercices \u00e0 la maison ne suffisent pas ou si cela vous inqui\u00e8te, un suivi avec un professionnel tel qu\u2019un <strong>psychomotricien<\/strong> ou un <strong>ergoth\u00e9rapeute<\/strong> peut \u00eatre n\u00e9cessaire. Ces sp\u00e9cialistes seront en mesure de proposer des strat\u00e9gies d\u2019int\u00e9gration sp\u00e9cifiques, adapt\u00e9es \u00e0 votre enfant, et d\u2019\u00e9valuer si des troubles suppl\u00e9mentaires, comme la <strong><a href=\"https:\/\/heloa.app\/blog\/1-3-ans\/sante\/les-dyspraxies\" data-type=\"post\" data-id=\"6419\">dyspraxie<\/a><\/strong> ou des troubles de la coordination, sont pr\u00e9sents.<\/p>\n\n\n\n<h2 class=\"wp-block-heading\"><strong>Les questions des parents<\/strong><\/h2>\n\n\n\n<h3 class=\"wp-block-heading\"><strong>Quels exercices peuvent aider \u00e0 int\u00e9grer le RTAC ?<\/strong><\/h3>\n\n\n\n<p>Les <strong>exercices de coordination motrice<\/strong>, comme les mouvements de t\u00eate et les jeux de balles, peuvent aider \u00e0 dissocier le mouvement du cou et am\u00e9liorer l\u2019\u00e9quilibre. De plus, les activit\u00e9s de <strong>motricit\u00e9 fine<\/strong> comme les puzzles ou le dessin sont recommand\u00e9es.<\/p>\n\n\n\n<h3 class=\"wp-block-heading\"><strong>Le RTAC peut-il affecter les performances scolaires ?<\/strong><\/h3>\n\n\n\n<p>Oui, un <strong>RTAC non int\u00e9gr\u00e9<\/strong> peut affecter la <strong>coordination \u0153il-main<\/strong>, ce qui peut rendre difficile la lecture, l\u2019\u00e9criture ou m\u00eame les activit\u00e9s pratiques comme les arts plastiques.<\/p>\n\n\n\n<h3 class=\"wp-block-heading\"><strong>Quand consulter un professionnel de sant\u00e9 pour le RTAC ?<\/strong><\/h3>\n\n\n\n<p>Si vous constatez des signes de persistance du <strong>RTAC<\/strong> ou si les difficult\u00e9s de votre enfant affectent son quotidien, il est conseill\u00e9 de consulter un professionnel, tel qu\u2019un <strong>psychomotricien<\/strong> ou un <strong>ergoth\u00e9rapeute<\/strong>.<\/p>\n","protected":false},"excerpt":{"rendered":"<p>Petit \u00e0 petit, vous commencez \u00e0 observer les premiers signes de d\u00e9veloppement moteur chez votre enfant : il&#8230;<\/p>\n","protected":false},"author":4,"featured_media":9730,"comment_status":"closed","ping_status":"closed","sticky":false,"template":"","format":"standard","meta":{"_acf_changed":false,"_kad_blocks_custom_css":"","_kad_blocks_head_custom_js":"","_kad_blocks_body_custom_js":"","_kad_blocks_footer_custom_js":"","_kad_post_transparent":"","_kad_post_title":"","_kad_post_layout":"","_kad_post_sidebar_id":"","_kad_post_content_style":"","_kad_post_vertical_padding":"","_kad_post_feature":"","_kad_post_feature_position":"","_kad_post_header":false,"_kad_post_footer":false,"_kad_post_classname":"","rank_math_title":"RTAC : comprendre le R\u00e9flexe Tonique Asym\u00e9trique du Cou","rank_math_description":"Le RTAC est un R\u00e9flexe Tonique Asym\u00e9trique du Cou qui peut perturber l\u2019\u00e9quilibre et l\u2019apprentissage.","rank_math_focus_keyword":"RTAC,R\u00e9flexe Tonique Asym\u00e9trique du Cou","rank_math_primary_category":646,"ilj_linkdefinition":["RTAC","r\u00e9flexe tonique asym\u00e9trique du cou"],"footnotes":""},"categories":[646,654],"tags":[],"class_list":["post-9718","post","type-post","status-publish","format-standard","has-post-thumbnail","hentry","category-0-12-mois","category-sante"],"acf":{"prestation_table":"","technical_table":"","nom_professionnel":"","numero_telephone":"","convention_cas":"","contrat_acces_aux_soins":"","sesam_vitale":"","coordonnees":"","adresse":"","profession":"","numero_rpps":"","profession_description":"","commune":"","departement":"","prenom":"","origine":"","date_fete":"","signification_etymologie":"","histoire_origine_prenom":"","personne_celebre":"","age_moyen":"","prenoms_derives":"","prenoms_composes":"","naissances_2024":"","genre":"","prenoms_taxonomy":"","region_stats":"","evolution_naissances":""},"taxonomy_info":{"category":[{"value":646,"label":"0-12 mois"},{"value":654,"label":"Sant\u00e9"}]},"featured_image_src_large":["https:\/\/heloa.app\/wp-content\/uploads\/2025\/01\/bebe-etends-son-bras-et-sa-jambe-du-cotede-la-tete-reflexe-tonique-asymetrique-du-cou-rtac-18649618-683x1024.jpg",683,1024,true],"author_info":{"display_name":"Heloa","author_link":"https:\/\/heloa.app\/fr\/author\/expert-heloa"},"comment_info":0,"category_info":[{"term_id":646,"name":"0-12 mois","slug":"0-12-mois","term_group":0,"term_taxonomy_id":646,"taxonomy":"category","description":"Comprenez le d\u00e9veloppement de votre b\u00e9b\u00e9 qui \u00e9volue de 0 \u00e0 12 mois. Sourire, vous faire coucou, apprendre \u00e0 parler, \u00e0 marcher, manger seul, l'accompagner dans la gestion de ses \u00e9motions, on vous explique tout.","parent":0,"count":305,"filter":"raw","cat_ID":646,"category_count":305,"category_description":"Comprenez le d\u00e9veloppement de votre b\u00e9b\u00e9 qui \u00e9volue de 0 \u00e0 12 mois. Sourire, vous faire coucou, apprendre \u00e0 parler, \u00e0 marcher, manger seul, l'accompagner dans la gestion de ses \u00e9motions, on vous explique tout.","cat_name":"0-12 mois","category_nicename":"0-12-mois","category_parent":0},{"term_id":654,"name":"Sant\u00e9","slug":"sante","term_group":0,"term_taxonomy_id":654,"taxonomy":"category","description":"","parent":646,"count":149,"filter":"raw","cat_ID":654,"category_count":149,"category_description":"","cat_name":"Sant\u00e9","category_nicename":"sante","category_parent":646}],"tag_info":false,"_links":{"self":[{"href":"https:\/\/heloa.app\/fr\/wp-json\/wp\/v2\/posts\/9718","targetHints":{"allow":["GET"]}}],"collection":[{"href":"https:\/\/heloa.app\/fr\/wp-json\/wp\/v2\/posts"}],"about":[{"href":"https:\/\/heloa.app\/fr\/wp-json\/wp\/v2\/types\/post"}],"author":[{"embeddable":true,"href":"https:\/\/heloa.app\/fr\/wp-json\/wp\/v2\/users\/4"}],"replies":[{"embeddable":true,"href":"https:\/\/heloa.app\/fr\/wp-json\/wp\/v2\/comments?post=9718"}],"version-history":[{"count":10,"href":"https:\/\/heloa.app\/fr\/wp-json\/wp\/v2\/posts\/9718\/revisions"}],"predecessor-version":[{"id":9743,"href":"https:\/\/heloa.app\/fr\/wp-json\/wp\/v2\/posts\/9718\/revisions\/9743"}],"wp:featuredmedia":[{"embeddable":true,"href":"https:\/\/heloa.app\/fr\/wp-json\/wp\/v2\/media\/9730"}],"wp:attachment":[{"href":"https:\/\/heloa.app\/fr\/wp-json\/wp\/v2\/media?parent=9718"}],"wp:term":[{"taxonomy":"category","embeddable":true,"href":"https:\/\/heloa.app\/fr\/wp-json\/wp\/v2\/categories?post=9718"},{"taxonomy":"post_tag","embeddable":true,"href":"https:\/\/heloa.app\/fr\/wp-json\/wp\/v2\/tags?post=9718"}],"curies":[{"name":"wp","href":"https:\/\/api.w.org\/{rel}","templated":true}]}}