{"id":9689,"date":"2025-01-17T01:50:22","date_gmt":"2025-01-17T00:50:22","guid":{"rendered":"https:\/\/heloa.app\/?p=9689"},"modified":"2025-01-17T01:55:56","modified_gmt":"2025-01-17T00:55:56","slug":"reflexe-de-galant","status":"publish","type":"post","link":"https:\/\/heloa.app\/fr\/blog\/0-12-mois\/sante\/reflexe-de-galant","title":{"rendered":"R\u00e9flexe de spinal de Galant chez le b\u00e9b\u00e9"},"content":{"rendered":"\n<p>Les <strong><a href=\"https:\/\/heloa.app\/blog\/0-12-mois\/developpement\/reflexes-archaiques\" data-type=\"post\" data-id=\"9677\">r\u00e9flexes archa\u00efques<\/a><\/strong> sont des mouvements automatiques qui apparaissent d\u00e8s la naissance et jouent un r\u00f4le cl\u00e9 dans le d\u00e9veloppement des b\u00e9b\u00e9s. Parmi eux, le <strong>r\u00e9flexe de Galant<\/strong> intrigue souvent les parents, surtout lorsqu\u2019il persiste ou impacte la vie quotidienne de leur enfant. Vous vous demandez peut-\u00eatre ce qu\u2019il signifie, s\u2019il est normal ou s\u2019il n\u00e9cessite une attention particuli\u00e8re ? Plongeons dans le sujet pour r\u00e9pondre \u00e0 vos questions.<\/p>\n\n\n\n<h2 class=\"wp-block-heading\"><strong>Qu\u2019est-ce que le r\u00e9flexe de Galant<\/strong><\/h2>\n\n\n\n<p>Le <strong>r\u00e9flexe de Galant<\/strong>, aussi appel\u00e9 <strong>r\u00e9flexe spinal de Galant<\/strong>, est une r\u00e9ponse automatique observ\u00e9e chez les nouveau-n\u00e9s. Lorsqu\u2019une l\u00e9g\u00e8re stimulation est appliqu\u00e9e le long de la colonne vert\u00e9brale, le b\u00e9b\u00e9 r\u00e9agit par une <strong>flexion lat\u00e9rale du tronc<\/strong>, souvent accompagn\u00e9e d\u2019un mouvement de la hanche. Ce r\u00e9flexe se d\u00e9veloppe in utero, vers la 20\u1d49 <a href=\"https:\/\/heloa.app\/fr\/blog\/grossesse\/developpement\/calcul-semaine-de-grossesse-et-date-accouchement\">semaine de grossesse<\/a>, et joue un r\u00f4le cl\u00e9 lors de l\u2019accouchement en facilitant le passage du b\u00e9b\u00e9 dans le canal ut\u00e9rin.<\/p>\n\n\n\n<h3 class=\"wp-block-heading\"><strong>Pourquoi ce r\u00e9flexe est important<\/strong><\/h3>\n\n\n\n<p>Les <strong><a href=\"https:\/\/heloa.app\/fr\/blog\/0-12-mois\/sante\/reflexes-archaiques\">r\u00e9flexes archa\u00efques<\/a><\/strong> sont des indicateurs pr\u00e9cieux de la sant\u00e9 neurologique d\u2019un nouveau-n\u00e9. Le <strong>r\u00e9flexe de Galant<\/strong> contribue \u00e9galement au d\u00e9veloppement de la <strong>posture<\/strong>, de la <strong>coordination motrice<\/strong> et du <strong>syst\u00e8me vestibulaire<\/strong>, essentiel pour l\u2019\u00e9quilibre.<\/p>\n\n\n\n<h2 class=\"wp-block-heading\"><strong>\u00c0 quel moment le r\u00e9flexe de Galant dispara\u00eet-il ?<\/strong><\/h2>\n\n\n\n<p>Le <strong>r\u00e9flexe de Galant<\/strong> est cens\u00e9 dispara\u00eetre entre 3 et 9 mois apr\u00e8s la naissance, au fur et \u00e0 mesure que le cerveau du b\u00e9b\u00e9 mature. \u00c0 ce stade, le syst\u00e8me nerveux central int\u00e8gre ces r\u00e9flexes pour permettre l\u2019\u00e9mergence de mouvements volontaires plus pr\u00e9cis.<\/p>\n\n\n\n<p>Si ce r\u00e9flexe persiste au-del\u00e0 de cette p\u00e9riode, il peut indiquer une <strong>immaturit\u00e9 neurologique<\/strong> ou une difficult\u00e9 dans l\u2019int\u00e9gration des r\u00e9flexes primitifs. Ce ph\u00e9nom\u00e8ne peut avoir des r\u00e9percussions sur le comportement, l\u2019apprentissage et le d\u00e9veloppement moteur de l\u2019enfant.<\/p>\n\n\n\n<h2 class=\"wp-block-heading\"><strong>Signes d\u2019un r\u00e9flexe de Galant persistant<\/strong><\/h2>\n\n\n\n<p>Un <strong>r\u00e9flexe de Galant<\/strong> non int\u00e9gr\u00e9 peut entra\u00eener plusieurs sympt\u00f4mes, parfois difficiles \u00e0 relier \u00e0 cette cause sp\u00e9cifique. Voici quelques manifestations courantes :<\/p>\n\n\n\n<li><strong>Hyperactivit\u00e9<\/strong> et agitation fr\u00e9quente.<\/li>\n\n\n\n<li>Difficult\u00e9s de <strong>concentration<\/strong> et de <strong>m\u00e9moire<\/strong>.<\/li>\n\n\n\n<li><strong>\u00c9nur\u00e9sie nocturne<\/strong> (pipi au lit) persistante apr\u00e8s 5 ans.<\/li>\n\n\n\n<li>Sensibilit\u00e9 tactile accrue, notamment dans la r\u00e9gion lombaire.<\/li>\n\n\n\n<li>Troubles de la posture, parfois associ\u00e9s \u00e0 une <strong>scoliose l\u00e9g\u00e8re<\/strong>.<\/li>\n\n\n\n<li>Probl\u00e8mes de <strong>coordination motrice<\/strong>, tels qu\u2019une d\u00e9marche maladroite.<\/li>\n\n\n\n<p>Vous reconnaissez certains de ces signes chez votre enfant ? Rassurez-vous, il existe des solutions adapt\u00e9es pour accompagner votre enfant.<\/p>\n\n\n\n<h2 class=\"wp-block-heading\"><strong>Comment \u00e9valuer le r\u00e9flexe de Galant ?<\/strong><\/h2>\n\n\n\n<h3 class=\"wp-block-heading\"><strong>\u00c0 la maison<\/strong><\/h3>\n\n\n\n<p>Un test simple consiste \u00e0 faire glisser doucement un doigt ou un objet non pointu le long de la colonne vert\u00e9brale de votre enfant. Observez la r\u00e9action : une courbure lat\u00e9rale prononc\u00e9e pourrait indiquer la pr\u00e9sence du r\u00e9flexe.<\/p>\n\n\n\n<h3 class=\"wp-block-heading\"><strong>Avec un professionnel<\/strong><\/h3>\n\n\n\n<p>Un p\u00e9diatre, un neurologue ou un kin\u00e9sith\u00e9rapeute peut r\u00e9aliser une \u00e9valuation plus pr\u00e9cise. Ces professionnels utilisent des protocoles standardis\u00e9s pour d\u00e9terminer si ce r\u00e9flexe est toujours actif et s\u2019il affecte d\u2019autres aspects du d\u00e9veloppement.<\/p>\n\n\n\n<h2 class=\"wp-block-heading\"><strong>Cons\u00e9quences d\u2019un r\u00e9flexe de Galant non int\u00e9gr\u00e9<\/strong><\/h2>\n\n\n\n<p>Lorsque le <strong>r\u00e9flexe de Galant<\/strong> persiste, il peut interf\u00e9rer avec les capacit\u00e9s de l\u2019enfant \u00e0 se concentrer, \u00e0 rester immobile ou \u00e0 accomplir des t\u00e2ches motrices complexes. Dans certains cas, il peut \u00eatre associ\u00e9 \u00e0 des troubles comme le <strong>TDAH<\/strong> ou des difficult\u00e9s d\u2019apprentissage.<\/p>\n\n\n\n<p>Un exemple courant : un enfant avec un r\u00e9flexe de Galant actif peut \u00eatre facilement distrait par les sensations de v\u00eatements frottant contre son dos. Imaginez \u00e0 quel point cela peut perturber sa capacit\u00e9 \u00e0 se concentrer en classe !<\/p>\n\n\n\n<h2 class=\"wp-block-heading\"><strong>Solutions pour int\u00e9grer le r\u00e9flexe de Galant<\/strong><\/h2>\n\n\n\n<h3 class=\"wp-block-heading\"><strong>Exercices sp\u00e9cifiques<\/strong><\/h3>\n\n\n\n<p>Des exercices simples peuvent aider \u00e0 int\u00e9grer ce r\u00e9flexe. Par exemple, l\u2019<strong>exercice du crocodile<\/strong>, qui consiste \u00e0 <a href=\"https:\/\/heloa.app\/fr\/blog\/0-12-mois\/developpement\/a-quel-age-bebe-rampe\">ramper<\/a> lentement tout en maintenant une position stable, est souvent recommand\u00e9. Ces mouvements aident \u00e0 renforcer la coordination entre le cerveau et le corps.<\/p>\n\n\n\n<h3 class=\"wp-block-heading\"><strong>Techniques de stimulation<\/strong><\/h3>\n\n\n\n<p>Le massage doux du bas du dos et des hanches peut \u00e9galement favoriser l\u2019int\u00e9gration du <strong>r\u00e9flexe de Galant<\/strong>. Cette approche peut \u00eatre particuli\u00e8rement utile pour les enfants sensibles aux stimulations tactiles.<\/p>\n\n\n\n<h3 class=\"wp-block-heading\"><strong>Th\u00e9rapies professionnelles<\/strong><\/h3>\n\n\n\n<li>La <strong>kin\u00e9siologie<\/strong> \u00e9ducative, qui utilise des mouvements cibl\u00e9s pour r\u00e9\u00e9quilibrer le syst\u00e8me nerveux.<\/li>\n\n\n\n<li>Les th\u00e9rapies motrices, souvent propos\u00e9es par des ergoth\u00e9rapeutes, peuvent \u00eatre adapt\u00e9es aux besoins sp\u00e9cifiques de l\u2019enfant.<\/li>\n\n\n\n<h2 class=\"wp-block-heading\"><strong>Le lien avec les troubles de l\u2019apprentissage<\/strong><\/h2>\n\n\n\n<p>Le <strong>r\u00e9flexe de Galant<\/strong> peut jouer un r\u00f4le dans certains troubles de l\u2019apprentissage. En interf\u00e9rant avec la capacit\u00e9 de l\u2019enfant \u00e0 rester immobile ou \u00e0 maintenir une posture assise stable, il peut rendre l\u2019\u00e9criture, la lecture ou la r\u00e9solution de probl\u00e8mes plus difficiles.<\/p>\n\n\n\n<p>Cependant, chaque enfant est unique, et il est essentiel de consulter un professionnel pour \u00e9valuer la situation. De nombreux parents constatent des am\u00e9liorations significatives apr\u00e8s quelques mois de suivi.<\/p>\n\n\n\n<h2 class=\"wp-block-heading\"><strong>Les questions des parents<\/strong><\/h2>\n\n\n\n<h3 class=\"wp-block-heading\"><strong>Comment savoir si le r\u00e9flexe persiste ?<\/strong><\/h3>\n\n\n\n<p>Des signes comme l\u2019hyperactivit\u00e9, l\u2019\u00e9nur\u00e9sie ou des troubles de la posture peuvent indiquer qu\u2019il persiste. Consultez un professionnel pour un diagnostic.<\/p>\n\n\n\n<h3 class=\"wp-block-heading\"><strong>Le r\u00e9flexe de Galant peut-il affecter la posture \u00e0 long terme ?<\/strong><\/h3>\n\n\n\n<p>Oui, s\u2019il persiste, il peut entra\u00eener des d\u00e9s\u00e9quilibres posturaux comme une <strong>scoliose l\u00e9g\u00e8re<\/strong> ou une <strong>instabilit\u00e9 posturale<\/strong>. Ces effets peuvent causer une d\u00e9marche maladroite ou des tensions dorsales. Une intervention pr\u00e9coce est essentielle pour \u00e9viter ces impacts.<\/p>\n\n\n\n<h3 class=\"wp-block-heading\"><strong>Comment tester le r\u00e9flexe de Galant chez un nouveau-n\u00e9 ?<\/strong><\/h3>\n\n\n\n<p>Le test du r\u00e9flexe de Galant est simple et sans douleur. Voici comment proc\u00e9der :<\/p>\n\n\n\n<li><strong>Positionner le b\u00e9b\u00e9<\/strong> : Placez le nouveau-n\u00e9 sur le ventre (position couch\u00e9e) sur une surface plane et s\u00e9curis\u00e9e.<\/li>\n\n\n\n<li><strong>Stimuler la colonne vert\u00e9brale<\/strong> : Utilisez un doigt ou un objet arrondi non pointu et glissez-le doucement le long d\u2019un c\u00f4t\u00e9 de la colonne vert\u00e9brale, de la r\u00e9gion lombaire jusqu\u2019au milieu du dos.<\/li>\n\n\n\n<li><strong>Observer la r\u00e9action<\/strong> : Si le r\u00e9flexe est pr\u00e9sent, le b\u00e9b\u00e9 courbera son tronc du c\u00f4t\u00e9 stimul\u00e9, et sa hanche pourra l\u00e9g\u00e8rement se relever.<\/li>\n\n\n\n<p>Ce test est g\u00e9n\u00e9ralement effectu\u00e9 par des professionnels de sant\u00e9, comme un p\u00e9diatre ou un kin\u00e9sith\u00e9rapeute, lors des bilans de sant\u00e9 pour \u00e9valuer le d\u00e9veloppement neurologique. Si vous le r\u00e9alisez \u00e0 la maison et observez une r\u00e9ponse inhabituelle ou asym\u00e9trique, consultez un sp\u00e9cialiste pour un avis m\u00e9dical.<\/p>\n\n\n\n<p>Faire face \u00e0 ces d\u00e9fis peut \u00eatre d\u00e9stabilisant, mais rappelez-vous qu\u2019il existe des solutions. Parlez-en \u00e0 votre p\u00e9diatre ou \u00e0 un th\u00e9rapeute sp\u00e9cialis\u00e9 pour \u00e9laborer un plan adapt\u00e9 \u00e0 votre enfant.<\/p>\n\n\n\n<p>Vous pouvez \u00e9galement t\u00e9l\u00e9charger l\u2019<u><a href=\"https:\/\/app.adjust.com\/1g586ft8\" target=\"_blank\" rel=\"noopener\">application Heloa<\/a><\/u>, qui propose des <strong>conseils personnalis\u00e9s<\/strong> et des questionnaires de sant\u00e9 gratuits pour suivre le d\u00e9veloppement de votre enfant.<\/p>\n\n\n\n<p><\/p>\n\n\n\n<p><strong>Pour aller plus loin :<\/strong><\/p>\n\n\n\n<li><u><a href=\"https:\/\/www.reflexion-movement.com\/ressources\/reflexe-de-galant.html\" target=\"_blank\" rel=\"noopener\">Le r\u00e9flexe de Galant et ses implications<\/a><\/u><\/li>\n\n\n\n<li><u><a href=\"https:\/\/www.atelier-des-apprentissages.com\/blog\/tdah\/\" target=\"_blank\" rel=\"noopener\">Le TDAH et le r\u00e9flexe Spinal de Galant<\/a><\/u><\/li>\n\n\n\n<li><u><a href=\"https:\/\/www.reflexes.org\/reflexes-archaiques-et-apprentissage\/\" target=\"_blank\" rel=\"noopener\">Les r\u00e9flexes archa\u00efques et l&rsquo;apprentissage<\/a><\/u><\/li>\n","protected":false},"excerpt":{"rendered":"<p>Le r\u00e9flexe de Galant joue un r\u00f4le cl\u00e9 chez le b\u00e9b\u00e9. D\u00e9couvrez comment le reconna\u00eetre, son impact et les solutions pour l\u2019int\u00e9grer.<\/p>\n","protected":false},"author":4,"featured_media":9691,"comment_status":"closed","ping_status":"closed","sticky":false,"template":"","format":"standard","meta":{"_acf_changed":false,"_kad_blocks_custom_css":"","_kad_blocks_head_custom_js":"","_kad_blocks_body_custom_js":"","_kad_blocks_footer_custom_js":"","_kad_post_transparent":"","_kad_post_title":"","_kad_post_layout":"","_kad_post_sidebar_id":"","_kad_post_content_style":"","_kad_post_vertical_padding":"","_kad_post_feature":"","_kad_post_feature_position":"","_kad_post_header":false,"_kad_post_footer":false,"_kad_post_classname":"","rank_math_title":"R\u00e9flexe de Galant : impact et r\u00f4le dans le d\u00e9veloppement","rank_math_description":"Le r\u00e9flexe de Galant joue un r\u00f4le cl\u00e9 chez le b\u00e9b\u00e9. D\u00e9couvrez comment le reconna\u00eetre, son impact et les solutions pour l\u2019int\u00e9grer.","rank_math_focus_keyword":"r\u00e9flexe de Galant","rank_math_primary_category":654,"ilj_linkdefinition":["r\u00e9flexe de Galant","R\u00e9flexe de spinal de Galant"],"footnotes":""},"categories":[654,646],"tags":[],"class_list":["post-9689","post","type-post","status-publish","format-standard","has-post-thumbnail","hentry","category-sante","category-0-12-mois"],"acf":{"prestation_table":"","technical_table":"","nom_professionnel":"","numero_telephone":"","convention_cas":"","contrat_acces_aux_soins":"","sesam_vitale":"","coordonnees":"","adresse":"","profession":"","numero_rpps":"","profession_description":"","commune":"","departement":"","prenom":"","origine":"","date_fete":"","signification_etymologie":"","histoire_origine_prenom":"","personne_celebre":"","age_moyen":"","prenoms_derives":"","prenoms_composes":"","naissances_2024":"","genre":"","prenoms_taxonomy":"","region_stats":"","evolution_naissances":""},"taxonomy_info":{"category":[{"value":654,"label":"Sant\u00e9"},{"value":646,"label":"0-12 mois"}]},"featured_image_src_large":["https:\/\/heloa.app\/wp-content\/uploads\/2025\/01\/test-du-reflexe-de-galant-sur-dos-bebe-5889962-1024x683.jpg",1024,683,true],"author_info":{"display_name":"Heloa","author_link":"https:\/\/heloa.app\/fr\/author\/expert-heloa"},"comment_info":0,"category_info":[{"term_id":654,"name":"Sant\u00e9","slug":"sante","term_group":0,"term_taxonomy_id":654,"taxonomy":"category","description":"","parent":646,"count":149,"filter":"raw","cat_ID":654,"category_count":149,"category_description":"","cat_name":"Sant\u00e9","category_nicename":"sante","category_parent":646},{"term_id":646,"name":"0-12 mois","slug":"0-12-mois","term_group":0,"term_taxonomy_id":646,"taxonomy":"category","description":"Comprenez le d\u00e9veloppement de votre b\u00e9b\u00e9 qui \u00e9volue de 0 \u00e0 12 mois. Sourire, vous faire coucou, apprendre \u00e0 parler, \u00e0 marcher, manger seul, l'accompagner dans la gestion de ses \u00e9motions, on vous explique tout.","parent":0,"count":305,"filter":"raw","cat_ID":646,"category_count":305,"category_description":"Comprenez le d\u00e9veloppement de votre b\u00e9b\u00e9 qui \u00e9volue de 0 \u00e0 12 mois. Sourire, vous faire coucou, apprendre \u00e0 parler, \u00e0 marcher, manger seul, l'accompagner dans la gestion de ses \u00e9motions, on vous explique tout.","cat_name":"0-12 mois","category_nicename":"0-12-mois","category_parent":0}],"tag_info":false,"_links":{"self":[{"href":"https:\/\/heloa.app\/fr\/wp-json\/wp\/v2\/posts\/9689","targetHints":{"allow":["GET"]}}],"collection":[{"href":"https:\/\/heloa.app\/fr\/wp-json\/wp\/v2\/posts"}],"about":[{"href":"https:\/\/heloa.app\/fr\/wp-json\/wp\/v2\/types\/post"}],"author":[{"embeddable":true,"href":"https:\/\/heloa.app\/fr\/wp-json\/wp\/v2\/users\/4"}],"replies":[{"embeddable":true,"href":"https:\/\/heloa.app\/fr\/wp-json\/wp\/v2\/comments?post=9689"}],"version-history":[{"count":1,"href":"https:\/\/heloa.app\/fr\/wp-json\/wp\/v2\/posts\/9689\/revisions"}],"predecessor-version":[{"id":9694,"href":"https:\/\/heloa.app\/fr\/wp-json\/wp\/v2\/posts\/9689\/revisions\/9694"}],"wp:featuredmedia":[{"embeddable":true,"href":"https:\/\/heloa.app\/fr\/wp-json\/wp\/v2\/media\/9691"}],"wp:attachment":[{"href":"https:\/\/heloa.app\/fr\/wp-json\/wp\/v2\/media?parent=9689"}],"wp:term":[{"taxonomy":"category","embeddable":true,"href":"https:\/\/heloa.app\/fr\/wp-json\/wp\/v2\/categories?post=9689"},{"taxonomy":"post_tag","embeddable":true,"href":"https:\/\/heloa.app\/fr\/wp-json\/wp\/v2\/tags?post=9689"}],"curies":[{"name":"wp","href":"https:\/\/api.w.org\/{rel}","templated":true}]}}