{"id":9677,"date":"2025-01-17T01:42:46","date_gmt":"2025-01-17T00:42:46","guid":{"rendered":"https:\/\/heloa.app\/?p=9677"},"modified":"2025-01-28T01:49:05","modified_gmt":"2025-01-28T00:49:05","slug":"reflexes-archaiques","status":"publish","type":"post","link":"https:\/\/heloa.app\/fr\/blog\/0-12-mois\/sante\/reflexes-archaiques","title":{"rendered":"Les r\u00e9flexes archa\u00efques : comprendre le r\u00f4le et l&rsquo;importance des r\u00e9flexes primitifs"},"content":{"rendered":"\n<p>Les <strong>r\u00e9flexes archa\u00efques<\/strong> fascinent autant qu\u2019ils inqui\u00e8tent certains parents lorsqu\u2019ils observent les mouvements instinctifs de leur b\u00e9b\u00e9. Ces r\u00e9flexes, pr\u00e9sents d\u00e8s la naissance, sont des r\u00e9ponses automatiques du corps \u00e0 des <strong>stimuli sensoriels<\/strong>. Mais pourquoi sont-ils l\u00e0 ? Que signifient-ils ? Et que faire si ces r\u00e9flexes semblent persister ou disparaissent trop t\u00f4t ? Explorons ensemble ce que ces m\u00e9canismes r\u00e9v\u00e8lent sur le d\u00e9veloppement de votre enfant.<\/p>\n\n\n\n<h2 class=\"wp-block-heading\"><strong>Qu\u2019est-ce qu\u2019un r\u00e9flexe archa\u00efque ?<\/strong><\/h2>\n\n\n\n<p>Les r\u00e9flexes archa\u00efques (aussi appel\u00e9s r\u00e9flexes primitifs) sont des <strong>mouvements automatiques et involontaires<\/strong> qui apparaissent d\u00e8s les premiers mois de vie, voire pendant la grossesse. Ils sont orchestr\u00e9s par le <strong>syst\u00e8me nerveux central<\/strong>, encore en pleine maturation. Ces r\u00e9actions permettent de r\u00e9pondre imm\u00e9diatement \u00e0 des stimuli externes, comme un bruit soudain ou un contact tactile.<\/p>\n\n\n\n<p>Par exemple, si vous effleurez doucement la joue de votre nouveau-n\u00e9, vous remarquerez peut-\u00eatre qu\u2019il tourne la t\u00eate dans cette direction pour chercher le sein ou le biberon. Ce geste, appel\u00e9 <strong><a href=\"https:\/\/heloa.app\/fr\/blog\/0-12-mois\/sante\/reflexe-des-points-cardinaux\">r\u00e9flexe des points cardinaux<\/a><\/strong>, est essentiel pour l\u2019allaitement.<\/p>\n\n\n\n<p>Ces r\u00e9flexes, bien que temporaires, jouent un r\u00f4le crucial dans les premiers stades de la vie. Ils contribuent non seulement \u00e0 la <strong>survie du nourrisson<\/strong>, mais aussi \u00e0 la pr\u00e9paration de son corps pour des mouvements plus complexes, comme <a href=\"https:\/\/heloa.app\/fr\/blog\/0-12-mois\/developpement\/a-quel-age-bebe-rampe\">ramper<\/a>, marcher ou attraper des objets.<\/p>\n\n\n\n<h2 class=\"wp-block-heading\"><strong>Les 11 principaux r\u00e9flexes archa\u00efques \u00e0 conna\u00eetre<\/strong><\/h2>\n\n\n\n<p>Les <strong>r\u00e9flexes archa\u00efques<\/strong> sont des indicateurs pr\u00e9cieux du d\u00e9veloppement neurologique de votre b\u00e9b\u00e9. Leur observation, leur disparition progressive et leur int\u00e9gration dans des comportements plus complexes jouent un r\u00f4le essentiel pour une croissance harmonieuse. Si vous remarquez des anomalies, comme la persistance ou l&rsquo;absence de certains r\u00e9flexes, il est important de consulter un professionnel de sant\u00e9.<\/p>\n\n\n\n<h3 class=\"wp-block-heading\"><strong>R\u00e9flexe de Moro<\/strong><\/h3>\n\n\n\n<p>Le <a href=\"https:\/\/heloa.app\/blog\/0-12-mois\/developpement\/reflexe-de-moro\" data-type=\"post\" data-id=\"9359\">r\u00e9flexe de Moro<\/a> appara\u00eet souvent lorsque le b\u00e9b\u00e9 est surpris, par exemple par un bruit fort ou un mouvement brusque. Le b\u00e9b\u00e9 \u00e9carte soudainement les bras, comme s\u2019il cherchait \u00e0 s\u2019agripper. Bien que ce r\u00e9flexe puisse sembler impressionnant, il s\u2019agit d\u2019une r\u00e9ponse normale qui tend \u00e0 dispara\u00eetre vers 4 <a href=\"https:\/\/heloa.app\/fr\/blog\/0-12-mois\/developpement\/bebe-6-mois\">\u00e0 6 mois<\/a>.<\/p>\n\n\n\n<h3 class=\"wp-block-heading\"><strong>R\u00e9flexe de succion<\/strong><\/h3>\n\n\n\n<p>D\u00e8s la naissance, un b\u00e9b\u00e9 est capable de <strong>t\u00e9ter instinctivement<\/strong>. <a href=\"https:\/\/heloa.app\/blog\/0-12-mois\/developpement\/reflexe-de-succion\" data-type=\"post\" data-id=\"9340\">Le r\u00e9flexe de succion est essentiel pour l\u2019alimentation<\/a>, qu\u2019il s\u2019agisse de l\u2019allaitement au sein ou du biberon. Si vous touchez doucement le palais du b\u00e9b\u00e9, il commencera imm\u00e9diatement \u00e0 sucer. Ce r\u00e9flexe s\u2019estompe lorsque le nourrisson commence \u00e0 d\u00e9velopper des mouvements de succion volontaires, g\u00e9n\u00e9ralement autour de 6 mois.<\/p>\n\n\n\n<h3 class=\"wp-block-heading\"><strong>R\u00e9flexe d&rsquo;agrippement palmaire (\u00ab&nbsp;grasping&nbsp;\u00bb)<\/strong><\/h3>\n\n\n\n<p>Lorsque vous placez un doigt dans la paume de votre b\u00e9b\u00e9, il referme instinctivement ses petits doigts autour. Ce <a href=\"https:\/\/heloa.app\/blog\/0-12-mois\/developpement\/reflexe-de-grasping-agrippement-prehension\" data-type=\"post\" data-id=\"9367\">r\u00e9flexe de pr\u00e9hension, \u00e9galement appel\u00e9 <strong>\u00ab\u00a0grasping\u00a0\u00bb<\/strong><\/a>, dispara\u00eet g\u00e9n\u00e9ralement vers 5 \u00e0 6 mois, laissant place \u00e0 une prise volontaire.<\/p>\n\n\n\n<h3 class=\"wp-block-heading\"><strong>R\u00e9flexe tonique asym\u00e9trique du cou (\u00ab&nbsp;fencing&nbsp;\u00bb)<\/strong><\/h3>\n\n\n\n<p>Le <a href=\"https:\/\/heloa.app\/blog\/0-12-mois\/sante\/rtac-reflexe-tonique-asymetrique-du-cou\" data-type=\"post\" data-id=\"9718\">r\u00e9flexe tonique asym\u00e9trique du cou<\/a> (aussi connu sous le nom de <strong>r\u00e9flexe du \u00ab&nbsp;fencing&nbsp;\u00bb ou r\u00e9flexe de l&rsquo;escrimeur<\/strong>) se manifeste lorsque la t\u00eate du b\u00e9b\u00e9 tourne d\u2019un c\u00f4t\u00e9 : le bras du m\u00eame c\u00f4t\u00e9 s\u2019\u00e9tend, tandis que l\u2019autre se plie. Il dispara\u00eet habituellement vers 6 mois pour permettre le d\u00e9veloppement d\u2019un contr\u00f4le moteur plus \u00e9quilibr\u00e9.<\/p>\n\n\n\n<h3 class=\"wp-block-heading\"><strong>R\u00e9flexe de Galant<\/strong><\/h3>\n\n\n\n<p>Le <strong><a href=\"https:\/\/heloa.app\/blog\/0-12-mois\/sante\/reflexe-de-galant\" data-type=\"post\" data-id=\"9689\">r\u00e9flexe de Galant<\/a><\/strong> se d\u00e9clenche lorsque l\u2019on stimule doucement un c\u00f4t\u00e9 du dos du b\u00e9b\u00e9, le long de la colonne vert\u00e9brale. Le b\u00e9b\u00e9 courbe son corps vers le c\u00f4t\u00e9 stimul\u00e9, une r\u00e9action qui rappelle les mouvements n\u00e9cessaires pour ramper ou marcher. Le <a href=\"https:\/\/heloa.app\/fr\/blog\/0-12-mois\/sante\/reflexe-de-galant\">r\u00e9flexe de Galant<\/a> dispara\u00eet habituellement autour de 6 mois.<\/p>\n\n\n\n<h3 class=\"wp-block-heading\"><strong>R\u00e9flexe des points cardinaux<\/strong><\/h3>\n\n\n\n<p>Si vous touchez doucement la joue d\u2019un nouveau-n\u00e9, il tournera instinctivement la t\u00eate dans cette direction, cherchant la source de la stimulation avec sa bouche ouverte. Ce <strong><a href=\"https:\/\/heloa.app\/blog\/0-12-mois\/sante\/reflexe-des-points-cardinaux\" data-type=\"post\" data-id=\"9697\">r\u00e9flexe des points cardinaux<\/a><\/strong> est essentiel pour l\u2019allaitement, car il aide le b\u00e9b\u00e9 \u00e0 trouver le sein ou le biberon. Il dispara\u00eet g\u00e9n\u00e9ralement autour de 3 <a href=\"https:\/\/heloa.app\/fr\/blog\/0-12-mois\/developpement\/bebe-4-mois\">\u00e0 4 mois<\/a>, lorsque le b\u00e9b\u00e9 commence \u00e0 <strong>coordonner ses mouvements<\/strong> pour t\u00e9ter de mani\u00e8re plus volontaire.<\/p>\n\n\n\n<h3 class=\"wp-block-heading\"><strong>R\u00e9flexe cutan\u00e9 plantaire (Babinski)<\/strong><\/h3>\n\n\n\n<p>Le <a href=\"https:\/\/heloa.app\/blog\/0-12-mois\/sante\/reflexe-cutane-plantaire-de-babinski\" data-type=\"post\" data-id=\"9707\">r<strong>\u00e9flexe cutan\u00e9 plantaire<\/strong><\/a> se manifeste lorsque vous frottez l\u00e9g\u00e8rement la plante du pied du b\u00e9b\u00e9, du talon vers les orteils. Les orteils s\u2019\u00e9cartent en \u00e9ventail, une r\u00e9ponse normale chez les nourrissons. Ce r\u00e9flexe dispara\u00eet g\u00e9n\u00e9ralement vers 11 mois et est remplac\u00e9 par une r\u00e9ponse inverse (les orteils se recourbent), indiquant u<strong>ne maturation du syst\u00e8me nerveux<\/strong>.<\/p>\n\n\n\n<h3 class=\"wp-block-heading\"><strong>R\u00e9flexe de ramper<\/strong><\/h3>\n\n\n\n<p>Si vous placez le b\u00e9b\u00e9 sur le ventre, il effectuera des mouvements de jambes qui ressemblent \u00e0 un d\u00e9but de rampement. Le <strong><a href=\"https:\/\/heloa.app\/blog\/0-12-mois\/sante\/reflexe-de-ramper\" data-type=\"post\" data-id=\"9734\">r\u00e9flexe de ramper<\/a><\/strong> pr\u00e9pare les muscles pour les mouvements volontaires ult\u00e9rieurs comme ramper ou marcher. Il dispara\u00eet g\u00e9n\u00e9ralement autour de 3 mois, lorsque le b\u00e9b\u00e9 commence \u00e0 d\u00e9velopper une meilleure coordination motrice.<\/p>\n\n\n\n<h3 class=\"wp-block-heading\"><strong>R\u00e9flexe de la marche automatique<\/strong><\/h3>\n\n\n\n<p>En tenant un nouveau-n\u00e9 sous les bras et en laissant ses pieds toucher une surface plane, vous observerez des mouvements altern\u00e9s de jambes qui ressemblent \u00e0 de la marche. Bien que cela ne soit pas une vraie marche, ce <strong><a href=\"https:\/\/heloa.app\/blog\/0-12-mois\/sante\/reflexe-de-la-marche-automatique\" data-type=\"post\" data-id=\"10018\">r\u00e9flexe de la marche automatique<\/a> <\/strong>contribue au d\u00e9veloppement musculaire et dispara\u00eet autour de 2 mois.<\/p>\n\n\n\n<h3 class=\"wp-block-heading\"><strong>R\u00e9flexe de nage<\/strong><\/h3>\n\n\n\n<p>Lorsque le b\u00e9b\u00e9 est plac\u00e9 dans l\u2019eau (sous surveillance stricte), il effectue des mouvements de bras et de jambes similaires \u00e0 la nage, tout en retenant instinctivement sa respiration. Ce <strong><a href=\"https:\/\/heloa.app\/blog\/0-12-mois\/sante\/reflexe-de-nage\" data-type=\"post\" data-id=\"10010\">r\u00e9flexe de nage<\/a><\/strong> t\u00e9moigne des capacit\u00e9s naturelles du nourrisson \u00e0 s\u2019adapter temporairement \u00e0 un environnement aquatique. Il diminue g\u00e9n\u00e9ralement autour de 6 mois.<\/p>\n\n\n\n<h3 class=\"wp-block-heading\"><strong>R\u00e9flexe de Perez<\/strong><\/h3>\n\n\n\n<p>Le <strong><a href=\"https:\/\/heloa.app\/blog\/0-12-mois\/developpement\/reflexe-de-perez-role-et-impact\" data-type=\"post\" data-id=\"9382\">r\u00e9flexe de Perez<\/a><\/strong> appara\u00eet lorsque vous stimulez doucement la colonne vert\u00e9brale du b\u00e9b\u00e9, de la nuque au bas du dos. Cette stimulation provoque un <strong>soul\u00e8vement du bassin<\/strong>, une <strong>extension des jambes<\/strong> et une <strong>inclinaison de la t\u00eate<\/strong>.<\/p>\n\n\n\n<p>Pr\u00e9sent d\u00e8s la naissance, il dispara\u00eet vers <strong>2 <a href=\"https:\/\/heloa.app\/fr\/blog\/0-12-mois\/developpement\/bebe-3-mois\">\u00e0 3 mois<\/a><\/strong>. Son absence ou sa persistance peut indiquer un retard neurologique, n\u00e9cessitant un avis m\u00e9dical.<\/p>\n\n\n<style>.kb-image9677_dffc52-20.kb-image-is-ratio-size, .kb-image9677_dffc52-20 .kb-image-is-ratio-size{max-width:615px;width:100%;}.wp-block-kadence-column > .kt-inside-inner-col > .kb-image9677_dffc52-20.kb-image-is-ratio-size, .wp-block-kadence-column > .kt-inside-inner-col > .kb-image9677_dffc52-20 .kb-image-is-ratio-size{align-self:unset;}.kb-image9677_dffc52-20{max-width:615px;}.image-is-svg.kb-image9677_dffc52-20{-webkit-flex:0 1 100%;flex:0 1 100%;}.image-is-svg.kb-image9677_dffc52-20 img{width:100%;}.kb-image9677_dffc52-20 .kb-image-has-overlay:after{opacity:0.3;}<\/style>\n<figure class=\"wp-block-kadence-image kb-image9677_dffc52-20 size-large\"><img loading=\"lazy\" decoding=\"async\" width=\"1024\" height=\"683\" src=\"https:\/\/heloa.app\/wp-content\/uploads\/2025\/01\/main-bebe-aggripe-doigt-reflexes-archaiques-208189-1024x683.jpg\" alt=\"main-b\u00e9b\u00e9-aggripe-doigt-r\u00e9flexes-archa\u00efques\" class=\"kb-img wp-image-9685\" srcset=\"https:\/\/heloa.app\/wp-content\/uploads\/2025\/01\/main-bebe-aggripe-doigt-reflexes-archaiques-208189-1024x683.jpg 1024w, https:\/\/heloa.app\/wp-content\/uploads\/2025\/01\/main-bebe-aggripe-doigt-reflexes-archaiques-208189-300x200.jpg 300w, https:\/\/heloa.app\/wp-content\/uploads\/2025\/01\/main-bebe-aggripe-doigt-reflexes-archaiques-208189-768x512.jpg 768w, https:\/\/heloa.app\/wp-content\/uploads\/2025\/01\/main-bebe-aggripe-doigt-reflexes-archaiques-208189-1536x1024.jpg 1536w, https:\/\/heloa.app\/wp-content\/uploads\/2025\/01\/main-bebe-aggripe-doigt-reflexes-archaiques-208189-2048x1365.jpg 2048w\" sizes=\"auto, (max-width: 1024px) 100vw, 1024px\" \/><\/figure>\n\n\n\n<h2 class=\"wp-block-heading\"><strong>Pourquoi ces r\u00e9flexes primitifs sont-ils si importants ?<\/strong><\/h2>\n\n\n\n<p>Les r\u00e9flexes archa\u00efques ne sont pas l\u00e0 par hasard. Ils assurent des fonctions essentielles d\u00e8s les premi\u00e8res semaines de vie :<\/p>\n\n\n\n<li><strong>Survie imm\u00e9diate<\/strong> : le <a href=\"https:\/\/heloa.app\/fr\/blog\/0-12-mois\/developpement\/reflexe-de-succion\">r\u00e9flexe de succion<\/a> garantit que le b\u00e9b\u00e9 puisse se nourrir.<\/li>\n\n\n\n<li><strong>D\u00e9veloppement moteur<\/strong> : en stimulant les muscles et les articulations, ces r\u00e9flexes pr\u00e9parent le b\u00e9b\u00e9 \u00e0 des mouvements plus coordonn\u00e9s.<\/li>\n\n\n\n<li><strong>D\u00e9veloppement neurologique<\/strong> : ils permettent au cerveau de se connecter aux diff\u00e9rentes parties du corps, favorisant ainsi la <strong>plasticit\u00e9 neuronale<\/strong>.<\/li>\n\n\n\n<h2 class=\"wp-block-heading\"><strong>Quand s\u2019inqui\u00e9ter de la persistance ou de l\u2019absence des r\u00e9flexes primitifs ?<\/strong><\/h2>\n\n\n\n<p>Il arrive que certains r\u00e9flexes archa\u00efques persistent au-del\u00e0 de l\u2019\u00e2ge attendu ou disparaissent trop t\u00f4t. Dans ces cas, ils peuvent indiquer un probl\u00e8me sous-jacent, comme un retard dans le <a href=\"https:\/\/heloa.app\/wp-content\/uploads\/2024\/09\/photo-1576091160550-2173dba999ef-2.jpg\" data-type=\"attachment\" data-id=\"5904\"><strong>d\u00e9veloppement neurologique<\/strong> ou des troubles du spectre autistique<\/a>.<\/p>\n\n\n\n<p>Signes \u00e0 surveiller :<\/p>\n\n\n\n<li><strong>R\u00e9flexes persistants<\/strong> apr\u00e8s 6 \u00e0 11 mois.<\/li>\n\n\n\n<li><strong>R\u00e9flexes asym\u00e9triques<\/strong> : si un c\u00f4t\u00e9 du corps r\u00e9pond diff\u00e9remment \u00e0 un stimulus.<\/li>\n\n\n\n<li>Absence totale de certains r\u00e9flexes, comme le <a href=\"https:\/\/heloa.app\/fr\/blog\/0-12-mois\/developpement\/reflexe-de-moro\">r\u00e9flexe de Moro<\/a>, d\u00e8s les premi\u00e8res semaines.<\/li>\n\n\n\n<p>Si vous remarquez un de ces signes, il est essentiel de consulter un professionnel de sant\u00e9 pour une \u00e9valuation approfondie.<\/p>\n\n\n\n<h2 class=\"wp-block-heading\"><strong>Comment favoriser le bon d\u00e9veloppement des r\u00e9flexes ?<\/strong><\/h2>\n\n\n\n<h3 class=\"wp-block-heading\"><strong>Stimulez doucement votre b\u00e9b\u00e9<\/strong><\/h3>\n\n\n\n<p>Vous pouvez encourager le d\u00e9veloppement des r\u00e9flexes et leur int\u00e9gration naturelle en proposant des <strong>jeux adapt\u00e9s<\/strong>, comme des contacts doux sur les mains ou les pieds. Ces stimulations simples aident \u00e0 renforcer la coordination et l\u2019\u00e9quilibre.<\/p>\n\n\n\n<h3 class=\"wp-block-heading\"><strong>Offrez un environnement s\u00e9curisant<\/strong><\/h3>\n\n\n\n<p>Les r\u00e9flexes primitifs \u00e9tant souvent activ\u00e9s par des stimuli soudains, veillez \u00e0 ce que votre b\u00e9b\u00e9 \u00e9volue dans un espace calme et rassurant. Cela favorisera une r\u00e9ponse d\u00e9tendue et \u00e9vitera des suractivations inutiles.<\/p>\n\n\n\n<h3 class=\"wp-block-heading\"><strong>Consultez un sp\u00e9cialiste si n\u00e9cessaire<\/strong><\/h3>\n\n\n\n<p>En cas de doute, un kin\u00e9sith\u00e9rapeute ou un psychomotricien sp\u00e9cialis\u00e9 dans les <strong>r\u00e9flexes primitifs<\/strong> peut proposer des exercices adapt\u00e9s pour aider votre enfant \u00e0 les int\u00e9grer correctement.<\/p>\n\n\n\n<h2 class=\"wp-block-heading\"><strong>Les questions des parents<\/strong><\/h2>\n\n\n\n<h3 class=\"wp-block-heading\"><strong>Les r\u00e9flexes archa\u00efques peuvent-ils r\u00e9appara\u00eetre \u00e0 l&rsquo;\u00e2ge adulte ?<\/strong><\/h3>\n\n\n\n<p>Oui, les r\u00e9flexes archa\u00efques peuvent r\u00e9appara\u00eetre \u00e0 l&rsquo;\u00e2ge adulte, g\u00e9n\u00e9ralement en cas de <strong>l\u00e9sions c\u00e9r\u00e9brales<\/strong> ou de troubles neurologiques, comme un accident vasculaire c\u00e9r\u00e9bral, une d\u00e9mence ou un traumatisme cr\u00e2nien. Cela indique une d\u00e9sorganisation du syst\u00e8me nerveux central et n\u00e9cessite une \u00e9valuation m\u00e9dicale approfondie.<\/p>\n\n\n\n<p><strong>Quels sont les signes indiquant une int\u00e9gration inad\u00e9quate des r\u00e9flexes archa\u00efques ?<\/strong><\/p>\n\n\n\n<p>Une int\u00e9gration inad\u00e9quate peut se manifester par des <strong>troubles de la coordination<\/strong>, des difficult\u00e9s d\u2019apprentissage, des probl\u00e8mes de posture ou des comportements impulsifs. Par exemple, un enfant ayant du mal \u00e0 rester assis sans bouger pourrait avoir un <a href=\"https:\/\/heloa.app\/fr\/blog\/0-12-mois\/sante\/rtac-reflexe-tonique-asymetrique-du-cou\">r\u00e9flexe tonique asym\u00e9trique du cou<\/a> non int\u00e9gr\u00e9. Une consultation avec un sp\u00e9cialiste est recommand\u00e9e.<\/p>\n\n\n\n<p><strong>Existe-t-il des exercices pour aider \u00e0 l&rsquo;int\u00e9gration des r\u00e9flexes archa\u00efques chez l&rsquo;enfant ?<\/strong><\/p>\n\n\n\n<p>Oui, certains exercices, comme les <strong>mouvements rythmiques<\/strong> ou des activit\u00e9s motrices sp\u00e9cifiques, peuvent aider \u00e0 int\u00e9grer ces r\u00e9flexes. Ces exercices sont souvent guid\u00e9s par un kin\u00e9sith\u00e9rapeute ou un psychomotricien et sont adapt\u00e9s aux besoins de l\u2019enfant pour stimuler la maturation neurologique.<\/p>\n\n\n\n<p><\/p>\n\n\n\n<p>Les <strong>r\u00e9flexes archa\u00efques<\/strong> sont une \u00e9tape naturelle et fascinante du d\u00e9veloppement de votre b\u00e9b\u00e9. Ils t\u00e9moignent de la croissance de son <strong>syst\u00e8me nerveux<\/strong> et leur int\u00e9gration progressive est un signe positif de son \u00e9volution.<\/p>\n\n\n\n<p>Pour suivre au mieux le d\u00e9veloppement de votre enfant et obtenir des conseils personnalis\u00e9s, t\u00e9l\u00e9chargez d\u00e8s maintenant l&rsquo;<u><a href=\"https:\/\/app.adjust.com\/1g586ft8\" target=\"_blank\" rel=\"noopener\">application Heloa<\/a><\/u>. Vous y trouverez des questionnaires de sant\u00e9 gratuits et des recommandations adapt\u00e9es pour chaque \u00e9tape de la vie de votre b\u00e9b\u00e9.<\/p>\n\n\n\n<p>Chaque enfant \u00e9volue \u00e0 son propre rythme et il est normal de se poser des questions. Pr\u00eatez attention au d\u00e9veloppement de votre b\u00e9b\u00e9 et faites confiance \u00e0 votre instinct parental !<\/p>\n\n\n\n<p><\/p>\n\n\n\n<p><strong>Pour aller plus loin :<\/strong><\/p>\n\n\n\n<li><u><a href=\"https:\/\/www.reflexes.org\/ce-que-sont-les-reflexes-primordiaux\/\" target=\"_blank\" rel=\"noopener\">Que sont les r\u00e9flexes archa\u00efques \/ primitifs<\/a><\/u><\/li>\n\n\n\n<li><u><a href=\"https:\/\/www.assasformationssante.com\/actualites\/reflexes-archaiques\/\" target=\"_blank\" rel=\"noopener\">R\u00e9flexes archa\u00efques : d\u00e9finition, enjeux, m\u00e9thodes d&rsquo;int\u00e9gration en kin\u00e9sith\u00e9rapie<\/a><\/u><\/li>\n\n\n\n<li><u><a href=\"https:\/\/fr.wikipedia.org\/wiki\/R%C3%A9flexe_archa%C3%AFque\" target=\"_blank\" rel=\"noopener\">R\u00e9flexes archa\u00efques \u2013 Wikip\u00e9dia<\/a><\/u><\/li>\n","protected":false},"excerpt":{"rendered":"<p>Apprenez tout sur les r\u00e9flexes archa\u00efques, leur r\u00f4le et comment ils influencent la croissance de votre enfant.<\/p>\n","protected":false},"author":4,"featured_media":9683,"comment_status":"closed","ping_status":"closed","sticky":false,"template":"","format":"standard","meta":{"_acf_changed":false,"_kad_blocks_custom_css":"","_kad_blocks_head_custom_js":"","_kad_blocks_body_custom_js":"","_kad_blocks_footer_custom_js":"","_kad_post_transparent":"","_kad_post_title":"","_kad_post_layout":"","_kad_post_sidebar_id":"","_kad_post_content_style":"","_kad_post_vertical_padding":"","_kad_post_feature":"","_kad_post_feature_position":"","_kad_post_header":false,"_kad_post_footer":false,"_kad_post_classname":"","rank_math_title":"Les 11 r\u00e9flexes archa\u00efques de b\u00e9b\u00e9 (ou r\u00e9flexes primitifs)","rank_math_description":"Apprenez tout sur les r\u00e9flexes archa\u00efques, leur r\u00f4le et comment ils influencent la croissance de votre enfant.","rank_math_focus_keyword":"r\u00e9flexes archa\u00efques","rank_math_primary_category":654,"ilj_linkdefinition":["r\u00e9flexes archa\u00efques","r\u00e9flexe archa\u00efque","r\u00e9flexes primitifs","r\u00e9flexe primitif"],"footnotes":""},"categories":[654,646],"tags":[],"class_list":["post-9677","post","type-post","status-publish","format-standard","has-post-thumbnail","hentry","category-sante","category-0-12-mois"],"acf":{"prestation_table":"","technical_table":"","nom_professionnel":"","numero_telephone":"","convention_cas":"","contrat_acces_aux_soins":"","sesam_vitale":"","coordonnees":"","adresse":"","profession":"","numero_rpps":"","profession_description":"","commune":"","departement":"","prenom":"","origine":"","date_fete":"","signification_etymologie":"","histoire_origine_prenom":"","personne_celebre":"","age_moyen":"","prenoms_derives":"","prenoms_composes":"","naissances_2024":"","genre":"","prenoms_taxonomy":"","region_stats":"","evolution_naissances":""},"taxonomy_info":{"category":[{"value":654,"label":"Sant\u00e9"},{"value":646,"label":"0-12 mois"}]},"featured_image_src_large":["https:\/\/heloa.app\/wp-content\/uploads\/2025\/01\/bebe-serrant-doigt-reflexes-archaiques-6393346-683x1024.jpg",683,1024,true],"author_info":{"display_name":"Heloa","author_link":"https:\/\/heloa.app\/fr\/author\/expert-heloa"},"comment_info":0,"category_info":[{"term_id":654,"name":"Sant\u00e9","slug":"sante","term_group":0,"term_taxonomy_id":654,"taxonomy":"category","description":"","parent":646,"count":149,"filter":"raw","cat_ID":654,"category_count":149,"category_description":"","cat_name":"Sant\u00e9","category_nicename":"sante","category_parent":646},{"term_id":646,"name":"0-12 mois","slug":"0-12-mois","term_group":0,"term_taxonomy_id":646,"taxonomy":"category","description":"Comprenez le d\u00e9veloppement de votre b\u00e9b\u00e9 qui \u00e9volue de 0 \u00e0 12 mois. Sourire, vous faire coucou, apprendre \u00e0 parler, \u00e0 marcher, manger seul, l'accompagner dans la gestion de ses \u00e9motions, on vous explique tout.","parent":0,"count":305,"filter":"raw","cat_ID":646,"category_count":305,"category_description":"Comprenez le d\u00e9veloppement de votre b\u00e9b\u00e9 qui \u00e9volue de 0 \u00e0 12 mois. Sourire, vous faire coucou, apprendre \u00e0 parler, \u00e0 marcher, manger seul, l'accompagner dans la gestion de ses \u00e9motions, on vous explique tout.","cat_name":"0-12 mois","category_nicename":"0-12-mois","category_parent":0}],"tag_info":false,"_links":{"self":[{"href":"https:\/\/heloa.app\/fr\/wp-json\/wp\/v2\/posts\/9677","targetHints":{"allow":["GET"]}}],"collection":[{"href":"https:\/\/heloa.app\/fr\/wp-json\/wp\/v2\/posts"}],"about":[{"href":"https:\/\/heloa.app\/fr\/wp-json\/wp\/v2\/types\/post"}],"author":[{"embeddable":true,"href":"https:\/\/heloa.app\/fr\/wp-json\/wp\/v2\/users\/4"}],"replies":[{"embeddable":true,"href":"https:\/\/heloa.app\/fr\/wp-json\/wp\/v2\/comments?post=9677"}],"version-history":[{"count":6,"href":"https:\/\/heloa.app\/fr\/wp-json\/wp\/v2\/posts\/9677\/revisions"}],"predecessor-version":[{"id":10031,"href":"https:\/\/heloa.app\/fr\/wp-json\/wp\/v2\/posts\/9677\/revisions\/10031"}],"wp:featuredmedia":[{"embeddable":true,"href":"https:\/\/heloa.app\/fr\/wp-json\/wp\/v2\/media\/9683"}],"wp:attachment":[{"href":"https:\/\/heloa.app\/fr\/wp-json\/wp\/v2\/media?parent=9677"}],"wp:term":[{"taxonomy":"category","embeddable":true,"href":"https:\/\/heloa.app\/fr\/wp-json\/wp\/v2\/categories?post=9677"},{"taxonomy":"post_tag","embeddable":true,"href":"https:\/\/heloa.app\/fr\/wp-json\/wp\/v2\/tags?post=9677"}],"curies":[{"name":"wp","href":"https:\/\/api.w.org\/{rel}","templated":true}]}}