{"id":9382,"date":"2024-12-20T07:06:51","date_gmt":"2024-12-20T06:06:51","guid":{"rendered":"https:\/\/heloa.app\/?p=9382"},"modified":"2024-12-20T07:06:59","modified_gmt":"2024-12-20T06:06:59","slug":"reflexe-de-perez-role-et-impact","status":"publish","type":"post","link":"https:\/\/heloa.app\/fr\/blog\/0-12-mois\/developpement\/reflexe-de-perez-role-et-impact","title":{"rendered":"Le r\u00e9flexe de P\u00e9rez : comprendre son r\u00f4le et son impact"},"content":{"rendered":"\n<p>Le <strong>r\u00e9flexe de P\u00e9rez<\/strong> a \u00e9t\u00e9 d\u00e9couvert par le Dr P\u00e9rez, un chercheur passionn\u00e9 par les <strong>r\u00e9flexes primitifs<\/strong> et leur impact sur la croissance des nourrissons. En stimulant doucement la colonne vert\u00e9brale des nouveau-n\u00e9s, il a observ\u00e9 une r\u00e9ponse automatique qui, bien que discr\u00e8te, influence de nombreuses \u00e9tapes cl\u00e9s du d\u00e9veloppement. Ce r\u00e9flexe est souvent \u00e9tudi\u00e9 en parall\u00e8le d\u2019autres <a href=\"https:\/\/heloa.app\/fr\/blog\/0-12-mois\/sante\/reflexes-archaiques\">r\u00e9flexes archa\u00efques<\/a>, tels que <a href=\"https:\/\/heloa.app\/blog\/0-12-mois\/developpement\/reflexe-de-moro\" data-type=\"post\" data-id=\"9359\">le <strong>r\u00e9flexe de Moro<\/strong><\/a> ou le <strong><a href=\"https:\/\/heloa.app\/fr\/blog\/0-12-mois\/sante\/reflexe-de-galant\">r\u00e9flexe de Galant<\/a><\/strong>. Mais de quoi s&rsquo;agit-il exactement ? Pourquoi est-il important et que faire s\u2019il semble persister au-del\u00e0 du stade attendu ?<\/p>\n\n\n\n<h2 class=\"wp-block-heading\"><strong>Qu\u2019est-ce que le r\u00e9flexe de P\u00e9rez ?<\/strong><\/h2>\n\n\n\n<p>Le <strong>r\u00e9flexe de P\u00e9rez<\/strong> est une r\u00e9ponse neurologique observ\u00e9e lorsqu\u2019on applique une stimulation l\u00e9g\u00e8re sur la colonne vert\u00e9brale du nourrisson, g\u00e9n\u00e9ralement de la base du cou jusqu\u2019au bas du dos. La r\u00e9action inclut une <strong>extension de la t\u00eate<\/strong>, une <strong>contraction des muscles du dos<\/strong> et souvent une flexion des jambes.<\/p>\n\n\n\n<p>Ce r\u00e9flexe appara\u00eet d\u00e8s la naissance et dispara\u00eet progressivement <a href=\"https:\/\/heloa.app\/blog\/0-12-mois\/developpement\/nl-1-mois-6-mois-competences-acquises\" data-type=\"post\" data-id=\"5468\">entre <strong>3 et 6 mois<\/strong><\/a>, laissant place \u00e0 des mouvements plus contr\u00f4l\u00e9s. Sa disparition naturelle est appel\u00e9e <strong>int\u00e9gration<\/strong>, un processus qui permet au cerveau de remplacer les r\u00e9flexes automatiques par des mouvements volontaires.<\/p>\n\n\n\n<h2 class=\"wp-block-heading\"><strong>Pourquoi ce r\u00e9flexe est-il important ?<\/strong><\/h2>\n\n\n\n<h3 class=\"wp-block-heading\"><strong>D\u00e9veloppement moteur et coordination<\/strong><\/h3>\n\n\n\n<p>Le r\u00e9flexe de P\u00e9rez joue un r\u00f4le essentiel dans :<\/p>\n\n\n\n<li>Le <strong>renforcement des muscles de la colonne vert\u00e9brale<\/strong>, pr\u00e9parant l\u2019enfant \u00e0 maintenir une posture droite.<\/li>\n\n\n\n<li>La <strong>coordination entre le haut et le bas du corps<\/strong>, essentielle pour la marche et la stabilit\u00e9.<\/li>\n\n\n\n<li>La stimulation des connexions entre le cerveau et les nerfs responsables des mouvements.<\/li>\n\n\n\n<h3 class=\"wp-block-heading\"><strong>Soutien au syst\u00e8me digestif<\/strong><\/h3>\n\n\n\n<p>Lorsque le r\u00e9flexe de P\u00e9rez est activ\u00e9, il stimule les muscles abdominaux et le syst\u00e8me digestif. Cela peut aider \u00e0 soulager certains inconforts courants, tels que les <strong><a href=\"https:\/\/heloa.app\/blog\/0-12-mois\/sante\/les-coliques-du-nourrisson\" data-type=\"post\" data-id=\"6493\">coliques<\/a><\/strong> ou les <strong>gaz<\/strong>.<\/p>\n\n\n\n<h3 class=\"wp-block-heading\"><strong>\u00c9quilibre \u00e9motionnel et sensoriel<\/strong><\/h3>\n\n\n\n<p>Le d\u00e9veloppement harmonieux des r\u00e9flexes archa\u00efques, y compris le r\u00e9flexe de P\u00e9rez, participe \u00e0 l\u2019\u00e9quilibre \u00e9motionnel et au <strong>d\u00e9veloppement des sens<\/strong>. Une int\u00e9gration r\u00e9ussie favorise une meilleure gestion du <a href=\"https:\/\/heloa.app\/fr\/blog\/parents\/vie-quotidienne\/apprendre-a-gerer-son-stress\">stress<\/a> et un sentiment de s\u00e9curit\u00e9.<\/p>\n\n\n<style>.kb-image9382_ee2d10-30.kb-image-is-ratio-size, .kb-image9382_ee2d10-30 .kb-image-is-ratio-size{max-width:586px;width:100%;}.wp-block-kadence-column > .kt-inside-inner-col > .kb-image9382_ee2d10-30.kb-image-is-ratio-size, .wp-block-kadence-column > .kt-inside-inner-col > .kb-image9382_ee2d10-30 .kb-image-is-ratio-size{align-self:unset;}.kb-image9382_ee2d10-30{max-width:586px;}.image-is-svg.kb-image9382_ee2d10-30{-webkit-flex:0 1 100%;flex:0 1 100%;}.image-is-svg.kb-image9382_ee2d10-30 img{width:100%;}.kb-image9382_ee2d10-30 .kb-image-has-overlay:after{opacity:0.3;}<\/style>\n<figure class=\"wp-block-kadence-image kb-image9382_ee2d10-30 size-large kb-image-is-ratio-size\"><div class=\"kb-is-ratio-image kb-image-ratio-land43\"><img loading=\"lazy\" decoding=\"async\" width=\"1024\" height=\"683\" src=\"https:\/\/heloa.app\/wp-content\/uploads\/2024\/12\/bebe-blond-sur-le-ventre-pour-tester-le-reflexe-de-perez-8909860-1024x683.jpg\" alt=\"b\u00e9b\u00e9 blond sur le ventre pour tester le r\u00e9flexe de P\u00e9rez\" class=\"kb-img wp-image-9389\" srcset=\"https:\/\/heloa.app\/wp-content\/uploads\/2024\/12\/bebe-blond-sur-le-ventre-pour-tester-le-reflexe-de-perez-8909860-1024x683.jpg 1024w, https:\/\/heloa.app\/wp-content\/uploads\/2024\/12\/bebe-blond-sur-le-ventre-pour-tester-le-reflexe-de-perez-8909860-300x200.jpg 300w, https:\/\/heloa.app\/wp-content\/uploads\/2024\/12\/bebe-blond-sur-le-ventre-pour-tester-le-reflexe-de-perez-8909860-768x512.jpg 768w, https:\/\/heloa.app\/wp-content\/uploads\/2024\/12\/bebe-blond-sur-le-ventre-pour-tester-le-reflexe-de-perez-8909860-1536x1024.jpg 1536w, https:\/\/heloa.app\/wp-content\/uploads\/2024\/12\/bebe-blond-sur-le-ventre-pour-tester-le-reflexe-de-perez-8909860-2048x1365.jpg 2048w\" sizes=\"auto, (max-width: 1024px) 100vw, 1024px\" \/><\/div><\/figure>\n\n\n\n<h2 class=\"wp-block-heading\"><strong>Signes d\u2019un r\u00e9flexe de P\u00e9rez non int\u00e9gr\u00e9<\/strong><\/h2>\n\n\n\n<p>Il arrive que certains r\u00e9flexes archa\u00efques ne s\u2019int\u00e8grent pas correctement, ce qui peut entra\u00eener des difficult\u00e9s physiques ou \u00e9motionnelles. Voici les <strong>signaux d\u2019alerte<\/strong> \u00e0 surveiller :<\/p>\n\n\n\n<li>Une <strong>cambrure excessive<\/strong> du dos.<\/li>\n\n\n\n<li>Des <strong>difficult\u00e9s \u00e0 se tenir assis<\/strong> ou \u00e0 marcher.<\/li>\n\n\n\n<li>Une <strong>hypersensibilit\u00e9 au toucher<\/strong>, notamment au niveau du dos.<\/li>\n\n\n\n<li>Une <strong>agitation persistante<\/strong> ou un manque de concentration.<\/li>\n\n\n\n<p>Ces signes ne doivent pas vous inqui\u00e9ter imm\u00e9diatement mais il est important d\u2019en parler avec un professionnel, comme un p\u00e9diatre ou un <strong>sp\u00e9cialiste en neurod\u00e9veloppement<\/strong>.<\/p>\n\n\n\n<blockquote class=\"wp-block-quote has-background is-layout-flow wp-block-quote-is-layout-flow\" style=\"background-color:#f1ebfd;padding-top:var(--wp--preset--spacing--40);padding-bottom:var(--wp--preset--spacing--40)\">\n<p><u><a href=\"https:\/\/app.adjust.com\/1g586ft8\" target=\"_blank\" rel=\"noopener\">T\u00e9l\u00e9chargez l\u2019application Heloa<\/a><\/u> et b\u00e9n\u00e9ficiez de conseils personnalis\u00e9s et gratuits pour suivre la sant\u00e9 et le d\u00e9veloppement de votre enfant.<\/p>\n<\/blockquote>\n\n\n\n<h2 class=\"wp-block-heading\"><strong>Accompagner le d\u00e9veloppement du r\u00e9flexe de P\u00e9rez<\/strong><\/h2>\n\n\n\n<h3 class=\"wp-block-heading\"><strong>Activit\u00e9s simples \u00e0 faire \u00e0 la maison<\/strong><\/h3>\n\n\n\n<p><strong>1. Massage doux le long de la colonne vert\u00e9brale<br>\n<\/strong>Posez votre b\u00e9b\u00e9 sur le ventre, sur un tapis ou une surface confortable. Avec vos doigts, tracez doucement une ligne du haut du dos jusqu\u2019en bas, le long de la colonne vert\u00e9brale. Ce geste aide \u00e0 stimuler les muscles et les nerfs tout en procurant une sensation apaisante \u00e0 votre b\u00e9b\u00e9. Vous pouvez utiliser un peu d\u2019huile adapt\u00e9e pour les b\u00e9b\u00e9s afin que le massage soit encore plus agr\u00e9able.<\/p>\n\n\n\n<p><strong>2. Moments sur le ventre (\u00ab&nbsp;Tummy Time&nbsp;\u00bb)<br>\n<\/strong>Encouragez votre b\u00e9b\u00e9 \u00e0 passer du temps sur le ventre lorsqu\u2019il est \u00e9veill\u00e9, toujours sous votre supervision. Cela l\u2019aide \u00e0 renforcer les muscles de son dos, de son cou et de ses \u00e9paules, ce qui est essentiel pour le d\u00e9veloppement moteur. Vous pouvez placer un jouet color\u00e9 devant lui pour qu\u2019il l\u00e8ve la t\u00eate pour le regarder ou pour qu\u2019il essaie de l\u2019attraper.<\/p>\n\n\n\n<p><strong>3. Jeux de balancement doux<br>\n<\/strong>Asseyez-vous avec votre b\u00e9b\u00e9 sur vos genoux et faites de l\u00e9gers mouvements de bascule d\u2019avant en arri\u00e8re. Vous pouvez aussi chanter une chanson pendant que vous le faites. Ces <a href=\"https:\/\/heloa.app\/fr\/blog\/0-12-mois\/sommeil\/bercer-bienfaits\">mouvements rythmiques<\/a> renforcent les connexions neurologiques et encouragent les mouvements naturels du corps.<\/p>\n\n\n\n<h3 class=\"wp-block-heading\"><strong>Quand consulter un professionnel ?<\/strong><\/h3>\n\n\n\n<p>Si vous avez l\u2019impression que votre b\u00e9b\u00e9 a besoin d\u2019un soutien suppl\u00e9mentaire ou si vous remarquez des signes persistants de difficult\u00e9 (comme une cambrure excessive du dos ou des mouvements rigides), il peut \u00eatre utile de consulter un sp\u00e9cialiste.<\/p>\n\n\n\n<p>Les professionnels comme les kin\u00e9sith\u00e9rapeutes ou les praticiens en <strong>int\u00e9gration motrice primordiale (IMP)<\/strong> utilisent des techniques adapt\u00e9es pour accompagner l\u2019int\u00e9gration des r\u00e9flexes archa\u00efques. Ces m\u00e9thodes sont bas\u00e9es sur des exercices sp\u00e9cifiques et des stimulations cibl\u00e9es qui aident \u00e0 renforcer la coordination entre le cerveau et le corps. Elles sont toujours pratiqu\u00e9es de mani\u00e8re douce et respectueuse du rythme de l\u2019enfant.<\/p>\n\n\n\n<h2 class=\"wp-block-heading\"><strong>Lien avec d\u2019autres r\u00e9flexes archa\u00efques<\/strong><\/h2>\n\n\n\n<p>Les r\u00e9flexes archa\u00efques ne fonctionnent pas de mani\u00e8re isol\u00e9e. Ils sont comme des pi\u00e8ces d\u2019un puzzle, s\u2019assemblant pour soutenir le d\u00e9veloppement moteur, sensoriel et \u00e9motionnel de votre enfant. Le <strong>r\u00e9flexe de P\u00e9rez<\/strong>, par son r\u00f4le cl\u00e9 dans la stimulation de la colonne vert\u00e9brale et des muscles dorsaux, interagit avec plusieurs autres r\u00e9flexes importants :<\/p>\n\n\n\n<li><strong><a href=\"https:\/\/heloa.app\/fr\/blog\/0-12-mois\/developpement\/reflexe-de-moro\">R\u00e9flexe de Moro<\/a><\/strong> : Ce r\u00e9flexe de sursaut est li\u00e9 \u00e0 la r\u00e9action du corps face aux stimuli brusques.<\/li>\n\n\n\n<li><strong>R\u00e9flexe de Galant<\/strong> : Il s\u2019agit d\u2019une autre r\u00e9action li\u00e9e \u00e0 la colonne vert\u00e9brale.<\/li>\n\n\n\n<li><strong>R\u00e9flexe tonique labyrinthique<\/strong> : Il influence l\u2019\u00e9quilibre et la posture.<\/li>\n\n\n\n<p>Ensemble, ces r\u00e9flexes archa\u00efques travaillent en synergie pour permettre \u00e0 votre b\u00e9b\u00e9 de d\u00e9velopper une coordination motrice fluide, une <strong>posture \u00e9quilibr\u00e9e<\/strong> et des mouvements plus complexes comme <a href=\"https:\/\/heloa.app\/fr\/blog\/0-12-mois\/developpement\/a-quel-age-bebe-rampe\">ramper<\/a>, s\u2019asseoir ou marcher. Lorsque ces r\u00e9flexes s\u2019int\u00e8grent correctement, ils laissent place \u00e0 des comportements volontaires, donnant \u00e0 votre enfant une base solide pour explorer le monde.<\/p>\n\n\n\n<h2 class=\"wp-block-heading\"><strong>Conseils pratiques pour les parents<\/strong><\/h2>\n\n\n\n<h3 class=\"wp-block-heading\"><strong>Favorisez des moments de calme et de jeu<\/strong><\/h3>\n\n\n\n<p>Les r\u00e9flexes archa\u00efques sont tr\u00e8s sensibles aux stimuli environnementaux. Offrir \u00e0 votre b\u00e9b\u00e9 un espace apaisant, sans bruits brusques ni distractions excessives, lui permet de <strong>d\u00e9couvrir ses mouvements<\/strong> naturellement. Par exemple, utilisez un tapis d\u2019\u00e9veil doux et rassurant pour qu\u2019il puisse explorer en toute s\u00e9curit\u00e9.<\/p>\n\n\n\n<h3 class=\"wp-block-heading\"><strong>Encouragez la diversit\u00e9 des postures<\/strong><\/h3>\n\n\n\n<p>Alternez les positions de votre b\u00e9b\u00e9 au fil de la journ\u00e9e. Sur le dos, sur le c\u00f4t\u00e9 ou sur le ventre (sous supervision), chaque posture sollicite diff\u00e9rents groupes musculaires et contribue \u00e0 un <strong>d\u00e9veloppement \u00e9quilibr\u00e9<\/strong>. Lors des moments sur le ventre, placez des jouets attrayants pour l\u2019inciter \u00e0 lever la t\u00eate et \u00e0 renforcer ses muscles.<\/p>\n\n\n\n<h3 class=\"wp-block-heading\"><strong>Observez sans pression<\/strong><\/h3>\n\n\n\n<p>Chaque enfant suit son propre rythme de d\u00e9veloppement. Il est important de pr\u00eater attention aux progr\u00e8s de votre b\u00e9b\u00e9, tout en \u00e9vitant les comparaisons avec d\u2019autres enfants. Les comp\u00e9tences motrices et l\u2019int\u00e9gration des r\u00e9flexes se font \u00e0 des rythmes diff\u00e9rents pour chaque individu.<\/p>\n\n\n\n<h2 class=\"wp-block-heading\"><strong>Les questions des parents<\/strong><\/h2>\n\n\n\n<h3 class=\"wp-block-heading\"><strong>Pourquoi certains b\u00e9b\u00e9s ont-ils un r\u00e9flexe de P\u00e9rez plus marqu\u00e9 que d\u2019autres ?<\/strong><\/h3>\n\n\n\n<p>L\u2019intensit\u00e9 du r\u00e9flexe de P\u00e9rez varie selon les b\u00e9b\u00e9s. Une r\u00e9ponse plus marqu\u00e9e peut \u00eatre observ\u00e9e chez ceux qui ont v\u00e9cu un <strong>stress pr\u00e9natal<\/strong> ou une <strong>naissance difficile<\/strong>, car ces exp\u00e9riences activent davantage leur syst\u00e8me nerveux. \u00c0 l\u2019inverse, un <strong>tonus musculaire faible<\/strong> ou une immaturit\u00e9 neuromusculaire peuvent rendre le r\u00e9flexe moins visible. Dans tous les cas, ces diff\u00e9rences sont souvent temporaires et s\u2019\u00e9quilibrent avec la maturation neurologique.<\/p>\n\n\n\n<p><\/p>\n\n\n\n<h3 class=\"wp-block-heading\">Quels sont les facteurs qui peuvent emp\u00eacher l\u2019int\u00e9gration du r\u00e9flexe de P\u00e9rez ?<\/h3>\n\n\n\n<p>Le manque de <a href=\"https:\/\/heloa.app\/fr\/blog\/0-12-mois\/developpement\/tummy-time\">Tummy Time<\/a>, les troubles sensoriels ou neurologiques, et un environnement stressant peuvent perturber l\u2019int\u00e9gration naturelle du r\u00e9flexe de P\u00e9rez.<\/p>\n\n\n\n<h3 class=\"wp-block-heading\"><strong>Peut-on encore travailler l\u2019int\u00e9gration du r\u00e9flexe de P\u00e9rez chez un enfant plus \u00e2g\u00e9 ?<\/strong><\/h3>\n\n\n\n<p> Il est possible de stimuler l\u2019int\u00e9gration du r\u00e9flexe gr\u00e2ce \u00e0 des exercices moteurs, des massages de la colonne vert\u00e9brale et des th\u00e9rapies sp\u00e9cifiques adapt\u00e9es aux enfants plus \u00e2g\u00e9s.<\/p>\n\n\n\n<p><strong><u>Pour aller plus loin :<\/u><\/strong><\/p>\n\n\n\n<p><strong><u><a href=\"http:\/\/www.ifop-formation.com\/article.aspx?article_id=6\" target=\"_blank\" rel=\"noopener\">Les r\u00e9flexes archa\u00efques : g\u00e9n\u00e9ralit\u00e9s<\/a><\/u><\/strong><\/p>\n","protected":false},"excerpt":{"rendered":"<p>Le r\u00e9flexe de P\u00e9rez est essentiel au d\u00e9veloppement moteur. D\u00e9couvrez son r\u00f4le, ses implications et les solutions en cas de non-int\u00e9gration.<\/p>\n","protected":false},"author":4,"featured_media":9386,"comment_status":"closed","ping_status":"closed","sticky":false,"template":"","format":"standard","meta":{"_acf_changed":false,"_kad_blocks_custom_css":"","_kad_blocks_head_custom_js":"","_kad_blocks_body_custom_js":"","_kad_blocks_footer_custom_js":"","_kad_post_transparent":"","_kad_post_title":"","_kad_post_layout":"","_kad_post_sidebar_id":"","_kad_post_content_style":"","_kad_post_vertical_padding":"","_kad_post_feature":"","_kad_post_feature_position":"","_kad_post_header":false,"_kad_post_footer":false,"_kad_post_classname":"","rank_math_title":"R\u00e9flexe de P\u00e9rez : son importance chez les b\u00e9b\u00e9s","rank_math_description":"Le r\u00e9flexe de P\u00e9rez est essentiel au d\u00e9veloppement moteur. D\u00e9couvrez son r\u00f4le, ses implications et les solutions en cas de non-int\u00e9gration.","rank_math_focus_keyword":"reflexe de perez,r\u00e9flexe de P\u00e9rez","rank_math_primary_category":647,"ilj_linkdefinition":["r\u00e9flexe de P\u00e9rez"],"footnotes":""},"categories":[647,646],"tags":[],"class_list":["post-9382","post","type-post","status-publish","format-standard","has-post-thumbnail","hentry","category-developpement","category-0-12-mois"],"acf":{"prestation_table":"","technical_table":"","nom_professionnel":"","numero_telephone":"","convention_cas":"","contrat_acces_aux_soins":"","sesam_vitale":"","coordonnees":"","adresse":"","profession":"","numero_rpps":"","profession_description":"","commune":"","departement":"","prenom":"","origine":"","date_fete":"","signification_etymologie":"","histoire_origine_prenom":"","personne_celebre":"","age_moyen":"","prenoms_derives":"","prenoms_composes":"","naissances_2024":"","genre":"","prenoms_taxonomy":"","region_stats":"","evolution_naissances":""},"taxonomy_info":{"category":[{"value":647,"label":"D\u00e9veloppement"},{"value":646,"label":"0-12 mois"}]},"featured_image_src_large":["https:\/\/heloa.app\/wp-content\/uploads\/2024\/12\/bebe-allonge-ventre-maman-test-reflexe-de-perez-5889971-683x1024.jpg",683,1024,true],"author_info":{"display_name":"Heloa","author_link":"https:\/\/heloa.app\/fr\/author\/expert-heloa"},"comment_info":0,"category_info":[{"term_id":647,"name":"D\u00e9veloppement","slug":"developpement","term_group":0,"term_taxonomy_id":647,"taxonomy":"category","description":"","parent":646,"count":75,"filter":"raw","cat_ID":647,"category_count":75,"category_description":"","cat_name":"D\u00e9veloppement","category_nicename":"developpement","category_parent":646},{"term_id":646,"name":"0-12 mois","slug":"0-12-mois","term_group":0,"term_taxonomy_id":646,"taxonomy":"category","description":"Comprenez le d\u00e9veloppement de votre b\u00e9b\u00e9 qui \u00e9volue de 0 \u00e0 12 mois. Sourire, vous faire coucou, apprendre \u00e0 parler, \u00e0 marcher, manger seul, l'accompagner dans la gestion de ses \u00e9motions, on vous explique tout.","parent":0,"count":305,"filter":"raw","cat_ID":646,"category_count":305,"category_description":"Comprenez le d\u00e9veloppement de votre b\u00e9b\u00e9 qui \u00e9volue de 0 \u00e0 12 mois. Sourire, vous faire coucou, apprendre \u00e0 parler, \u00e0 marcher, manger seul, l'accompagner dans la gestion de ses \u00e9motions, on vous explique tout.","cat_name":"0-12 mois","category_nicename":"0-12-mois","category_parent":0}],"tag_info":false,"_links":{"self":[{"href":"https:\/\/heloa.app\/fr\/wp-json\/wp\/v2\/posts\/9382","targetHints":{"allow":["GET"]}}],"collection":[{"href":"https:\/\/heloa.app\/fr\/wp-json\/wp\/v2\/posts"}],"about":[{"href":"https:\/\/heloa.app\/fr\/wp-json\/wp\/v2\/types\/post"}],"author":[{"embeddable":true,"href":"https:\/\/heloa.app\/fr\/wp-json\/wp\/v2\/users\/4"}],"replies":[{"embeddable":true,"href":"https:\/\/heloa.app\/fr\/wp-json\/wp\/v2\/comments?post=9382"}],"version-history":[{"count":6,"href":"https:\/\/heloa.app\/fr\/wp-json\/wp\/v2\/posts\/9382\/revisions"}],"predecessor-version":[{"id":9391,"href":"https:\/\/heloa.app\/fr\/wp-json\/wp\/v2\/posts\/9382\/revisions\/9391"}],"wp:featuredmedia":[{"embeddable":true,"href":"https:\/\/heloa.app\/fr\/wp-json\/wp\/v2\/media\/9386"}],"wp:attachment":[{"href":"https:\/\/heloa.app\/fr\/wp-json\/wp\/v2\/media?parent=9382"}],"wp:term":[{"taxonomy":"category","embeddable":true,"href":"https:\/\/heloa.app\/fr\/wp-json\/wp\/v2\/categories?post=9382"},{"taxonomy":"post_tag","embeddable":true,"href":"https:\/\/heloa.app\/fr\/wp-json\/wp\/v2\/tags?post=9382"}],"curies":[{"name":"wp","href":"https:\/\/api.w.org\/{rel}","templated":true}]}}