{"id":9340,"date":"2024-12-20T06:22:56","date_gmt":"2024-12-20T05:22:56","guid":{"rendered":"https:\/\/heloa.app\/?p=9340"},"modified":"2024-12-20T06:25:47","modified_gmt":"2024-12-20T05:25:47","slug":"reflexe-de-succion","status":"publish","type":"post","link":"https:\/\/heloa.app\/fr\/blog\/0-12-mois\/developpement\/reflexe-de-succion","title":{"rendered":"Le r\u00e9flexe de succion inn\u00e9 du b\u00e9b\u00e9, c\u2019est quoi ?"},"content":{"rendered":"\n<p>Le <strong>r\u00e9flexe de succion<\/strong> est une comp\u00e9tence fascinante qui appara\u00eet d\u00e8s la vie f\u0153tale. Pour de nombreux parents, il est au c\u0153ur des premiers jours avec leur b\u00e9b\u00e9, jouant un r\u00f4le essentiel dans l\u2019<strong>alimentation<\/strong>, le <strong>r\u00e9confort<\/strong> et le d\u00e9veloppement de leur enfant. Mais il peut \u00e9galement soulever des questions, surtout si des difficult\u00e9s surgissent. Pourquoi certains b\u00e9b\u00e9s semblent-ils avoir plus de mal \u00e0 t\u00e9ter ? Quels sont les moyens pour les accompagner sereinement ?<\/p>\n\n\n\n<h2 class=\"wp-block-heading\"><strong>Qu\u2019est-ce que le r\u00e9flexe de succion<\/strong> ?<\/h2>\n\n\n\n<p>Le <strong>r\u00e9flexe de succion<\/strong> est un <a href=\"https:\/\/heloa.app\/fr\/blog\/0-12-mois\/sante\/reflexes-archaiques\">r\u00e9flexe archa\u00efque<\/a>, pr\u00e9sent d\u00e8s la 32e <a href=\"https:\/\/heloa.app\/fr\/blog\/grossesse\/developpement\/calcul-semaine-de-grossesse-et-date-accouchement\">semaine de grossesse<\/a>, qui permet au nourrisson de t\u00e9ter instinctivement. En touchant le palais ou les l\u00e8vres du b\u00e9b\u00e9, ce r\u00e9flexe se d\u00e9clenche automatiquement. Il est essentiel non seulement pour <a href=\"https:\/\/heloa.app\/wp-content\/uploads\/2024\/09\/photo-1634290996327-099de799f602-1.jpg\" data-type=\"attachment\" data-id=\"5665\">l\u2019<strong>allaitement<\/strong><\/a> ou le biberon, mais aussi pour favoriser le <strong>d\u00e9veloppement musculaire<\/strong> et le lien avec ses parents. Ce m\u00e9canisme inn\u00e9 \u00e9volue progressivement pour devenir volontaire vers l\u2019\u00e2ge de 3 <a href=\"https:\/\/heloa.app\/fr\/blog\/0-12-mois\/developpement\/bebe-4-mois\">\u00e0 4 mois<\/a>.<\/p>\n\n\n\n<h3 class=\"wp-block-heading\"><strong>Succion nutritive et succion non nutritive<\/strong><\/h3>\n\n\n\n<p>Il existe deux types de succion :<\/p>\n\n\n\n<li>La <strong>succion nutritive<\/strong>, n\u00e9cessaire pour se nourrir. Elle implique une coordination complexe entre succion, d\u00e9glutition et respiration.<\/li>\n\n\n\n<li>La <strong>succion non nutritive<\/strong>, qui n\u2019apporte pas de lait, mais procure un sentiment de <strong>s\u00e9curit\u00e9<\/strong> et d\u2019apaisement. Elle est souvent observ\u00e9e lorsque l\u2019enfant suce son pouce ou une <a href=\"https:\/\/heloa.app\/fr\/blog\/1-3-ans\/sante\/la-tetine-bonne-ou-mauvaise-idee\">t\u00e9tine<\/a>.<\/li>\n\n\n\n<p>Ces deux formes de succion sont normales et contribuent \u00e0 l\u2019\u00e9panouissement de votre b\u00e9b\u00e9.<\/p>\n\n\n\n<h2 class=\"wp-block-heading\"><strong>Les d\u00e9fis li\u00e9s \u00e0 la succion<\/strong><\/h2>\n\n\n\n<p>Certains b\u00e9b\u00e9s rencontrent des <strong>difficult\u00e9s de succion<\/strong>, ce qui peut compliquer l\u2019alimentation et inqui\u00e9ter les parents. Les causes peuvent \u00eatre vari\u00e9es, comme un <strong>frein de langue court<\/strong>, une <strong><a href=\"https:\/\/heloa.app\/blog\/0-12-mois\/developpement\/bebe-prema\" data-type=\"post\" data-id=\"6295\">pr\u00e9maturit\u00e9<\/a><\/strong> ou des troubles neurologiques. Ces probl\u00e8mes peuvent entra\u00eener une <strong>prise de poids insuffisante<\/strong> ou des frustrations chez l\u2019enfant et ses parents.<\/p>\n\n\n\n<h3 class=\"wp-block-heading\"><strong>Signes d\u2019une succion inefficace<\/strong><\/h3>\n\n\n\n<li>B\u00e9b\u00e9 s\u2019endort rapidement lors de la t\u00e9t\u00e9e.<\/li>\n\n\n\n<li>Prise de lait r\u00e9duite ou pauses fr\u00e9quentes.<\/li>\n\n\n\n<li>Douleurs pour la m\u00e8re lors de l\u2019allaitement.<\/li>\n\n\n\n<li>Bruits de cliquetis pendant la t\u00e9t\u00e9e.<\/li>\n\n\n\n<p>Si vous remarquez ces signes, il est recommand\u00e9 de prendre rendez-vous avec un <strong>consultant en lactation<\/strong>, un <strong>orthophoniste sp\u00e9cialis\u00e9<\/strong> ou un p\u00e9diatre.<\/p>\n\n\n<style>.wp-block-kadence-advancedheading.kt-adv-heading9340_e79461-cb, .wp-block-kadence-advancedheading.kt-adv-heading9340_e79461-cb[data-kb-block=\"kb-adv-heading9340_e79461-cb\"]{font-style:normal;}.wp-block-kadence-advancedheading.kt-adv-heading9340_e79461-cb mark.kt-highlight, .wp-block-kadence-advancedheading.kt-adv-heading9340_e79461-cb[data-kb-block=\"kb-adv-heading9340_e79461-cb\"] mark.kt-highlight{font-style:normal;color:#f76a0c;-webkit-box-decoration-break:clone;box-decoration-break:clone;padding-top:0px;padding-right:0px;padding-bottom:0px;padding-left:0px;}.wp-block-kadence-advancedheading.kt-adv-heading9340_e79461-cb img.kb-inline-image, .wp-block-kadence-advancedheading.kt-adv-heading9340_e79461-cb[data-kb-block=\"kb-adv-heading9340_e79461-cb\"] img.kb-inline-image{width:150px;vertical-align:baseline;}<\/style>\n<p class=\"kt-adv-heading9340_e79461-cb wp-block-kadence-advancedheading\" data-kb-block=\"kb-adv-heading9340_e79461-cb\"><\/p>\n\n\n<style>.kb-image9340_3bd03d-9b.kb-image-is-ratio-size, .kb-image9340_3bd03d-9b .kb-image-is-ratio-size{max-width:519px;width:100%;}.wp-block-kadence-column > .kt-inside-inner-col > .kb-image9340_3bd03d-9b.kb-image-is-ratio-size, .wp-block-kadence-column > .kt-inside-inner-col > .kb-image9340_3bd03d-9b .kb-image-is-ratio-size{align-self:unset;}.kb-image9340_3bd03d-9b{max-width:519px;}.image-is-svg.kb-image9340_3bd03d-9b{-webkit-flex:0 1 100%;flex:0 1 100%;}.image-is-svg.kb-image9340_3bd03d-9b img{width:100%;}.kb-image9340_3bd03d-9b .kb-image-has-overlay:after{opacity:0.3;}.kb-image9340_3bd03d-9b img.kb-img, .kb-image9340_3bd03d-9b .kb-img img{object-position:65% 10%;}<\/style>\n<figure class=\"wp-block-kadence-image kb-image9340_3bd03d-9b size-large kb-image-is-ratio-size\"><div class=\"kb-is-ratio-image kb-image-ratio-land43\"><img loading=\"lazy\" decoding=\"async\" width=\"683\" height=\"1024\" src=\"https:\/\/heloa.app\/wp-content\/uploads\/2024\/12\/reflexe-de-succion-permet-a-bebe-de-boire-biberon-7282749-683x1024.jpg\" alt=\"reflexe-de-succion-permet-a-bebe-de-boire-biberon\" class=\"kb-img wp-image-9352\" srcset=\"https:\/\/heloa.app\/wp-content\/uploads\/2024\/12\/reflexe-de-succion-permet-a-bebe-de-boire-biberon-7282749-683x1024.jpg 683w, https:\/\/heloa.app\/wp-content\/uploads\/2024\/12\/reflexe-de-succion-permet-a-bebe-de-boire-biberon-7282749-200x300.jpg 200w, https:\/\/heloa.app\/wp-content\/uploads\/2024\/12\/reflexe-de-succion-permet-a-bebe-de-boire-biberon-7282749-768x1152.jpg 768w, https:\/\/heloa.app\/wp-content\/uploads\/2024\/12\/reflexe-de-succion-permet-a-bebe-de-boire-biberon-7282749-1024x1536.jpg 1024w, https:\/\/heloa.app\/wp-content\/uploads\/2024\/12\/reflexe-de-succion-permet-a-bebe-de-boire-biberon-7282749-1365x2048.jpg 1365w, https:\/\/heloa.app\/wp-content\/uploads\/2024\/12\/reflexe-de-succion-permet-a-bebe-de-boire-biberon-7282749-scaled.jpg 1707w\" sizes=\"auto, (max-width: 683px) 100vw, 683px\" \/><\/div><\/figure>\n\n\n\n<h3 class=\"wp-block-heading\"><strong>Conseils pratiques pour aider votre b\u00e9b\u00e9<\/strong><\/h3>\n\n\n\n<li><strong>Positionnement optimal<\/strong> : Assurez-vous que votre b\u00e9b\u00e9 est bien align\u00e9 et soutenu lors de la t\u00e9t\u00e9e.<\/li>\n\n\n\n<li><strong>Stimulation douce<\/strong> : Massez les joues ou le menton de votre b\u00e9b\u00e9 pour encourager la succion.<\/li>\n\n\n\n<li><strong>Usage adapt\u00e9 de la t\u00e9tine<\/strong> : Une t\u00e9tine peut apaiser votre b\u00e9b\u00e9, mais son utilisation prolong\u00e9e peut affecter le d\u00e9veloppement oral.<\/li>\n\n\n\n<h2 class=\"wp-block-heading\"><strong>L\u2019importance du r\u00e9flexe de succion pour le d\u00e9veloppement<\/strong><\/h2>\n\n\n\n<p>Le r\u00e9flexe de succion est bien plus qu\u2019un outil pour l\u2019alimentation. Il favorise le d\u00e9veloppement des <strong>muscles orofaciaux<\/strong>, pr\u00e9pare \u00e0 la <strong>mastication<\/strong> et influence la posture et la respiration. De plus, il contribue au d\u00e9veloppement \u00e9motionnel, en offrant une <strong>source de r\u00e9confort<\/strong>.<\/p>\n\n\n\n<p>Les mouvements r\u00e9p\u00e9t\u00e9s de la succion aident \u00e0 renforcer les muscles n\u00e9cessaires pour parler. Une succion inefficace peut parfois \u00eatre li\u00e9e \u00e0 des <strong>troubles articulatoires<\/strong> plus tardifs, ce qui justifie un suivi pr\u00e9coce.<\/p>\n\n\n\n<h2 class=\"wp-block-heading\">Reflexe de succion et allaitement<\/h2>\n\n\n\n<p>Le <strong>r\u00e9flexe de succion<\/strong> est essentiel pour l\u2019allaitement, car il permet au b\u00e9b\u00e9 de t\u00e9ter efficacement et de stimuler l\u2019\u00e9jection du lait tout en coordonnant succion, d\u00e9glutition et respiration. Cependant, certaines difficult\u00e9s comme un <strong>frein de langue court<\/strong>, une succion immature ou un <strong>mauvais positionnement<\/strong> au sein peuvent compliquer l\u2019allaitement, entra\u00eenant douleurs maternelles ou faible prise de lait par le b\u00e9b\u00e9. Pour surmonter ces d\u00e9fis, il est important d\u2019assurer une position optimale o\u00f9 la bouche du b\u00e9b\u00e9 est bien ouverte et ses l\u00e8vres retrouss\u00e9es, et de stimuler doucement ses joues ou son menton s\u2019il est somnolent. En cas de probl\u00e8me persistant, l\u2019accompagnement d\u2019un <strong>consultant en lactation<\/strong> peut \u00eatre pr\u00e9cieux pour garantir une exp\u00e9rience d\u2019allaitement sereine et le bon d\u00e9veloppement de votre b\u00e9b\u00e9.<\/p>\n\n\n\n<h2 class=\"wp-block-heading\"><strong>Succion et choix parentaux<\/strong><\/h2>\n\n\n\n<p>De nombreuses familles se demandent si l\u2019utilisation d\u2019une <strong>t\u00e9tine<\/strong> ou le <strong>sevrage pr\u00e9coce<\/strong> peut avoir des effets n\u00e9gatifs sur la succion. Chaque choix comporte des avantages et des inconv\u00e9nients.<\/p>\n\n\n\n<h3 class=\"wp-block-heading\"><strong>La t\u00e9tine<\/strong><\/h3>\n\n\n\n<p><a href=\"https:\/\/heloa.app\/blog\/0-12-mois\/sante\/tetine-nouveau-ne-et-sucette-bebe\" data-type=\"post\" data-id=\"9214\">La <strong>t\u00e9tine<\/strong> (ou sucette)<\/a> peut apaiser le b\u00e9b\u00e9, favoriser son <a href=\"https:\/\/heloa.app\/fr\/blog\/parents\/sommeil\/comprendre-endormissement\">endormissement<\/a> et r\u00e9duire le risque de <strong><a href=\"https:\/\/heloa.app\/blog\/0-12-mois\/sante\/prevention-mort-subite-nourrisson\" data-type=\"post\" data-id=\"6296\">syndrome de mort subite du nourrisson (SMSN)<\/a><\/strong>. Toutefois, elle peut perturber l\u2019<strong>allaitement<\/strong> si introduite trop t\u00f4t et, \u00e0 long terme, affecter la <strong>dentition<\/strong>. Il est conseill\u00e9 de l\u2019introduire apr\u00e8s que l\u2019allaitement soit bien \u00e9tabli, vers 3 \u00e0 4 semaines, et de limiter son usage prolong\u00e9.<\/p>\n\n\n\n<h3 class=\"wp-block-heading\"><strong>Sevrage pr\u00e9coce<\/strong><\/h3>\n\n\n\n<p>Le <strong><a href=\"https:\/\/heloa.app\/blog\/1-3-ans\/nutrition\/allaitement-et-sevrage\" data-type=\"post\" data-id=\"6413\">sevrage pr\u00e9coce<\/a><\/strong> offre plus de flexibilit\u00e9 aux parents mais peut alt\u00e9rer le <strong>lien affectif<\/strong> ou le r\u00e9flexe de succion s\u2019il est trop rapide. Pour une transition douce, privil\u00e9giez une introduction progressive du biberon et des moments de <a href=\"https:\/\/heloa.app\/blog\/parents\/post-partum\/les-benefices-du-peau-a-peau\" data-type=\"post\" data-id=\"6512\"><strong>contact peau \u00e0 peau<\/strong> pour rassurer votre b\u00e9b\u00e9<\/a>.<\/p>\n\n\n\n<p>Chaque d\u00e9cision doit \u00eatre adapt\u00e9e aux besoins de l\u2019enfant et \u00e0 votre situation. En cas de doute, un <strong>professionnel de sant\u00e9<\/strong> peut vous guider.<\/p>\n\n\n<style>.kb-image9340_e6252a-f0.kb-image-is-ratio-size, .kb-image9340_e6252a-f0 .kb-image-is-ratio-size{max-width:492px;width:100%;}.wp-block-kadence-column > .kt-inside-inner-col > .kb-image9340_e6252a-f0.kb-image-is-ratio-size, .wp-block-kadence-column > .kt-inside-inner-col > .kb-image9340_e6252a-f0 .kb-image-is-ratio-size{align-self:unset;}.kb-image9340_e6252a-f0{max-width:492px;}.image-is-svg.kb-image9340_e6252a-f0{-webkit-flex:0 1 100%;flex:0 1 100%;}.image-is-svg.kb-image9340_e6252a-f0 img{width:100%;}.kb-image9340_e6252a-f0 .kb-image-has-overlay:after{opacity:0.3;}<\/style>\n<figure class=\"wp-block-kadence-image kb-image9340_e6252a-f0 size-large kb-image-is-ratio-size\"><div class=\"kb-is-ratio-image kb-image-ratio-land43\"><img loading=\"lazy\" decoding=\"async\" width=\"684\" height=\"1024\" src=\"https:\/\/heloa.app\/wp-content\/uploads\/2024\/12\/maman-allaite-bebe-grace-au-reflexe-de-succion-26692170-684x1024.jpg\" alt=\"maman-allaite-b\u00e9b\u00e9-grace-au-reflexe-de-succion\" class=\"kb-img wp-image-9349\" srcset=\"https:\/\/heloa.app\/wp-content\/uploads\/2024\/12\/maman-allaite-bebe-grace-au-reflexe-de-succion-26692170-684x1024.jpg 684w, https:\/\/heloa.app\/wp-content\/uploads\/2024\/12\/maman-allaite-bebe-grace-au-reflexe-de-succion-26692170-200x300.jpg 200w, https:\/\/heloa.app\/wp-content\/uploads\/2024\/12\/maman-allaite-bebe-grace-au-reflexe-de-succion-26692170-768x1150.jpg 768w, https:\/\/heloa.app\/wp-content\/uploads\/2024\/12\/maman-allaite-bebe-grace-au-reflexe-de-succion-26692170-1025x1536.jpg 1025w, https:\/\/heloa.app\/wp-content\/uploads\/2024\/12\/maman-allaite-bebe-grace-au-reflexe-de-succion-26692170-1367x2048.jpg 1367w, https:\/\/heloa.app\/wp-content\/uploads\/2024\/12\/maman-allaite-bebe-grace-au-reflexe-de-succion-26692170-scaled.jpg 1709w\" sizes=\"auto, (max-width: 684px) 100vw, 684px\" \/><\/div><\/figure>\n\n\n\n<h2 class=\"wp-block-heading\"><strong>Les questions des parents<\/strong><\/h2>\n\n\n\n<h3 class=\"wp-block-heading\"><strong>\u00c0 quel \u00e2ge le r\u00e9flexe de succion dispara\u00eet-il ?<\/strong><\/h3>\n\n\n\n<p>Le r\u00e9flexe de succion commence \u00e0 dispara\u00eetre vers 3 \u00e0 4 mois lorsque le b\u00e9b\u00e9 commence \u00e0 sucer volontairement.<\/p>\n\n\n\n<h3 class=\"wp-block-heading\"><strong>Comment savoir si mon b\u00e9b\u00e9 a un probl\u00e8me de succion ?<\/strong><\/h3>\n\n\n\n<p>Observez si votre b\u00e9b\u00e9 s\u2019endort rapidement, fait des bruits inhabituels en t\u00e9tant ou montre des difficult\u00e9s \u00e0 prendre du poids.<\/p>\n\n\n\n<h3 class=\"wp-block-heading\"><strong>Mon b\u00e9b\u00e9 suce son pouce, est-ce normal ?<\/strong><\/h3>\n\n\n\n<p>Oui, la succion du pouce est une succion non nutritive qui apaise et s\u00e9curise de nombreux b\u00e9b\u00e9s.<\/p>\n\n\n\n<h3 class=\"wp-block-heading\"><strong>Quand consulter un professionnel ?<\/strong><\/h3>\n\n\n\n<p>Consultez d\u00e8s que vous constatez des difficult\u00e9s persistantes dans la t\u00e9t\u00e9e ou des signes de mal-\u00eatre chez votre b\u00e9b\u00e9.<\/p>\n\n\n\n<p><strong><span style=\"text-decoration: underline;\">Pour aller plus loin :<\/span><\/strong><\/p>\n\n\n<style>.wp-block-kadence-advancedheading.kt-adv-heading9340_b5a077-eb, .wp-block-kadence-advancedheading.kt-adv-heading9340_b5a077-eb[data-kb-block=\"kb-adv-heading9340_b5a077-eb\"]{font-style:normal;}.wp-block-kadence-advancedheading.kt-adv-heading9340_b5a077-eb mark.kt-highlight, .wp-block-kadence-advancedheading.kt-adv-heading9340_b5a077-eb[data-kb-block=\"kb-adv-heading9340_b5a077-eb\"] mark.kt-highlight{font-style:normal;color:#f76a0c;-webkit-box-decoration-break:clone;box-decoration-break:clone;padding-top:0px;padding-right:0px;padding-bottom:0px;padding-left:0px;}.wp-block-kadence-advancedheading.kt-adv-heading9340_b5a077-eb img.kb-inline-image, .wp-block-kadence-advancedheading.kt-adv-heading9340_b5a077-eb[data-kb-block=\"kb-adv-heading9340_b5a077-eb\"] img.kb-inline-image{width:150px;vertical-align:baseline;}<\/style>\n<p class=\"kt-adv-heading9340_b5a077-eb wp-block-kadence-advancedheading\" data-kb-block=\"kb-adv-heading9340_b5a077-eb\">&#8211; <a href=\"https:\/\/www.academie-medecine.fr\/le-dictionnaire\/index.php?q=r%C3%A9flexe%20de%20succion%20du%20nouveau-n%C3%A9\" target=\"_blank\" rel=\"noopener\">Le r\u00e9flexe de succion &#8211; Acad\u00e9mie de m\u00e9decine<\/a><\/p>\n","protected":false},"excerpt":{"rendered":"<p>Accompagnez votre b\u00e9b\u00e9 dans son r\u00e9flexe de succion avec des explications et astuces pratiques.<\/p>\n","protected":false},"author":4,"featured_media":9344,"comment_status":"closed","ping_status":"closed","sticky":false,"template":"","format":"standard","meta":{"_acf_changed":false,"_kad_blocks_custom_css":"","_kad_blocks_head_custom_js":"","_kad_blocks_body_custom_js":"","_kad_blocks_footer_custom_js":"","_kad_post_transparent":"","_kad_post_title":"","_kad_post_layout":"","_kad_post_sidebar_id":"","_kad_post_content_style":"","_kad_post_vertical_padding":"","_kad_post_feature":"","_kad_post_feature_position":"","_kad_post_header":false,"_kad_post_footer":false,"_kad_post_classname":"","rank_math_title":"Le r\u00e9flexe de succion du nouveau-n\u00e9","rank_math_description":"Accompagnez votre b\u00e9b\u00e9 dans son r\u00e9flexe de succion avec des explications et astuces pratiques.","rank_math_focus_keyword":"reflexe de succion","rank_math_primary_category":647,"ilj_linkdefinition":["r\u00e9flexe de succion"],"footnotes":""},"categories":[647,646],"tags":[],"class_list":["post-9340","post","type-post","status-publish","format-standard","has-post-thumbnail","hentry","category-developpement","category-0-12-mois"],"acf":{"prestation_table":"","technical_table":"","nom_professionnel":"","numero_telephone":"","convention_cas":"","contrat_acces_aux_soins":"","sesam_vitale":"","coordonnees":"","adresse":"","profession":"","numero_rpps":"","profession_description":"","commune":"","departement":"","prenom":"","origine":"","date_fete":"","signification_etymologie":"","histoire_origine_prenom":"","personne_celebre":"","age_moyen":"","prenoms_derives":"","prenoms_composes":"","naissances_2024":"","genre":"","prenoms_taxonomy":"","region_stats":"","evolution_naissances":""},"taxonomy_info":{"category":[{"value":647,"label":"D\u00e9veloppement"},{"value":646,"label":"0-12 mois"}]},"featured_image_src_large":["https:\/\/heloa.app\/wp-content\/uploads\/2024\/12\/nouveau-ne-bois-biberon-grace-reflexe-de-succion-6969083-1024x683.jpg",1024,683,true],"author_info":{"display_name":"Heloa","author_link":"https:\/\/heloa.app\/fr\/author\/expert-heloa"},"comment_info":0,"category_info":[{"term_id":647,"name":"D\u00e9veloppement","slug":"developpement","term_group":0,"term_taxonomy_id":647,"taxonomy":"category","description":"","parent":646,"count":75,"filter":"raw","cat_ID":647,"category_count":75,"category_description":"","cat_name":"D\u00e9veloppement","category_nicename":"developpement","category_parent":646},{"term_id":646,"name":"0-12 mois","slug":"0-12-mois","term_group":0,"term_taxonomy_id":646,"taxonomy":"category","description":"Comprenez le d\u00e9veloppement de votre b\u00e9b\u00e9 qui \u00e9volue de 0 \u00e0 12 mois. Sourire, vous faire coucou, apprendre \u00e0 parler, \u00e0 marcher, manger seul, l'accompagner dans la gestion de ses \u00e9motions, on vous explique tout.","parent":0,"count":305,"filter":"raw","cat_ID":646,"category_count":305,"category_description":"Comprenez le d\u00e9veloppement de votre b\u00e9b\u00e9 qui \u00e9volue de 0 \u00e0 12 mois. Sourire, vous faire coucou, apprendre \u00e0 parler, \u00e0 marcher, manger seul, l'accompagner dans la gestion de ses \u00e9motions, on vous explique tout.","cat_name":"0-12 mois","category_nicename":"0-12-mois","category_parent":0}],"tag_info":false,"_links":{"self":[{"href":"https:\/\/heloa.app\/fr\/wp-json\/wp\/v2\/posts\/9340","targetHints":{"allow":["GET"]}}],"collection":[{"href":"https:\/\/heloa.app\/fr\/wp-json\/wp\/v2\/posts"}],"about":[{"href":"https:\/\/heloa.app\/fr\/wp-json\/wp\/v2\/types\/post"}],"author":[{"embeddable":true,"href":"https:\/\/heloa.app\/fr\/wp-json\/wp\/v2\/users\/4"}],"replies":[{"embeddable":true,"href":"https:\/\/heloa.app\/fr\/wp-json\/wp\/v2\/comments?post=9340"}],"version-history":[{"count":9,"href":"https:\/\/heloa.app\/fr\/wp-json\/wp\/v2\/posts\/9340\/revisions"}],"predecessor-version":[{"id":9358,"href":"https:\/\/heloa.app\/fr\/wp-json\/wp\/v2\/posts\/9340\/revisions\/9358"}],"wp:featuredmedia":[{"embeddable":true,"href":"https:\/\/heloa.app\/fr\/wp-json\/wp\/v2\/media\/9344"}],"wp:attachment":[{"href":"https:\/\/heloa.app\/fr\/wp-json\/wp\/v2\/media?parent=9340"}],"wp:term":[{"taxonomy":"category","embeddable":true,"href":"https:\/\/heloa.app\/fr\/wp-json\/wp\/v2\/categories?post=9340"},{"taxonomy":"post_tag","embeddable":true,"href":"https:\/\/heloa.app\/fr\/wp-json\/wp\/v2\/tags?post=9340"}],"curies":[{"name":"wp","href":"https:\/\/api.w.org\/{rel}","templated":true}]}}