{"id":88949,"date":"2026-03-10T18:50:24","date_gmt":"2026-03-10T17:50:24","guid":{"rendered":"https:\/\/heloa.app\/?p=88949"},"modified":"2026-03-10T18:50:24","modified_gmt":"2026-03-10T17:50:24","slug":"siestes-bebe-de-7-a-12-mois-3","status":"publish","type":"post","link":"https:\/\/heloa.app\/fr\/blog\/0-12-mois\/sommeil\/siestes-bebe-de-7-a-12-mois-3","title":{"rendered":"Siestes b\u00e9b\u00e9 de 7 \u00e0 12 mois : rythme, horaires et solutions"},"content":{"rendered":"<p>Entre 7 et 12 mois, les journ\u00e9es ne se ressemblent pas toujours : un matin, b\u00e9b\u00e9 s\u2019endort net , le lendemain, la sieste s\u2019\u00e9courte \u00e0 42 minutes , et le surlendemain, la fin d\u2019apr\u00e8s-midi devient un vrai test de patience. Faut-il y voir un probl\u00e8me ? Souvent non. Les <strong>siestes b\u00e9b\u00e9 de 7 \u00e0 12 mois<\/strong> bougent avec la maturation du cerveau, les acquisitions motrices et l\u2019\u00e9motionnel (l\u2019angoisse de s\u00e9paration, notamment). L\u2019id\u00e9e est de poser des rep\u00e8res, d\u2019ajuster sans brusquer, et de prot\u00e9ger le sommeil de nuit.<\/p> <h2 id=\"siestesbbde712moisrepresrassurantspourlajourne\">Siestes b\u00e9b\u00e9 de 7 \u00e0 12 mois : rep\u00e8res rassurants pour la journ\u00e9e<\/h2> <h3 id=\"besoinsdesommeilsur24hnuitsiestes712mois\">Besoins de sommeil sur 24 h : nuit + siestes (7 \u00e0 12 mois)<\/h3> <p>Entre 7 et 12 mois, beaucoup d\u2019enfants dorment autour de <strong>13 \u00e0 15 heures<\/strong> sur 24 h (parfois un peu plus lors d\u2019un pic de croissance ou d\u2019une infection). La nuit compte souvent <strong>11\u201312 heures<\/strong> (pas forc\u00e9ment d\u2019un seul trait), et le sommeil diurne apporte en g\u00e9n\u00e9ral <strong>2\u20133 heures<\/strong>.<\/p> <p>Un d\u00e9tail physiologique rassurant : les cycles de sommeil diurne durent fr\u00e9quemment <strong>40\u201345 minutes<\/strong>. Donc une sieste \u00ab d\u2019un cycle \u00bb (30\u201345 min) peut \u00eatre parfaitement coh\u00e9rente, surtout si b\u00e9b\u00e9 se r\u00e9veille calme.<\/p> <h3 id=\"duretotaledessiestesrepresralistes\">Dur\u00e9e totale des siestes : rep\u00e8res r\u00e9alistes<\/h3> <p>On observe souvent, sans que ce soit une r\u00e8gle :<\/p> <ul> <li>Sieste du matin : 1 h \u00e0 1 h 30<\/li> <li>Sieste de l\u2019apr\u00e8s-midi : 1 h \u00e0 2 h<\/li> <li>Troisi\u00e8me sieste (si elle existe) : 15\u201345 min<\/li> <\/ul> <p>Deux longues siestes ou trois plus courtes : les deux sc\u00e9narios peuvent convenir. Ce qui compte, c\u2019est la r\u00e9cup\u00e9ration r\u00e9elle (humeur au r\u00e9veil, \u00e9nergie sur la fen\u00eatre d\u2019\u00e9veil suivante, qualit\u00e9 de la nuit).<\/p> <h3 id=\"cequichangeentre7et12moismaturationetconsolidation\">Ce qui change entre 7 et 12 mois : maturation et consolidation<\/h3> <p>L\u2019horloge biologique se r\u00e9gularise (rythme circadien plus stable), les p\u00e9riodes d\u2019\u00e9veil s\u2019allongent, et la 3e sieste devient souvent plus difficile \u00e0 placer. En parall\u00e8le, le sommeil diurne soutient la consolidation des apprentissages : motricit\u00e9, langage naissant, r\u00e9gulation des \u00e9motions.<\/p> <p>Des variations sont fr\u00e9quentes lors :<\/p> <ul> <li>des acquisitions (ramper, se mettre debout)<\/li> <li>de la diversification alimentaire<\/li> <li>des pouss\u00e9es dentaires<\/li> <li>d\u2019une p\u00e9riode d\u2019<strong>anxi\u00e9t\u00e9 de s\u00e9paration<\/strong><\/li> <\/ul> <p>Ce n\u2019est pas \u00ab un mauvais sommeil \u00bb, c\u2019est souvent un sommeil en adaptation.<\/p> <h2 id=\"nombredesiestesde712mois2ou3selonlapriode\">Nombre de siestes de 7 \u00e0 12 mois : 2 ou 3 selon la p\u00e9riode<\/h2> <h3 id=\"78moisalternance23siestes\">\u00c0 7\u20138 mois : alternance 2\u20133 siestes<\/h3> <p>\u00c0 cet \u00e2ge, beaucoup d\u2019enfants alternent encore. Une m\u00eame semaine peut contenir des journ\u00e9es \u00e0 3 siestes (quand les deux premi\u00e8res sont courtes) et des journ\u00e9es \u00e0 2 siestes (quand elles sont plus consolid\u00e9es).<\/p> <p>Rep\u00e8res souvent observ\u00e9s : total diurne 2\u20133 h, fen\u00eatres d\u2019\u00e9veil autour de 2 h 30 \u00e0 3 h.<\/p> <h3 id=\"910moistransition32siestes\">\u00c0 9\u201310 mois : transition 3 \u2192 2 siestes<\/h3> <p>Vers 9\u201310 mois, la transition est classique : la troisi\u00e8me sieste est refus\u00e9e, trop tardive, ou elle repousse le coucher. Une phase \u00ab mixte \u00bb est m\u00eame attendue : deux jours \u00e0 2 siestes, puis une journ\u00e9e \u00e0 3 siestes si la fatigue s\u2019accumule.<\/p> <h3 id=\"1112moisstabiliser2siestes\">\u00c0 11\u201312 mois : stabiliser 2 siestes<\/h3> <p>La majorit\u00e9 des b\u00e9b\u00e9s sont sur 2 siestes assez r\u00e9guli\u00e8res. Une micro-sieste de fin d\u2019apr\u00e8s-midi peut d\u00e9panner si la sieste 2 a \u00e9t\u00e9 \u00e9court\u00e9e, mais elle doit rester courte pour pr\u00e9server le coucher.<\/p> <p>L\u2019enjeu : \u00e9viter d\u2019accumuler une <strong>dette de sommeil<\/strong> sur plusieurs jours tout en gardant une pression de sommeil suffisante le soir.<\/p> <h2 id=\"fentresdveiltrouverlebontiming\">Fen\u00eatres d\u2019\u00e9veil : trouver le bon timing<\/h2> <h3 id=\"durveillapremiresiestelafentredumatin\">Du r\u00e9veil \u00e0 la premi\u00e8re sieste : la fen\u00eatre du matin<\/h3> <p>La premi\u00e8re fen\u00eatre d\u2019\u00e9veil est souvent la plus courte : environ 2 h 30 \u00e0 3 h apr\u00e8s le r\u00e9veil. Exemple fr\u00e9quent : r\u00e9veil 7 h, sieste entre 9 h et 10 h 30.<\/p> <p>B\u00e9b\u00e9 lutte d\u00e8s le matin ? Avant de conclure \u00e0 un refus, interrogez le timing : une fen\u00eatre trop longue cr\u00e9e de la sur-fatigue, et paradoxalement\u2026 plus de r\u00e9sistance.<\/p> <h3 id=\"entresieste1etsieste2lecurdejourne\">Entre sieste 1 et sieste 2 : le c\u0153ur de journ\u00e9e<\/h3> <p>Entre la sieste du matin et celle de l\u2019apr\u00e8s-midi, on observe souvent 2 h \u00e0 3 h d\u2019\u00e9veil, selon l\u2019\u00e2ge et la dur\u00e9e de la premi\u00e8re sieste.<\/p> <p>Un rep\u00e8re simple : endormissement en moins de 15\u201320 minutes, r\u00e9veil plut\u00f4t serein.<\/p> <h3 id=\"deladerniresiesteaucoucherlafentrelaplussensible\">De la derni\u00e8re sieste au coucher : la fen\u00eatre la plus sensible<\/h3> <p>En fin de journ\u00e9e, la fen\u00eatre d\u2019\u00e9veil avant le coucher est souvent plus longue : environ 3 h \u00e0 4 h. Elle construit la <strong>pression de sommeil<\/strong>.<\/p> <h3 id=\"tropcourtoutroplongcommentcelasetraduit\">Trop court ou trop long : comment cela se traduit<\/h3> <ul> <li>Fen\u00eatre trop courte : pression de sommeil insuffisante, b\u00e9b\u00e9 \u00ab papote \u00bb, sieste fragile.<\/li> <li>Fen\u00eatre trop longue : sur-fatigue, agitation, pleurs au rituel, siestes hach\u00e9es, parfois davantage de r\u00e9veils nocturnes.<\/li> <\/ul> <p>Pour ajuster, avancez ou reculez de 15 minutes pendant 3\u20134 jours, puis observez.<\/p> <h2 id=\"horairesdesiestesconstruireunrythmeflexible\">Horaires de siestes : construire un rythme flexible<\/h2> <h3 id=\"siestedumatincrneauetobjectif\">Sieste du matin : cr\u00e9neau et objectif<\/h3> <p>Souvent entre 9 h et 10 h 30 (ou 9 h 30\u201311 h si le r\u00e9veil est plus tard). Objectif fr\u00e9quent : 1 h \u00e0 1 h 30.<\/p> <h3 id=\"siestedelaprsmidicrneauetobjectif\">Sieste de l\u2019apr\u00e8s-midi : cr\u00e9neau et objectif<\/h3> <p>Souvent entre 13 h et 15 h 30, selon le d\u00e9jeuner et la sieste du matin. Objectif : 1 h \u00e0 2 h.<\/p> <h3 id=\"troisimesiestelagarderlcourterlasupprimer\">Troisi\u00e8me sieste : la garder, l\u2019\u00e9courter, la supprimer<\/h3> <p>Entre 7 et 9 mois, elle aide quand les deux premi\u00e8res siestes sont courtes.<\/p> <ul> <li>La garder : si elle n\u2019emp\u00eache pas un coucher serein.<\/li> <li>L\u2019\u00e9courter : en <strong>micro-sieste<\/strong> de 15\u201320 minutes si le coucher d\u00e9rive.<\/li> <li>La supprimer : si elle est refus\u00e9e ou si elle retarde franchement la nuit.<\/li> <\/ul> <h3 id=\"derniresiesteetheureducoucherleliendirect\">Derni\u00e8re sieste et heure du coucher : le lien direct<\/h3> <p>Un rep\u00e8re souvent utile : garder 2 h 30 \u00e0 4 h entre la fin de la derni\u00e8re sieste et le coucher. Beaucoup de familles trouvent un \u00e9quilibre avec un coucher vers 19 h\u201320 h, ajust\u00e9 \u00e0 l\u2019heure du dernier r\u00e9veil.<\/p> <h2 id=\"routineetenvironnementfaciliterlendormissement\">Routine et environnement : faciliter l\u2019endormissement<\/h2> <h3 id=\"rituelcourtquelquestapesrptes\">Rituel court : quelques \u00e9tapes r\u00e9p\u00e9t\u00e9es<\/h3> <p>Baisser la lumi\u00e8re, changer la couche, mettre la gigoteuse, dire les m\u00eames mots, c\u00e2lin bref, puis au lit. Trois \u00e0 cinq minutes peuvent suffire : la r\u00e9p\u00e9tition devient un signal de s\u00e9curit\u00e9.<\/p> <h3 id=\"conditionsdesommeilobscuritbruittempraturescurit\">Conditions de sommeil : obscurit\u00e9, bruit, temp\u00e9rature, s\u00e9curit\u00e9<\/h3> <ul> <li>Lumi\u00e8re : demi-p\u00e9nombre (rideaux occultants si besoin)<\/li> <li>Temp\u00e9rature : <strong>18\u201320 \u00b0C<\/strong><\/li> <li>Bruit : un <strong>bruit blanc<\/strong> constant peut aider dans un logement vivant<\/li> <li>S\u00e9curit\u00e9 : sur le dos, matelas ferme, turbulette, lit d\u00e9gag\u00e9 (sans oreiller ni couverture)<\/li> <\/ul> <h3 id=\"endormissementautonomieprogressivesanspression\">Endormissement : autonomie progressive, sans pression<\/h3> <p>Sur le plan neurophysiologique, apprendre \u00e0 s\u2019endormir dans son lit aide parfois \u00e0 relier les cycles. Mais la vraie vie existe : certains jours, b\u00e9b\u00e9 s\u2019endort au bras, et d\u2019autres jours, vous le posez apais\u00e9 et \u00e9veill\u00e9.<\/p> <p>Si vous souhaitez avancer vers plus d\u2019autonomie, une piste douce : poser b\u00e9b\u00e9 calme, intervenir bri\u00e8vement (main pos\u00e9e, voix basse), puis r\u00e9duire progressivement votre aide.<\/p> <h3 id=\"siestesendplacementlimiterlimpact\">Siestes en d\u00e9placement : limiter l\u2019impact<\/h3> <p>Poussette, voiture, porte-b\u00e9b\u00e9 : ces siestes peuvent d\u00e9panner. Pour limiter l\u2019effet domino sur la journ\u00e9e, gardez le m\u00eame mini-rituel (doudou, mots rep\u00e8res), visez les cr\u00e9neaux habituels, et pr\u00e9f\u00e9rez une sieste courte en fin d\u2019apr\u00e8s-midi plut\u00f4t qu\u2019une longue qui repoussera le coucher.<\/p> <h2 id=\"reconnatrelessignesfatiguefaiminconfort\">Reconna\u00eetre les signes : fatigue, faim, inconfort ?<\/h2> <h3 id=\"signesprcocesdefatiguelafentreidale\">Signes pr\u00e9coces de fatigue : la fen\u00eatre id\u00e9ale<\/h3> <p>B\u00e2illements, regard qui d\u00e9croche, frottement du visage, besoin de se blottir : ce sont souvent les signaux \u00e0 saisir. Attendre trop longtemps augmente le risque de sur-fatigue.<\/p> <h3 id=\"diffrencierfatiguevsfaimvsgne\">Diff\u00e9rencier fatigue vs faim vs g\u00eane<\/h3> <ul> <li>Faim : succion, agitation soulag\u00e9e apr\u00e8s t\u00e9t\u00e9e\/biberon<\/li> <li>Besoin de contact : b\u00e9b\u00e9 se calme dans les bras mais lutte d\u00e8s qu\u2019on le pose<\/li> <li>Inconfort : couche souill\u00e9e, pi\u00e8ce trop chaude\/froide, douleur (dentition, rhume)<\/li> <\/ul> <p>Un r\u00e9flexe avant de conclure : couche, temp\u00e9rature, dernier repas\u2026 puis seulement la sieste.<\/p> <h2 id=\"transition3siestes2siestesaccompagnersanspression\">Transition 3 siestes \u2192 2 siestes : accompagner sans pression<\/h2> <h3 id=\"quandarrivelatransition\">Quand arrive la transition ?<\/h3> <p>Elle se produit souvent entre 7 et 12 mois, mais le calendrier varie. Certains b\u00e9b\u00e9s se stabilisent \u00e0 2 siestes vers 8\u20139 mois , d\u2019autres ont besoin d\u2019une phase mixte plus longue.<\/p> <h3 id=\"signesquebbestprt\">Signes que b\u00e9b\u00e9 est pr\u00eat<\/h3> <ul> <li>La 3e sieste est souvent refus\u00e9e ou tr\u00e8s courte.<\/li> <li>Le coucher devient plus difficile quand la 3e sieste a eu lieu.<\/li> <li>B\u00e9b\u00e9 tient plus longtemps \u00e9veill\u00e9 sans s\u2019effondrer.<\/li> <\/ul> <h3 id=\"ajusterlesfentresdveilpendantlatransition\">Ajuster les fen\u00eatres d\u2019\u00e9veil pendant la transition<\/h3> <p>Proc\u00e9dez par petits pas : +15 minutes sur la fen\u00eatre du matin ou entre les siestes, observez 3\u20134 jours. Si les siestes raccourcissent et le coucher se complique, revenez l\u00e9g\u00e8rement en arri\u00e8re.<\/p> <h3 id=\"grerla3esiestemicrosiesteousuppressionprogressive\">G\u00e9rer la 3e sieste : micro-sieste ou suppression progressive<\/h3> <ul> <li>Micro-sieste : 15\u201320 minutes pour \u00ab tenir \u00bb<\/li> <li>Sieste courte : 30\u201345 minutes si b\u00e9b\u00e9 en a besoin<\/li> <li>Suppression progressive : r\u00e9duire de 5\u201310 minutes tous les quelques jours, et avancer le coucher si n\u00e9cessaire<\/li> <\/ul> <h2 id=\"siestesetnuitstrouverlquilibresur24h\">Siestes et nuits : trouver l\u2019\u00e9quilibre sur 24 h<\/h2> <h3 id=\"tropdesiestesoupasassezquelseffets\">Trop de siestes ou pas assez : quels effets ?<\/h3> <ul> <li>Siestes insuffisantes : fatigue accumul\u00e9e, irritabilit\u00e9, parfois plus de r\u00e9veils nocturnes.<\/li> <li>Siestes trop longues ou trop tardives : pression de sommeil insuffisante au coucher, endormissement plus lent.<\/li> <\/ul> <p>Jugez sur plusieurs jours, pas sur une seule journ\u00e9e.<\/p> <h3 id=\"dettedesommeilcommentlarepreretlarduire\">Dette de sommeil : comment la rep\u00e9rer et la r\u00e9duire<\/h3> <p>Irritabilit\u00e9 croissante, endormissements paradoxalement plus difficiles, r\u00e9veils matinaux : la dette de sommeil peut s\u2019installer. Pour aider, stabilisez les siestes et avancez le coucher de 15\u201330 minutes pendant quelques jours.<\/p> <h2 id=\"exemplesdeplannings712moismodlesadapter\">Exemples de plannings (7 \u00e0 12 mois) : mod\u00e8les \u00e0 adapter<\/h2> <h3 id=\"journetypeavec3siestes\">Journ\u00e9e type avec 3 siestes<\/h3> <ul> <li>R\u00e9veil 7 h<\/li> <li>Sieste 1 : 9 h\u201310 h 30<\/li> <li>Sieste 2 : 12 h 45\u201314 h 15<\/li> <li>Sieste 3 : 16 h\u201316 h 30<\/li> <li>Coucher : 19 h\u201319 h 30<\/li> <\/ul> <h3 id=\"journetypeavec2siestes\">Journ\u00e9e type avec 2 siestes<\/h3> <ul> <li>R\u00e9veil 7 h<\/li> <li>Sieste 1 : 9 h 15\u201310 h 45<\/li> <li>Sieste 2 : 14 h 45\u201316 h 15<\/li> <li>Coucher : 19 h\u201319 h 30<\/li> <\/ul> <h3 id=\"siestemanqueoutropcourteoptionspourlasuite\">Sieste manqu\u00e9e ou trop courte : options pour la suite<\/h3> <ul> <li>Sieste manqu\u00e9e : temps calme, puis coucher avanc\u00e9 de 15\u201330 minutes , micro-sieste 10\u201320 minutes si besoin.<\/li> <li>Sieste tr\u00e8s courte : prot\u00e9ger la suivante (calme, p\u00e9nombre, rituel), et ajuster la fen\u00eatre d\u2019\u00e9veil de 15 minutes.<\/li> <\/ul> <h2 id=\"ajusterauquotidiencrchesortiessemainesirrgulires\">Ajuster au quotidien : cr\u00e8che, sorties, semaines irr\u00e9guli\u00e8res<\/h2> <h3 id=\"dcalerunesiestede1530minutescommenttester\">D\u00e9caler une sieste de 15\u201330 minutes : comment tester<\/h3> <p>Utile si b\u00e9b\u00e9 met longtemps \u00e0 s\u2019endormir, si les siestes raccourcissent, ou si le coucher d\u00e9rive. Un seul changement \u00e0 la fois, pendant 3\u20134 jours.<\/p> <h3 id=\"contraintesfamilialesviserlacohrence\">Contraintes familiales : viser la coh\u00e9rence<\/h3> <p>Cr\u00e8che, fratrie, rendez-vous : l\u2019important reste le rep\u00e8re (rituel, environnement), et un coucher qui ne se d\u00e9cale pas trop. Une sieste en poussette peut entrer dans la semaine sans tout d\u00e9sorganiser.<\/p> <h2 id=\"12moisprparerlasuite\">\u00c0 12 mois : pr\u00e9parer la suite<\/h2> <h3 id=\"signesannonciateursdufuturpassagevers1sieste\">Signes annonciateurs du futur passage vers 1 sieste<\/h3> <p>Vers 12 mois, certains b\u00e9b\u00e9s refusent la sieste du matin ou la raccourcissent. Le passage \u00e0 1 sieste se fait souvent entre 12 et 18 mois.<\/p> <h3 id=\"maintenir2siestesouamorcerlatransition\">Maintenir 2 siestes ou amorcer la transition ?<\/h3> <p>Si la suppression de la sieste du matin entra\u00eene sur-fatigue et nuits plus hach\u00e9es, conservez 2 siestes, quitte \u00e0 r\u00e9duire un peu la premi\u00e8re. Si la sieste du matin est refus\u00e9e plusieurs jours par semaine et que la nuit reste stable, vous pouvez d\u00e9caler progressivement la sieste de l\u2019apr\u00e8s-midi apr\u00e8s le d\u00e9jeuner.<\/p> <h2 id=\"retenir\">\u00c0 retenir<\/h2> <ul> <li>Les <strong>siestes b\u00e9b\u00e9 de 7 \u00e0 12 mois<\/strong> repr\u00e9sentent souvent 2\u20133 siestes, pour un total diurne autour de 2\u20133 h, et un sommeil global de 13\u201315 h\/24 h.<\/li> <li>Les fen\u00eatres d\u2019\u00e9veil guident le timing : trop court ou trop long fragilise l\u2019endormissement.<\/li> <li>Une sieste de 30\u201345 minutes correspond souvent \u00e0 un cycle de 40\u201345 minutes.<\/li> <li>La 3e sieste peut devenir une micro-sieste, puis dispara\u00eetre lors du passage \u00e0 2 siestes.<\/li> <li>Une derni\u00e8re sieste trop tardive repousse le coucher , un coucher l\u00e9g\u00e8rement avanc\u00e9 peut \u00eatre plus efficace qu\u2019une sieste tardive.<\/li> <li>Si les difficult\u00e9s persistent ou s\u2019accompagnent de signes de maladie, parlez-en \u00e0 un professionnel de sant\u00e9. Vous pouvez aussi t\u00e9l\u00e9charger l\u2019<a href=\"https:\/\/app.adjust.com\/1g586ft8\" target=\"_blank\" rel=\"noopener\">application Heloa<\/a> pour des conseils personnalis\u00e9s et des questionnaires de sant\u00e9 gratuits pour les enfants.<\/li> <\/ul> <h2 id=\"lesquestionsdesparents\">Les questions des parents<\/h2> <h3 id=\"fautilrveillerbblafindunesiestepourprserverlecoucher\">Faut\u2011il r\u00e9veiller b\u00e9b\u00e9 \u00e0 la fin d\u2019une sieste pour pr\u00e9server le coucher ?<\/h3> <p>Pas automatiquement. Si la sieste finit naturellement et qu\u2019elle ne d\u00e9cale pas le coucher, laissez\u2011le dormir. En revanche, si la derni\u00e8re sieste s\u2019\u00e9tire au point de rapprocher trop l\u2019heure du coucher, vous pouvez le r\u00e9veiller doucement (calme, lumi\u00e8re progressive) pour garder 2 h 30\u20134 h entre la fin de la sieste et le coucher. L\u2019objectif : pr\u00e9server la pression de sommeil du soir sans brusquer. Si vous devez r\u00e9veiller, pr\u00e9voyez un temps calme et un coucher l\u00e9g\u00e8rement avanc\u00e9 pendant quelques jours pour r\u00e9\u00e9quilibrer.<\/p> <h3 id=\"quefairesibbserveilletropttsiestede2030min\">Que faire si b\u00e9b\u00e9 se r\u00e9veille trop t\u00f4t (sieste de 20\u201330 min) ?<\/h3> <p>Attendre quelques minutes peut suffire : souvent b\u00e9b\u00e9 se rendort seul. Essayez un court temps d\u2019apaisement (main pos\u00e9e, voix basse, bruit blanc) pendant 5\u201310 minutes. Si la sieste reste courte, acceptez\u2011la comme \u00ab micro\u2011sieste \u00bb et prot\u00e9gez la suivante (p\u00e9nombre, rituel, pas de sur\u2011stimulation). Sur plusieurs jours, ajustez la fen\u00eatre d\u2019\u00e9veil pr\u00e9c\u00e9dente (+15 min ou \u221215 min) pour trouver le timing qui favorise des siestes plus longues.<\/p> <h3 id=\"sibbfaitsouventdessiestesde30minutescommentallonger\">Si b\u00e9b\u00e9 fait souvent des siestes de 30 minutes, comment allonger ?<\/h3> <p>Favorisez la r\u00e9gularit\u00e9 : mini\u2011rituel avant la sieste, pi\u00e8ce plus sombre, bruit constant, coucher pos\u00e9 plut\u00f4t que endormi au sein si vous souhaitez encourager la reprise apr\u00e8s un r\u00e9veil. Intervenez bri\u00e8vement et calmement au premier r\u00e9veil pour tenter une reprise (quelques minutes). Enfin, regardez les fen\u00eatres d\u2019\u00e9veil : une petite modification de 15 minutes peut transformer des 30 minutes en siestes plus longues.<\/p> <p><img decoding=\"async\" src=\"https:\/\/heloa.app\/wp-content\/uploads\/2026\/02\/siestes-bebe-de-7-a-12-mois-in-article-image.jpg\" width=\"628\" alt=\"Moment calme de lecture entre une m\u00e8re et son enfant avant les siestes b\u00e9b\u00e9 de 7 \u00e0 12 mois\" \/><\/p>","protected":false},"excerpt":{"rendered":"<p>Guides pratiques et plannings pour adapter les siestes b\u00e9b\u00e9 de 7 \u00e0 12 mois : rep\u00e8res, fen\u00eatres d\u2019\u00e9veil et astuces douces pour pr\u00e9server le sommeil nocturne.<\/p>\n","protected":false},"author":4,"featured_media":88074,"comment_status":"closed","ping_status":"","sticky":false,"template":"","format":"standard","meta":{"_acf_changed":false,"_kad_blocks_custom_css":"","_kad_blocks_head_custom_js":"","_kad_blocks_body_custom_js":"","_kad_blocks_footer_custom_js":"","_kad_post_transparent":"","_kad_post_title":"","_kad_post_layout":"","_kad_post_sidebar_id":"","_kad_post_content_style":"","_kad_post_vertical_padding":"","_kad_post_feature":"","_kad_post_feature_position":"","_kad_post_header":false,"_kad_post_footer":false,"_kad_post_classname":"","rank_math_title":"Siestes b\u00e9b\u00e9 de 7 \u00e0 12 mois \u2014 rythmes et horaires pratiques","rank_math_description":"Guides pratiques et plannings pour adapter les siestes b\u00e9b\u00e9 de 7 \u00e0 12 mois : rep\u00e8res, fen\u00eatres d\u2019\u00e9veil et astuces douces pour pr\u00e9server le sommeil nocturne.","rank_math_focus_keyword":"siestes b\u00e9b\u00e9 de 7 \u00e0 12 mois","rank_math_primary_category":670,"ilj_linkdefinition":["siestes b\u00e9b\u00e9 de 7 \u00e0 12 mois","siestes b\u00e9b\u00e9 {-2} 7-12 mois","siestes b\u00e9b\u00e9","sieste b\u00e9b\u00e9 {-2} matin","sieste b\u00e9b\u00e9 {-2} apr\u00e8s-midi","rythme {-1} siestes b\u00e9b\u00e9","horaires {-1} siestes b\u00e9b\u00e9","fen\u00eatres d'\u00e9veil {-1} b\u00e9b\u00e9","sommeil b\u00e9b\u00e9 {-2} 7-12 mois","transition {-1} siestes","siestes nourrisson","sieste b\u00e9b\u00e9 {-1} 8 mois","sieste b\u00e9b\u00e9 {-1} 9 mois","siestes courtes {-1} b\u00e9b\u00e9","micro-sieste {-1} b\u00e9b\u00e9"],"footnotes":""},"categories":[670,646],"tags":[],"class_list":["post-88949","post","type-post","status-publish","format-standard","has-post-thumbnail","hentry","category-sommeil","category-0-12-mois"],"acf":{"prestation_table":"","technical_table":"","nom_professionnel":"","numero_telephone":"","convention_cas":"","contrat_acces_aux_soins":"","sesam_vitale":"","coordonnees":"","adresse":"","profession":"","numero_rpps":"","profession_description":"","commune":"","departement":"","prenom":"","origine":"","date_fete":"","signification_etymologie":"","histoire_origine_prenom":"","personne_celebre":"","age_moyen":"","prenoms_derives":"","prenoms_composes":"","naissances_2024":"","genre":"","prenoms_taxonomy":"","region_stats":"","evolution_naissances":""},"taxonomy_info":{"category":[{"value":670,"label":"Sommeil"},{"value":646,"label":"0-12 mois"}]},"featured_image_src_large":["https:\/\/heloa.app\/wp-content\/uploads\/2026\/02\/siestes-bebe-de-7-a-12-mois-featured-image-1024x559.jpg",1024,559,true],"author_info":{"display_name":"Heloa","author_link":"https:\/\/heloa.app\/fr\/author\/expert-heloa"},"comment_info":0,"category_info":[{"term_id":670,"name":"Sommeil","slug":"sommeil","term_group":0,"term_taxonomy_id":670,"taxonomy":"category","description":"","parent":646,"count":41,"filter":"raw","cat_ID":670,"category_count":41,"category_description":"","cat_name":"Sommeil","category_nicename":"sommeil","category_parent":646},{"term_id":646,"name":"0-12 mois","slug":"0-12-mois","term_group":0,"term_taxonomy_id":646,"taxonomy":"category","description":"Comprenez le d\u00e9veloppement de votre b\u00e9b\u00e9 qui \u00e9volue de 0 \u00e0 12 mois. Sourire, vous faire coucou, apprendre \u00e0 parler, \u00e0 marcher, manger seul, l'accompagner dans la gestion de ses \u00e9motions, on vous explique tout.","parent":0,"count":305,"filter":"raw","cat_ID":646,"category_count":305,"category_description":"Comprenez le d\u00e9veloppement de votre b\u00e9b\u00e9 qui \u00e9volue de 0 \u00e0 12 mois. Sourire, vous faire coucou, apprendre \u00e0 parler, \u00e0 marcher, manger seul, l'accompagner dans la gestion de ses \u00e9motions, on vous explique tout.","cat_name":"0-12 mois","category_nicename":"0-12-mois","category_parent":0}],"tag_info":false,"_links":{"self":[{"href":"https:\/\/heloa.app\/fr\/wp-json\/wp\/v2\/posts\/88949","targetHints":{"allow":["GET"]}}],"collection":[{"href":"https:\/\/heloa.app\/fr\/wp-json\/wp\/v2\/posts"}],"about":[{"href":"https:\/\/heloa.app\/fr\/wp-json\/wp\/v2\/types\/post"}],"author":[{"embeddable":true,"href":"https:\/\/heloa.app\/fr\/wp-json\/wp\/v2\/users\/4"}],"replies":[{"embeddable":true,"href":"https:\/\/heloa.app\/fr\/wp-json\/wp\/v2\/comments?post=88949"}],"version-history":[{"count":1,"href":"https:\/\/heloa.app\/fr\/wp-json\/wp\/v2\/posts\/88949\/revisions"}],"predecessor-version":[{"id":88950,"href":"https:\/\/heloa.app\/fr\/wp-json\/wp\/v2\/posts\/88949\/revisions\/88950"}],"wp:featuredmedia":[{"embeddable":true,"href":"https:\/\/heloa.app\/fr\/wp-json\/wp\/v2\/media\/88074"}],"wp:attachment":[{"href":"https:\/\/heloa.app\/fr\/wp-json\/wp\/v2\/media?parent=88949"}],"wp:term":[{"taxonomy":"category","embeddable":true,"href":"https:\/\/heloa.app\/fr\/wp-json\/wp\/v2\/categories?post=88949"},{"taxonomy":"post_tag","embeddable":true,"href":"https:\/\/heloa.app\/fr\/wp-json\/wp\/v2\/tags?post=88949"}],"curies":[{"name":"wp","href":"https:\/\/api.w.org\/{rel}","templated":true}]}}