{"id":88941,"date":"2026-03-10T06:19:37","date_gmt":"2026-03-10T05:19:37","guid":{"rendered":"https:\/\/heloa.app\/?p=88941"},"modified":"2026-03-10T06:19:37","modified_gmt":"2026-03-10T05:19:37","slug":"siestes-bebe-de-0-a-6-mois","status":"publish","type":"post","link":"https:\/\/heloa.app\/fr\/blog\/0-12-mois\/sommeil\/siestes-bebe-de-0-a-6-mois","title":{"rendered":"Siestes b\u00e9b\u00e9 de 0 \u00e0 6 mois : rythme, rep\u00e8res et conseils"},"content":{"rendered":"<p>Les <strong>siestes b\u00e9b\u00e9 de 0 \u00e0 6 mois<\/strong> d\u00e9concertent souvent : un jour b\u00e9b\u00e9 s\u2019endort partout, le lendemain il ne dort que par tranches de 32 minutes, et vous vous demandez si quelque chose \u00ab\u00a0cloche\u00a0\u00bb. Et si, en r\u00e9alit\u00e9, ce d\u00e9sordre apparent \u00e9tait surtout le signe d\u2019un cerveau qui apprend \u00e0 dormir ? Entre cycles courts, maturation du rythme circadien (jour\/nuit), digestion, besoin de proximit\u00e9 et environnement, tout s\u2019imbrique. Des rep\u00e8res simples existent : besoins de sommeil par \u00e2ge, <strong>fen\u00eatres d\u2019\u00e9veil<\/strong>, signes de fatigue, rituels, s\u00e9curit\u00e9 du couchage et situations qui m\u00e9ritent un avis m\u00e9dical.<\/p> <h2 id=\"comprendrelessiestesbbde06moisetlerythmejournuit\">Comprendre les siestes b\u00e9b\u00e9 de 0 \u00e0 6 mois et le rythme jour\/nuit<\/h2> <h3 id=\"sommeildiurnedequoiparletonetquoiasert\">Sommeil diurne : de quoi parle-t-on, et \u00e0 quoi \u00e7a sert ?<\/h3> <p>\u00c0 cet \u00e2ge, une \u00ab\u00a0sieste\u00a0\u00bb n\u2019est pas forc\u00e9ment un long bloc paisible. Le plus souvent, les <strong>siestes b\u00e9b\u00e9 de 0 \u00e0 6 mois<\/strong> ressemblent \u00e0 des pauses de r\u00e9cup\u00e9ration, parfois br\u00e8ves, parfois \u00e9tonnamment longues. Ce sommeil diurne participe \u00e0 la <strong>maturation neurologique<\/strong> (le cerveau organise les informations), \u00e0 la croissance (s\u00e9cr\u00e9tions hormonales, r\u00e9paration tissulaire) et \u00e0 l\u2019\u00e9quilibre \u00e9motionnel.<\/p> <p>Vous observez un b\u00e9b\u00e9 plus disponible apr\u00e8s un bon dodo ? C\u2019est logique : moins de fatigue, plus de capacit\u00e9 \u00e0 t\u00e9ter efficacement, \u00e0 suivre du regard, \u00e0 bouger, puis \u00e0 s\u2019apaiser.<\/p> <h3 id=\"pourquoicestirrgulieraudbutrythmeultradienetcyclescourts\">Pourquoi c\u2019est irr\u00e9gulier au d\u00e9but : rythme ultradien et cycles courts<\/h3> <p>Les premi\u00e8res semaines, le sommeil suit surtout un <strong>rythme ultradien<\/strong> : des alternances veille-sommeil sur 24 heures, par \u00ab\u00a0boucles\u00a0\u00bb de 2 \u00e0 4 heures environ. Le jour et la nuit n\u2019ont pas encore la m\u00eame valeur biologique.<\/p> <p>Ajoutez \u00e0 cela des <strong>cycles de sommeil<\/strong> plus courts : souvent 40 \u00e0 50 minutes avant 3 mois, avec beaucoup de sommeil agit\u00e9 (mouvements, grimaces, petits bruits), des micro-r\u00e9veils et des transitions fr\u00e9quentes. Une sieste qui s\u2019arr\u00eate apr\u00e8s un cycle n\u2019est pas un \u00e9chec , c\u2019est souvent un cycle qui se termine, point.<\/p> <h3 id=\"commentlejournuitsemetenplaceentre02moiset36mois\">Comment le jour\/nuit se met en place entre 0\u20132 mois et 3\u20136 mois<\/h3> <p>Entre 0 et 2 mois, l\u2019horloge interne (rythme circadien) se r\u00e8gle progressivement. La lumi\u00e8re du jour, l\u2019obscurit\u00e9 le soir, et la r\u00e9p\u00e9tition de routines servent de \u00ab\u00a0balises\u00a0\u00bb.<\/p> <p>Vers 2 mois, la s\u00e9cr\u00e9tion de <strong>m\u00e9latonine<\/strong> (hormone li\u00e9e \u00e0 l\u2019endormissement) devient plus visible, puis l\u2019organisation jour\/nuit se clarifie souvent entre 3 et 4 mois. Entre 4 et 6 mois, beaucoup de b\u00e9b\u00e9s dorment davantage la nuit, et les <strong>siestes b\u00e9b\u00e9 de 0 \u00e0 6 mois<\/strong> tendent \u00e0 se regrouper en blocs plus pr\u00e9visibles (souvent 3 siestes, parfois 4).<\/p> <h3 id=\"lesbnficescroissanceapprentissagesrgulationmotionnelle\">Les b\u00e9n\u00e9fices : croissance, apprentissages, r\u00e9gulation \u00e9motionnelle<\/h3> <p>Le sommeil diurne soutient :<\/p> <ul> <li>la <strong>r\u00e9cup\u00e9ration<\/strong> physique (\u00e9nergie, tissus),<\/li> <li>le d\u00e9veloppement c\u00e9r\u00e9bral (m\u00e9moire, int\u00e9gration sensorielle et motrice),<\/li> <li>la <strong>r\u00e9gulation \u00e9motionnelle<\/strong> (moins de surcharge, plus de tol\u00e9rance aux stimulations).<\/li> <\/ul> <p>\u00c0 l\u2019inverse, quand les siestes manquent, un ph\u00e9nom\u00e8ne paradoxal appara\u00eet : b\u00e9b\u00e9 peut lutter davantage, pleurer plus, et dormir moins bien ensuite (la sur-fatigue stimule des hormones d\u2019\u00e9veil comme le cortisol).<\/p> <h2 id=\"besoinsdesommeiletrepresparge06mois\">Besoins de sommeil et rep\u00e8res par \u00e2ge (0 \u00e0 6 mois)<\/h2> <h3 id=\"01moisfrquenceleveetmicrosiestes\">0 \u00e0 1 mois : fr\u00e9quence \u00e9lev\u00e9e et micro-siestes<\/h3> <p>\u00c0 la naissance, le sommeil se r\u00e9partit sur 24 heures. Le total tourne souvent autour de 14 \u00e0 18 heures (parfois plus), mais tr\u00e8s fragment\u00e9. Les <strong>siestes b\u00e9b\u00e9 de 0 \u00e0 6 mois<\/strong> commencent ici par des \u00e9pisodes variables : 30 minutes comme 3 heures, sans rythme fixe.<\/p> <p>Temps d\u2019\u00e9veil : souvent 30 \u00e0 60 minutes. Le quotidien peut ressembler \u00e0 une boucle simple : repas \u2013 change \u2013 petit temps calme \u2013 dodo. Les <strong>micro-siestes<\/strong> sont courantes : b\u00e9b\u00e9 s\u2019endort, se r\u00e9veille, r\u00e9clame, puis repart.<\/p> <h3 id=\"13moissommeilencoreliauxrepas\">1 \u00e0 3 mois : sommeil encore li\u00e9 aux repas<\/h3> <p>Entre 1 et 3 mois, l\u2019alternance t\u00e9t\u00e9es\/biberons et sommeil reste dominante. Le sommeil total se situe fr\u00e9quemment autour de 14 \u00e0 17 heures sur 24 heures.<\/p> <p>Certaines siestes deviennent plus longues (1 \u00e0 2 heures), mais des siestes de 30 \u00e0 45 minutes restent fr\u00e9quentes. Souvent, b\u00e9b\u00e9 se r\u00e9veille \u00e0 la fin d\u2019un cycle et n\u2019arrive pas encore \u00e0 encha\u00eener seul.<\/p> <h3 id=\"46moisversdessiestesplusstructures\">4 \u00e0 6 mois : vers des siestes plus structur\u00e9es<\/h3> <p>Entre 4 et 6 mois, le total est souvent de 12 \u00e0 15 heures sur 24 heures. Les cycles s\u2019allongent (souvent 60\u201370 minutes), ce qui aide \u00e0 obtenir des siestes plus continues.<\/p> <p>Sch\u00e9ma fr\u00e9quent :<\/p> <ul> <li>une sieste le matin,<\/li> <li>une sieste en d\u00e9but d\u2019apr\u00e8s-midi,<\/li> <li>une petite sieste en fin d\u2019apr\u00e8s-midi.<\/li> <\/ul> <p>Les deux premi\u00e8res peuvent durer 1 \u00e0 2 heures , la troisi\u00e8me est souvent plus courte (20 \u00e0 45 minutes). Une 4e micro-sieste peut r\u00e9appara\u00eetre certains jours si les autres siestes ont \u00e9t\u00e9 tr\u00e8s br\u00e8ves.<\/p> <h3 id=\"exemplesdejournestypesrepressouples\">Exemples de journ\u00e9es types (rep\u00e8res souples)<\/h3> <p><strong>0\u20131 mois<\/strong> (tr\u00e8s flexible) :<\/p> <ul> <li>R\u00e9veil \u2013 repas \u2013 change \u2013 10 \u00e0 30 minutes d\u2019\u00e9veil calme<\/li> <li>Sommeil (30 min \u00e0 2\u20133 h)<\/li> <li>Reprise du m\u00eame encha\u00eenement sur 24 h<\/li> <\/ul> <p><strong>4\u20136 mois<\/strong> (exemple courant, \u00e0 adapter) :<\/p> <ul> <li>R\u00e9veil vers 7 h<\/li> <li>Sieste du matin vers 9 h (1 h \u00e0 1 h 30)<\/li> <li>Sieste d\u00e9but d\u2019apr\u00e8s-midi vers 12 h 30\u201313 h (1 h \u00e0 2 h)<\/li> <li>Petite sieste fin d\u2019apr\u00e8s-midi vers 16 h (20 \u00e0 45 min)<\/li> <li>Coucher souvent entre 19 h 30 et 20 h 30<\/li> <\/ul> <h2 id=\"fentresdveiletsignesdefatiguetrouverlebontiming\">Fen\u00eatres d\u2019\u00e9veil et signes de fatigue : trouver le bon timing<\/h2> <h3 id=\"fentresdveildfinitionetrepres\">Fen\u00eatres d\u2019\u00e9veil : d\u00e9finition et rep\u00e8res<\/h3> <p>Les <strong>fen\u00eatres d\u2019\u00e9veil<\/strong> correspondent au temps pendant lequel b\u00e9b\u00e9 peut rester \u00e9veill\u00e9 entre deux sommeils sans basculer dans la sur-fatigue. Elles aident quand les horaires des <strong>siestes b\u00e9b\u00e9 de 0 \u00e0 6 mois<\/strong> semblent impr\u00e9visibles.<\/p> <p>Rep\u00e8res moyens (\u00e0 moduler) :<\/p> <ul> <li>0 \u00e0 2 mois : 30 minutes \u00e0 1 heure (parfois 1 h 15)<\/li> <li>3 \u00e0 4 mois : 1 h 30 \u00e0 2 heures<\/li> <li>4 \u00e0 6 mois : 1 h 45 \u00e0 2 heures (parfois un peu plus)<\/li> <\/ul> <p>Chronom\u00e8tre ou observation ? L\u2019observation gagne presque toujours. Un b\u00e9b\u00e9 peut tenir 2 heures le matin, puis seulement 1 h 20 en fin de journ\u00e9e.<\/p> <h3 id=\"signesprcocesdefatiguevosmeilleursindicateurs\">Signes pr\u00e9coces de fatigue : vos meilleurs indicateurs<\/h3> <p>Les signaux arrivent souvent avant les pleurs :<\/p> <ul> <li>b\u00e2illements,<\/li> <li>regard qui se \u00ab\u00a0perd\u00a0\u00bb,<\/li> <li>frottement des yeux\/du visage,<\/li> <li>baisse d\u2019attention,<\/li> <li>irritabilit\u00e9 l\u00e9g\u00e8re.<\/li> <\/ul> <p>\u00c0 ce moment-l\u00e0, ralentir aide : diminuer les stimulations, baisser la lumi\u00e8re, parler doucement, lancer le rituel, coucher.<\/p> <h3 id=\"surfatiguequandbbrsisteparcequilesttropfatigu\">Sur-fatigue : quand b\u00e9b\u00e9 \u00ab\u00a0r\u00e9siste\u00a0\u00bb parce qu\u2019il est trop fatigu\u00e9<\/h3> <p>Vous vous demandez peut-\u00eatre pourquoi b\u00e9b\u00e9 s\u2019agite alors qu\u2019il tombe de sommeil. La sur-fatigue peut provoquer : agitation, pleurs, b\u00e9b\u00e9 qui se cambre, endormissement difficile, r\u00e9veils rapproch\u00e9s.<\/p> <p>Ajustements simples :<\/p> <ul> <li>proposer la sieste 10\u201315 minutes plus t\u00f4t pendant quelques jours,<\/li> <li>raccourcir surtout les fen\u00eatres d\u2019\u00e9veil de fin d\u2019apr\u00e8s-midi,<\/li> <li>stabiliser l\u2019ambiance (p\u00e9nombre, bruits r\u00e9guliers, gestes lents),<\/li> <li>si une sieste est rat\u00e9e : avancer un peu le coucher du soir plut\u00f4t que \u00ab\u00a0tenir\u00a0\u00bb.<\/li> <\/ul> <h3 id=\"diffrencesindividuelleslavariabilitestlanorme\">Diff\u00e9rences individuelles : la variabilit\u00e9 est la norme<\/h3> <p>Deux b\u00e9b\u00e9s du m\u00eame \u00e2ge peuvent avoir des besoins oppos\u00e9s. Pouss\u00e9e de croissance, vaccin, rhume, changement de mode de garde\u2026 tout peut perturber les <strong>siestes b\u00e9b\u00e9 de 0 \u00e0 6 mois<\/strong> pendant quelques jours.<\/p> <p>Rep\u00e8re pratique : un b\u00e9b\u00e9 qui se r\u00e9veille plut\u00f4t d\u00e9tendu, mange correctement, et pr\u00e9sente des temps d\u2019\u00e9veil globalement agr\u00e9ables, va dans le bon sens.<\/p> <h2 id=\"rituelsroutinesetenvironnementpourdessiestesplussereines\">Rituels, routines et environnement pour des siestes plus sereines<\/h2> <h3 id=\"routinedesiestecourterpterassurante\">Routine de sieste : courte, r\u00e9p\u00e9t\u00e9e, rassurante<\/h3> <p>Une routine n\u2019a pas besoin d\u2019\u00eatre longue. Elle fonctionne comme un signal : \u00ab\u00a0on passe en mode repos\u00a0\u00bb.<\/p> <p>Id\u00e9es (2 \u00e0 5 minutes) :<\/p> <ul> <li>couche propre,<\/li> <li>rideaux partiellement ferm\u00e9s,<\/li> <li>phrase r\u00e9p\u00e9t\u00e9e,<\/li> <li>fond sonore r\u00e9gulier.<\/li> <\/ul> <p>La r\u00e9p\u00e9tition compte plus que l\u2019heure exacte.<\/p> <h3 id=\"ritueldendormissementetaccompagnementprogressif\">Rituel d\u2019endormissement et accompagnement progressif<\/h3> <p>Avant 3 mois, l\u2019endormissement est souvent li\u00e9 aux repas et au besoin de proximit\u00e9 : succion, chaleur, odeur parentale. C\u2019est physiologique.<\/p> <p>Entre 4 et 6 mois, si cela vous convient, vous pouvez encourager un endormissement plus autonome : poser b\u00e9b\u00e9 somnolent mais encore \u00e9veill\u00e9, puis diminuer l\u2019aide graduellement (pr\u00e9sence pr\u00e8s du lit, main pos\u00e9e, voix douce, puis retrait progressif). Pas de course, pas de m\u00e9thode unique.<\/p> <h3 id=\"ambiancelumirepnombrebruits\">Ambiance : lumi\u00e8re, p\u00e9nombre, bruits<\/h3> <p>La lumi\u00e8re naturelle en journ\u00e9e aide le rythme circadien. Pour la sieste, une p\u00e9nombre est souvent utile, sans obligation de noir complet.<\/p> <p>Un son r\u00e9gulier (bruit de la maison constant, ou bruit blanc \u00e0 volume mod\u00e9r\u00e9 et \u00e0 distance) peut limiter les sursauts li\u00e9s aux sons impr\u00e9vus. L\u2019objectif n\u2019est pas le silence total , c\u2019est la continuit\u00e9.<\/p> <h3 id=\"tempratureetconfort1820cgigoteuse\">Temp\u00e9rature et confort : 18\u201320 \u00b0C, gigoteuse<\/h3> <p>Une chambre autour de 18\u201320 \u00b0C favorise un sommeil plus stable. La <strong>gigoteuse<\/strong> remplace couverture et drap, limite les risques et \u00e9vite la surchauffe, qui fragmente souvent le sommeil.<\/p> <h2 id=\"scuritdusommeilpendantlessiestesmaisonetdplacements\">S\u00e9curit\u00e9 du sommeil pendant les siestes (maison et d\u00e9placements)<\/h2> <h3 id=\"positionetcouchagelesbases\">Position et couchage : les bases<\/h3> <p>Pour chaque sieste : b\u00e9b\u00e9 sur le dos, sur une surface ferme et plane, dans un lit adapt\u00e9 (berceau conforme, lit \u00e0 barreaux). Ces r\u00e8gles diminuent le risque d\u2019accidents li\u00e9s au sommeil, dont la mort inattendue du nourrisson.<\/p> <h3 id=\"cequonvitedanslelit\">Ce qu\u2019on \u00e9vite dans le lit<\/h3> <p>Dans l\u2019espace de sommeil :<\/p> <ul> <li>pas d\u2019oreiller,<\/li> <li>pas de tour de lit,<\/li> <li>pas de couverture,<\/li> <li>pas de peluches.<\/li> <\/ul> <p>M\u00eame un petit objet peut g\u00eaner la respiration. La gigoteuse suffit.<\/p> <h3 id=\"poussettevoitureportagepratiquemaisvigilance\">Poussette, voiture, portage : pratique, mais vigilance<\/h3> <p>Les siestes \u00ab\u00a0en mouvement\u00a0\u00bb font partie de la vraie vie et peuvent apaiser. Mais attention :<\/p> <ul> <li>visage d\u00e9gag\u00e9,<\/li> <li>sangles adapt\u00e9es,<\/li> <li>pas de couverture lourde qui remonte,<\/li> <li>surveillance r\u00e9guli\u00e8re.<\/li> <\/ul> <p>En voiture, si la sieste se prolonge et que c\u2019est possible, un transfert vers un couchage \u00e0 plat \u00e0 l\u2019arr\u00eat est pr\u00e9f\u00e9rable.<\/p> <p>En portage, v\u00e9rifiez les voies a\u00e9riennes : menton d\u00e9gag\u00e9, nez libre, dos soutenu (position physiologique), tissu bien ajust\u00e9.<\/p> <h3 id=\"siestesprsdesparentsetcododocequeachange\">Siestes pr\u00e8s des parents et cododo : ce que \u00e7a change<\/h3> <p>Dormir dans la m\u00eame chambre facilite souvent la logistique. Le partage du lit, en revanche, demande des r\u00e8gles de s\u00e9curit\u00e9 strictes : surface ferme, absence de couette et d\u2019oreillers pr\u00e8s de b\u00e9b\u00e9, pas d\u2019espace o\u00f9 il pourrait glisser, et \u00e9viter les situations \u00e0 risque (tabac, alcool, m\u00e9dicaments s\u00e9datifs, grande fatigue). Un berceau accol\u00e9 au lit parental concilie souvent proximit\u00e9 et s\u00e9curit\u00e9.<\/p> <h2 id=\"alimentationchangementsderythmeetdifficultsfrquentes\">Alimentation, changements de rythme et difficult\u00e9s fr\u00e9quentes<\/h2> <h3 id=\"lienrepasetsiestessucciondigestionconfort\">Lien repas et siestes : succion, digestion, confort<\/h3> <p>Les premiers mois, s\u2019endormir apr\u00e8s une t\u00e9t\u00e9e ou un biberon est courant : la succion apaise, la digestion sollicite l\u2019\u00e9nergie, et la fen\u00eatre d\u2019\u00e9veil est courte. Si b\u00e9b\u00e9 s\u2019endort syst\u00e9matiquement en mangeant et se r\u00e9veille d\u00e8s la d\u00e9pose, une dissociation douce peut aider : nourrir, rot\/c\u00e2lin quelques minutes, puis coucher.<\/p> <p>Si un <strong>reflux gastro-\u0153sophagien<\/strong> semble douloureux (pleurs, g\u00eane, refus de s\u2019alimenter), un avis m\u00e9dical est pertinent. Garder b\u00e9b\u00e9 vertical quelques minutes apr\u00e8s le repas lorsqu\u2019il est \u00e9veill\u00e9 peut am\u00e9liorer le confort, puis on recouche sur le dos pour dormir.<\/p> <h3 id=\"priodeplusagiteautourde4moismaturationdusommeil\">P\u00e9riode plus agit\u00e9e autour de 4 mois : maturation du sommeil<\/h3> <p>Autour de 4 mois, beaucoup de parents notent une phase perturb\u00e9e : endormissement plus long, r\u00e9veils plus fr\u00e9quents, siestes plus courtes. Souvent, cela correspond \u00e0 une \u00e9volution des cycles et \u00e0 une horloge interne plus pr\u00e9cise.<\/p> <p>Ce qui aide : rep\u00e8res stables (lumi\u00e8re le jour, calme le soir), rituel court, ajustement des fen\u00eatres d\u2019\u00e9veil, et une dose de patience.<\/p> <h3 id=\"microsiestespourquoietcommentavolue\">Micro-siestes : pourquoi, et comment \u00e7a \u00e9volue<\/h3> <p>Avant 3 mois, les micro-siestes sont attendues : cycles courts, encha\u00eenements immatures, besoin de proximit\u00e9. Apr\u00e8s 4 mois, elles diminuent souvent.<\/p> <p>Pour soutenir des siestes plus longues :<\/p> <ul> <li>coucher d\u00e8s les premiers signes,<\/li> <li>r\u00e9duire les stimulations avant le dodo,<\/li> <li>stabiliser l\u2019ambiance.<\/li> <\/ul> <p>Si b\u00e9b\u00e9 se r\u00e9veille apr\u00e8s 40\u201350 minutes, un court temps de r\u00e9assurance (main pos\u00e9e, voix douce) peut parfois permettre un rendormissement.<\/p> <h3 id=\"refusdesiestesiestestropcourteslonguesdcalagejournuit\">Refus de sieste, siestes trop courtes\/longues, d\u00e9calage jour\/nuit<\/h3> <p><strong>Refus<\/strong> : souvent un probl\u00e8me de timing (trop t\u00f4t\/trop tard), de sur-stimulation, d\u2019inconfort (rhume, douleur, reflux) ou de changement de rythme (cr\u00e8che, d\u00e9placements). Un temps calme sans \u00ab\u00a0bataille\u00a0\u00bb vaut parfois mieux qu\u2019un endormissement forc\u00e9.<\/p> <p><strong>Siestes trop courtes<\/strong> : revoir la fen\u00eatre d\u2019\u00e9veil, l\u2019ambiance (trop de lumi\u00e8re, bruits soudains) ou une sur-fatigue.<\/p> <p><strong>Siestes tr\u00e8s longues<\/strong> : avant 3 mois, ce n\u2019est pas forc\u00e9ment g\u00eanant si l\u2019alimentation et la croissance suivent. Apr\u00e8s 4\u20136 mois, si une longue sieste tardive d\u00e9cale le coucher, vous pouvez limiter doucement la derni\u00e8re sieste.<\/p> <p><strong>Jour\/nuit invers\u00e9<\/strong> : accentuer les contrastes. Journ\u00e9es lumineuses et actives quand b\u00e9b\u00e9 est r\u00e9veill\u00e9, soir\u00e9es plus pos\u00e9es, nuit sombre et calme.<\/p> <h2 id=\"adapterlessiestesbbde06moisauquotidienetsavoirquanddemanderdelaide\">Adapter les siestes b\u00e9b\u00e9 de 0 \u00e0 6 mois au quotidien et savoir quand demander de l\u2019aide<\/h2> <h3 id=\"sortiesgarderunemargedecalme\">Sorties : garder une marge de calme<\/h3> <p>Les sorties ne \u00ab\u00a0cassent\u00a0\u00bb pas tout, mais elles ajoutent parfois de la fatigue. Anticiper un temps calme avant de partir, accepter une sieste en poussette\/portage, puis all\u00e9ger la fin de journ\u00e9e \u00e9vite l\u2019emballement.<\/p> <h3 id=\"gardejournesirrguliresrythmefamilialdesrepresflexibles\">Garde, journ\u00e9es irr\u00e9guli\u00e8res, rythme familial : des rep\u00e8res flexibles<\/h3> <p>Un rep\u00e8re qui suit b\u00e9b\u00e9 partout : un rituel court, une mani\u00e8re d\u2019installer, quelques mots r\u00e9p\u00e9t\u00e9s, une ambiance similaire. En mode de garde, transmettre les signes de fatigue observ\u00e9s et les fen\u00eatres d\u2019\u00e9veil approximatives aide beaucoup.<\/p> <p>Quand une journ\u00e9e d\u00e9rape : retour au simple. Observer, proposer le sommeil d\u00e8s les signaux, ajuster le coucher du soir.<\/p> <h3 id=\"quandconsultersignesquidoiventalerter\">Quand consulter : signes qui doivent alerter<\/h3> <p>Demandez un avis m\u00e9dical si vous observez :<\/p> <ul> <li>pauses respiratoires prolong\u00e9es, respiration difficile, coloration bleut\u00e9e\/gris\u00e2tre, somnolence inhabituelle,<\/li> <li>reflux tr\u00e8s douloureux, refus de s\u2019alimenter, r\u00e9gurgitations importantes avec inconfort marqu\u00e9,<\/li> <li>pleurs inconsolables, signes de douleur persistants,<\/li> <li>fi\u00e8vre (\u2265 38 \u00b0C) selon l\u2019\u00e2ge et le contexte, surtout si b\u00e9b\u00e9 est abattu ou s\u2019alimente mal,<\/li> <li>stagnation ou perte de poids, inqui\u00e9tude sur la croissance.<\/li> <\/ul> <h3 id=\"bienprparerlaconsultationnotessimplestrsutiles\">Bien pr\u00e9parer la consultation : notes simples, tr\u00e8s utiles<\/h3> <p>Sur 7 \u00e0 14 jours, noter : horaires de sommeil\/r\u00e9veil, dur\u00e9e des siestes, r\u00e9veils nocturnes, temps d\u2019\u00e9veil, humeur au r\u00e9veil, t\u00e9t\u00e9es\/biberons (horaires et quantit\u00e9s), signes de fatigue, \u00e9pisodes de reflux\/douleur\/fi\u00e8vre. Ces \u00e9l\u00e9ments aident \u00e0 rep\u00e9rer un d\u00e9calage de rythme, une sur-fatigue, ou une cause m\u00e9dicale.<\/p> <h2 id=\"retenir\">\u00c0 retenir<\/h2> <ul> <li>Les <strong>siestes b\u00e9b\u00e9 de 0 \u00e0 6 mois<\/strong> sont naturellement irr\u00e9guli\u00e8res au d\u00e9but , le rythme se structure souvent apr\u00e8s 3\u20134 mois.<\/li> <li>Les rep\u00e8res par \u00e2ge restent souples : les signes de fatigue guident mieux qu\u2019un planning rigide.<\/li> <li>Les <strong>fen\u00eatres d\u2019\u00e9veil<\/strong> aident \u00e0 proposer la sieste au bon moment et \u00e0 limiter la sur-fatigue.<\/li> <li>Rituel court, ambiance stable (p\u00e9nombre, bruit r\u00e9gulier, 18\u201320 \u00b0C) : des leviers simples.<\/li> <li>La s\u00e9curit\u00e9 prime : dos, surface ferme, lit d\u00e9gag\u00e9 , vigilance aussi en poussette, voiture et portage.<\/li> <li>Micro-siestes, p\u00e9riode agit\u00e9e autour de 4 mois, refus ponctuels : fr\u00e9quents, souvent transitoires.<\/li> <li>En cas de signes d\u2019alerte (respiration, reflux important, fi\u00e8vre, douleur, poids), un avis m\u00e9dical apporte des r\u00e9ponses.<\/li> <li>Pour des conseils personnalis\u00e9s et des questionnaires de sant\u00e9 gratuits pour les enfants, vous pouvez t\u00e9l\u00e9charger l\u2019<a href=\"https:\/\/app.adjust.com\/1g586ft8\" target=\"_blank\" rel=\"noopener\">application Heloa<\/a>.<\/li> <\/ul> <h2 id=\"lesquestionsdesparents\">Les questions des parents<\/h2> <h3 id=\"tableausommeilbb06mois\">Tableau sommeil b\u00e9b\u00e9 0\u20136 mois<\/h3> <p>Vous pouvez garder un tableau simple comme rep\u00e8re, souple et \u00e0 adapter : nouveau-n\u00e9 (0\u20131 mois) \u2014 sommeil total ~14\u201318 h, fen\u00eatres d\u2019\u00e9veil 30\u201360 min, plusieurs micro-siestes, 1\u20133 mois \u2014 ~14\u201317 h, siestes plus longues possibles (30\u201390 min), fen\u00eatres 45\u201390 min, 4\u20136 mois \u2014 ~12\u201315 h, souvent 2\u20133 siestes (matin, d\u00e9but d\u2019apr\u00e8s-midi, courte fin d\u2019apr\u00e8s-midi), fen\u00eatres 1h30\u20132h. Ce tableau n\u2019est pas une r\u00e8gle stricte : notez ce qui fonctionne pour votre b\u00e9b\u00e9 et ajustez selon sa faim, sa croissance et son bien\u2011\u00eatre.<\/p> <h3 id=\"microsiestes6moisquefaire\">Micro\u2011siestes \u00e0 6 mois : que faire ?<\/h3> <p>C\u2019est \u00e9puisant pour les parents, et rassurez\u2011vous, ce n\u2019est pas rare. V\u00e9rifiez d\u2019abord les signes physiques (dents, reflux, rhume) et recentrez les fen\u00eatres d\u2019\u00e9veil : parfois avancer de 10\u201315 minutes aide. Proposez un rituel court avant chaque sieste, posez b\u00e9b\u00e9 somnolent mais \u00e9veill\u00e9 pour favoriser l\u2019encha\u00eenement des cycles, et limitez la derni\u00e8re sieste si elle repousse le coucher. Si malgr\u00e9 tout les siestes restent tr\u00e8s courtes et que l\u2019alimentation, la croissance ou le comportement vous inqui\u00e8tent, n\u2019h\u00e9sitez pas \u00e0 en parler au p\u00e9diatre pour exclure une cause m\u00e9dicale.<\/p> <p><img decoding=\"async\" src=\"https:\/\/heloa.app\/wp-content\/uploads\/2026\/02\/siestes-bebe-de-0-a-6-mois-in-article-image.jpg\" width=\"628\" alt=\"Un papa berce doucement son nouveau-n\u00e9 pour favoriser les siestes b\u00e9b\u00e9 de 0 \u00e0 6 mois\" \/><\/p> <p><strong>Pour aller plus loin :<\/strong><\/p> <ul> <li><a href=\"https:\/\/www.mpedia.fr\/art-rythme-sieste\/\" target=\"_blank\" rel=\"noopener\">La sieste, sommeil de l&rsquo;enfant en journ\u00e9e<\/a><\/li> <\/ul>","protected":false},"excerpt":{"rendered":"<p>Guide pratique sur les siestes b\u00e9b\u00e9 de 0 \u00e0 6 mois : rep\u00e8res d&rsquo;\u00e2ge, fen\u00eatres d\u2019\u00e9veil, rituels et s\u00e9curit\u00e9 \u2014 des conseils bienveillants \u00e0 port\u00e9e de main.<\/p>\n","protected":false},"author":4,"featured_media":88068,"comment_status":"closed","ping_status":"","sticky":false,"template":"","format":"standard","meta":{"_acf_changed":false,"_kad_blocks_custom_css":"","_kad_blocks_head_custom_js":"","_kad_blocks_body_custom_js":"","_kad_blocks_footer_custom_js":"","_kad_post_transparent":"","_kad_post_title":"","_kad_post_layout":"","_kad_post_sidebar_id":"","_kad_post_content_style":"","_kad_post_vertical_padding":"","_kad_post_feature":"","_kad_post_feature_position":"","_kad_post_header":false,"_kad_post_footer":false,"_kad_post_classname":"","rank_math_title":"Siestes b\u00e9b\u00e9 de 0 \u00e0 6 mois : rythme, rep\u00e8res et conseils","rank_math_description":"Guide pratique sur les siestes b\u00e9b\u00e9 de 0 \u00e0 6 mois : rep\u00e8res d'\u00e2ge, fen\u00eatres d\u2019\u00e9veil, rituels et s\u00e9curit\u00e9 \u2014 des conseils bienveillants \u00e0 port\u00e9e de main.","rank_math_focus_keyword":"siestes b\u00e9b\u00e9 de 0 \u00e0 6 mois","rank_math_primary_category":670,"ilj_linkdefinition":["siestes b\u00e9b\u00e9 de 0 \u00e0 6 mois","siestes b\u00e9b\u00e9 {-2} 0-6 mois","siestes nourrisson {-2} 0-6 mois","sommeil b\u00e9b\u00e9 {-2} 0-6 mois","rythme {-2} siestes {-2} b\u00e9b\u00e9","fen\u00eatres d'\u00e9veil b\u00e9b\u00e9","siestes {-2} b\u00e9b\u00e9 {-1} nouveau-n\u00e9","siestes {-1} nourrisson","siestes de b\u00e9b\u00e9","sieste b\u00e9b\u00e9 {-1} matin","sieste b\u00e9b\u00e9 {-1} apr\u00e8s-midi","micro-siestes {-1} b\u00e9b\u00e9","siestes b\u00e9b\u00e9 {-1} 1 mois","siestes b\u00e9b\u00e9 {-1} 2 mois","repos b\u00e9b\u00e9 {-2} 0-6 mois","sommeil diurne {-1} b\u00e9b\u00e9","siestes de {-1} nourrisson","rythme jour {-1} nuit {-2} b\u00e9b\u00e9","conseils {-2} sieste {-2} b\u00e9b\u00e9","organisation {-2} siestes {-2} b\u00e9b\u00e9"],"footnotes":""},"categories":[670,646],"tags":[],"class_list":["post-88941","post","type-post","status-publish","format-standard","has-post-thumbnail","hentry","category-sommeil","category-0-12-mois"],"acf":{"prestation_table":"","technical_table":"","nom_professionnel":"","numero_telephone":"","convention_cas":"","contrat_acces_aux_soins":"","sesam_vitale":"","coordonnees":"","adresse":"","profession":"","numero_rpps":"","profession_description":"","commune":"","departement":"","prenom":"","origine":"","date_fete":"","signification_etymologie":"","histoire_origine_prenom":"","personne_celebre":"","age_moyen":"","prenoms_derives":"","prenoms_composes":"","naissances_2024":"","genre":"","prenoms_taxonomy":"","region_stats":"","evolution_naissances":""},"taxonomy_info":{"category":[{"value":670,"label":"Sommeil"},{"value":646,"label":"0-12 mois"}]},"featured_image_src_large":["https:\/\/heloa.app\/wp-content\/uploads\/2026\/02\/siestes-bebe-de-0-a-6-mois-featured-image-1024x572.jpg",1024,572,true],"author_info":{"display_name":"Heloa","author_link":"https:\/\/heloa.app\/fr\/author\/expert-heloa"},"comment_info":0,"category_info":[{"term_id":670,"name":"Sommeil","slug":"sommeil","term_group":0,"term_taxonomy_id":670,"taxonomy":"category","description":"","parent":646,"count":41,"filter":"raw","cat_ID":670,"category_count":41,"category_description":"","cat_name":"Sommeil","category_nicename":"sommeil","category_parent":646},{"term_id":646,"name":"0-12 mois","slug":"0-12-mois","term_group":0,"term_taxonomy_id":646,"taxonomy":"category","description":"Comprenez le d\u00e9veloppement de votre b\u00e9b\u00e9 qui \u00e9volue de 0 \u00e0 12 mois. Sourire, vous faire coucou, apprendre \u00e0 parler, \u00e0 marcher, manger seul, l'accompagner dans la gestion de ses \u00e9motions, on vous explique tout.","parent":0,"count":305,"filter":"raw","cat_ID":646,"category_count":305,"category_description":"Comprenez le d\u00e9veloppement de votre b\u00e9b\u00e9 qui \u00e9volue de 0 \u00e0 12 mois. Sourire, vous faire coucou, apprendre \u00e0 parler, \u00e0 marcher, manger seul, l'accompagner dans la gestion de ses \u00e9motions, on vous explique tout.","cat_name":"0-12 mois","category_nicename":"0-12-mois","category_parent":0}],"tag_info":false,"_links":{"self":[{"href":"https:\/\/heloa.app\/fr\/wp-json\/wp\/v2\/posts\/88941","targetHints":{"allow":["GET"]}}],"collection":[{"href":"https:\/\/heloa.app\/fr\/wp-json\/wp\/v2\/posts"}],"about":[{"href":"https:\/\/heloa.app\/fr\/wp-json\/wp\/v2\/types\/post"}],"author":[{"embeddable":true,"href":"https:\/\/heloa.app\/fr\/wp-json\/wp\/v2\/users\/4"}],"replies":[{"embeddable":true,"href":"https:\/\/heloa.app\/fr\/wp-json\/wp\/v2\/comments?post=88941"}],"version-history":[{"count":1,"href":"https:\/\/heloa.app\/fr\/wp-json\/wp\/v2\/posts\/88941\/revisions"}],"predecessor-version":[{"id":88942,"href":"https:\/\/heloa.app\/fr\/wp-json\/wp\/v2\/posts\/88941\/revisions\/88942"}],"wp:featuredmedia":[{"embeddable":true,"href":"https:\/\/heloa.app\/fr\/wp-json\/wp\/v2\/media\/88068"}],"wp:attachment":[{"href":"https:\/\/heloa.app\/fr\/wp-json\/wp\/v2\/media?parent=88941"}],"wp:term":[{"taxonomy":"category","embeddable":true,"href":"https:\/\/heloa.app\/fr\/wp-json\/wp\/v2\/categories?post=88941"},{"taxonomy":"post_tag","embeddable":true,"href":"https:\/\/heloa.app\/fr\/wp-json\/wp\/v2\/tags?post=88941"}],"curies":[{"name":"wp","href":"https:\/\/api.w.org\/{rel}","templated":true}]}}