{"id":88837,"date":"2026-03-06T18:15:42","date_gmt":"2026-03-06T17:15:42","guid":{"rendered":"https:\/\/heloa.app\/?p=88837"},"modified":"2026-03-06T18:15:42","modified_gmt":"2026-03-06T17:15:42","slug":"conge-pour-allaitement-en-france","status":"publish","type":"post","link":"https:\/\/heloa.app\/fr\/blog\/parents\/post-partum\/conge-pour-allaitement-en-france","title":{"rendered":"Cong\u00e9 pour allaitement en france : droits au travail et options"},"content":{"rendered":"<p>Reprendre le travail alors que l\u2019allaitement est bien lanc\u00e9, c\u2019est souvent un m\u00e9lange de fiert\u00e9 et de tension : horaires serr\u00e9s, trajets, r\u00e9unions qui s\u2019\u00e9ternisent\u2026 et ce besoin tr\u00e8s concret de nourrir (ou de tirer) \u00e0 un rythme r\u00e9gulier. Le terme <strong>cong\u00e9 pour allaitement en france<\/strong> circule beaucoup, parfois comme une promesse, parfois comme un mirage. Alors, que dit vraiment la loi ? Quelles marges existent via une <strong>convention collective<\/strong>, un accord d\u2019entreprise, ou l\u2019organisation du poste ? Et comment prot\u00e9ger sa sant\u00e9 (engorgement, mastite) tout en gardant une relation de travail sereine ?<\/p> <h2 id=\"comprendrelecongpourallaitementenfrancecequelaloiprvoitetcequirelvedesaccords\">Comprendre le \u00ab\u00a0cong\u00e9 pour allaitement en france\u00a0\u00bb : ce que la loi pr\u00e9voit, et ce qui rel\u00e8ve des accords<\/h2> <h3 id=\"uncongdallaitementdfinitionidesreuesetvocabulairereprer\">Un \u00ab\u00a0cong\u00e9 d\u2019allaitement\u00a0\u00bb : d\u00e9finition, id\u00e9es re\u00e7ues et vocabulaire \u00e0 rep\u00e9rer<\/h3> <p>En pratique, beaucoup de parents cherchent un <strong>cong\u00e9 pour allaitement en france<\/strong> au sens d\u2019une p\u00e9riode d\u2019absence d\u00e9di\u00e9e, comme un prolongement du cong\u00e9 maternit\u00e9. Or, dans le Code du travail, il n\u2019existe pas, en r\u00e8gle g\u00e9n\u00e9rale, de cong\u00e9 autonome intitul\u00e9 \u00ab\u00a0cong\u00e9 d\u2019allaitement\u00a0\u00bb applicable \u00e0 toutes les salari\u00e9es.<\/p> <p>Le socle le plus fr\u00e9quent, lui, est tr\u00e8s concret : le <strong>temps d\u2019allaitement<\/strong> (souvent appel\u00e9 <strong>pauses d\u2019allaitement<\/strong>) apr\u00e8s la reprise. Il peut servir \u00e0 allaiter directement si b\u00e9b\u00e9 est proche, ou \u00e0 <strong>tirer son lait<\/strong>.<\/p> <p>\u00c0 surveiller dans les documents RH (contrat, intranet, notes internes) : <strong>am\u00e9nagement du temps de travail<\/strong>, <strong>autorisation d\u2019absence<\/strong>, \u00ab\u00a0local d\u2019allaitement\u00a0\u00bb, accord d\u2019entreprise, et bien s\u00fbr <strong>convention collective<\/strong>.<\/p> <h3 id=\"congmaternitcongparentalpausesdallaitementnepastoutmlanger\">Cong\u00e9 maternit\u00e9, cong\u00e9 parental, pauses d\u2019allaitement : ne pas tout m\u00e9langer<\/h3> <ul> <li><strong>Cong\u00e9 maternit\u00e9<\/strong> : p\u00e9riode autour de l\u2019accouchement, indemnis\u00e9e (sous conditions), destin\u00e9e \u00e0 la r\u00e9cup\u00e9ration et aux suites de naissance. Il aide souvent l\u2019allaitement\u2026 sans en \u00eatre la condition.<\/li> <li><strong>Cong\u00e9 parental d\u2019\u00e9ducation<\/strong> : suspension ou r\u00e9duction d\u2019activit\u00e9 pour s\u2019occuper de l\u2019enfant. La r\u00e9mun\u00e9ration par l\u2019employeur n\u2019est pas pr\u00e9vue , selon votre situation, des aides peuvent exister.<\/li> <li><strong>Pauses\/temps d\u2019allaitement<\/strong> : temps d\u00e9di\u00e9 pendant la journ\u00e9e de travail, jusqu\u2019aux 1 an de l\u2019enfant.<\/li> <\/ul> <p>Vous vous demandez peut-\u00eatre : \u00ab\u00a0Donc le <strong>cong\u00e9 pour allaitement en france<\/strong> n\u2019existe jamais ?\u00a0\u00bb Il peut exister\u2026 mais via un texte plus favorable (branche, entreprise), pas comme r\u00e8gle g\u00e9n\u00e9rale.<\/p> <h3 id=\"quiestconcernprivpubliccontratsvarissituationsparticulires\">Qui est concern\u00e9 : priv\u00e9, public, contrats vari\u00e9s, situations particuli\u00e8res<\/h3> <p>Dans le secteur priv\u00e9, les pauses d\u2019allaitement concernent les salari\u00e9es (CDI, CDD, int\u00e9rim), sans condition d\u2019anciennet\u00e9, selon les articles du Code du travail (dont <strong>L1225-30<\/strong>).<\/p> <ul> <li>Ind\u00e9pendantes : pas de droit opposable \u00e0 des pauses, mais une libert\u00e9 d\u2019organisation (et parfois des arr\u00eats prescrits si un motif m\u00e9dical l\u2019impose).<\/li> <li>Fonction publique : modalit\u00e9s souvent cadr\u00e9es localement (autorisations d\u2019absence, contraintes de service). Une demande \u00e9crite au service RH permet d\u2019obtenir la r\u00e8gle applicable.<\/li> <\/ul> <h2 id=\"pausesdallaitementautravailcadrelgaletralitduterrain\">Pauses d\u2019allaitement au travail : cadre l\u00e9gal et r\u00e9alit\u00e9 du terrain<\/h2> <h3 id=\"leprincipeuntempsquotidienddiaprslareprise\">Le principe : un temps quotidien d\u00e9di\u00e9 apr\u00e8s la reprise<\/h3> <p>Le <strong>cong\u00e9 pour allaitement en france<\/strong> est souvent recherch\u00e9 pour \u00ab\u00a0tenir dans la dur\u00e9e\u00a0\u00bb. \u00c0 d\u00e9faut d\u2019un cong\u00e9 g\u00e9n\u00e9ralis\u00e9, le droit vise une autre logique : rendre possible une <strong>stimulation r\u00e9guli\u00e8re<\/strong> (t\u00e9t\u00e9e ou tirage) pendant la journ\u00e9e de travail, surtout la premi\u00e8re ann\u00e9e.<\/p> <p>Physiologie, en version simple : la lactation suit une m\u00e9canique \u00ab\u00a0offre-demande\u00a0\u00bb. Si les seins sont stimul\u00e9s et vid\u00e9s r\u00e9guli\u00e8rement, la production se maintient mieux. \u00c0 l\u2019inverse, de longues plages sans expression de lait augmentent le risque de <strong>tension mammaire<\/strong>, d\u2019<strong>engorgement<\/strong> et, chez certaines m\u00e8res, d\u2019une baisse progressive de la production.<\/p> <h3 id=\"dure1heureparjourjusquaux1andelenfant\">Dur\u00e9e : 1 heure par jour jusqu\u2019aux 1 an de l\u2019enfant<\/h3> <p>La r\u00e8gle rep\u00e8re : 1 heure par jour pendant la premi\u00e8re ann\u00e9e suivant la naissance. Cela correspond \u00e0 un droit d\u2019organisation, \u00e0 caler sur une journ\u00e9e r\u00e9aliste.<\/p> <p>D\u00e9tail qui change beaucoup la vie : pensez au \u00ab\u00a0temps invisible\u00a0\u00bb (installer le tire-lait, se laver les mains, \u00e9tiqueter, ranger). Une pause not\u00e9e \u00ab\u00a030 minutes\u00a0\u00bb peut, en pratique, se jouer au minuteur.<\/p> <h3 id=\"rpartition230minutesetencasdedsaccord\">R\u00e9partition : 2 \u00d7 30 minutes, et en cas de d\u00e9saccord<\/h3> <p>Souvent, l\u2019heure est fractionn\u00e9e en 2 \u00d7 30 minutes (matin et apr\u00e8s-midi). Le principe reste l\u2019accord entre l\u2019employeur et la salari\u00e9e.<\/p> <p>Si aucun accord n\u2019est trouv\u00e9, la r\u00e8gle pr\u00e9vue place le temps d\u2019allaitement au milieu de chaque demi-journ\u00e9e de travail. C\u2019est une base claire : ni tout au d\u00e9but (impraticable), ni tout \u00e0 la fin (inefficace pour la lactation).<\/p> <h2 id=\"amnagersonquotidienpourcontinuerlallaitementsansspuiser\">Am\u00e9nager son quotidien pour continuer l\u2019allaitement sans s\u2019\u00e9puiser<\/h2> <h3 id=\"planifierdespausesquitiennentetprvoirunemarge\">Planifier des pauses \u00ab\u00a0qui tiennent\u00a0\u00bb (et pr\u00e9voir une marge)<\/h3> <p>Une reprise, surtout les premiers jours, ressemble rarement au planning id\u00e9al. Quelques leviers simples :<\/p> <ul> <li>Proposer deux cr\u00e9neaux d\u00e8s le d\u00e9part (par exemple fin de matin\u00e9e, milieu d\u2019apr\u00e8s-midi).<\/li> <li>Ajouter 5 \u00e0 10 minutes \u00ab\u00a0tampon\u00a0\u00bb pour l\u2019installation et le rangement.<\/li> <li>Pr\u00e9voir une solution si une r\u00e9union d\u00e9borde (d\u00e9caler plut\u00f4t que supprimer).<\/li> <\/ul> <p>Et c\u00f4t\u00e9 sant\u00e9, une question utile : \u00ab\u00a0Est-ce que je commence \u00e0 avoir mal ?\u00a0\u00bb Une douleur localis\u00e9e, une zone rouge, de la fi\u00e8vre, des frissons, un \u00e9tat grippal\u2026 peuvent \u00e9voquer une <strong>mastite<\/strong> (inflammation du sein, parfois infectieuse). Un avis m\u00e9dical rapide aide \u00e0 \u00e9viter que la situation ne s\u2019aggrave.<\/p> <h3 id=\"ajusterleshorairesarrivesdpartscoupurestempspartiel\">Ajuster les horaires : arriv\u00e9es, d\u00e9parts, coupures, temps partiel<\/h3> <p>Quand les pauses sont difficiles \u00e0 caser, certaines familles pr\u00e9f\u00e8rent remodeler la journ\u00e9e : arriv\u00e9e plus tard, d\u00e9part plus t\u00f4t, pause m\u00e9ridienne plus longue, ou <strong>temps partiel<\/strong> temporaire.<\/p> <p>C\u00f4t\u00e9 b\u00e9b\u00e9, un changement fr\u00e9quent : les <strong>t\u00e9t\u00e9es de retrouvailles<\/strong> (matin, soir, nuit) augmentent. C\u2019est physiologique et souvent transitoire. Rep\u00e8res rassurants : couches mouill\u00e9es r\u00e9guli\u00e8res, b\u00e9b\u00e9 tonique, prise de poids suivie lors des consultations.<\/p> <h3 id=\"tltravailplussimpleoujustediffrent\">T\u00e9l\u00e9travail : plus simple\u2026 ou juste diff\u00e9rent ?<\/h3> <p>Le t\u00e9l\u00e9travail peut donner de l\u2019air : tirage plus confortable, possibilit\u00e9 de t\u00e9t\u00e9es si b\u00e9b\u00e9 est gard\u00e9 \u00e0 proximit\u00e9. Mais attention aux journ\u00e9es \u00ab\u00a0sans pause\u00a0\u00bb parce que tout se d\u00e9roule en visioconf\u00e9rence.<\/p> <p>Une r\u00e8gle qui aide : bloquer les cr\u00e9neaux de tirage comme de vrais rendez-vous. Sinon, on attend \u00ab\u00a0le bon moment\u00a0\u00bb\u2026 et il ne vient jamais.<\/p> <h2 id=\"rmunrationcequeditledroitetcequepeutchangervotretextecollectif\">R\u00e9mun\u00e9ration : ce que dit le droit, et ce que peut changer votre texte collectif<\/h2> <h3 id=\"pausesdallaitementleprincipelgalsouventnonrmunr\">Pauses d\u2019allaitement : le principe l\u00e9gal (souvent non r\u00e9mun\u00e9r\u00e9)<\/h3> <p>Point sensible : en droit commun, les pauses d\u2019allaitement ne sont pas assimil\u00e9es \u00e0 du temps de travail effectif. Elles sont donc, en principe, non r\u00e9mun\u00e9r\u00e9es.<\/p> <p>Cela ne veut pas dire \u00ab\u00a0aucune option\u00a0\u00bb. Cela veut dire : regarder les textes applicables.<\/p> <h3 id=\"quandlespausespeuventtrepayesconventioncollectiveetaccorddentreprise\">Quand les pauses peuvent \u00eatre pay\u00e9es : convention collective et accord d\u2019entreprise<\/h3> <p>Une <strong>convention collective<\/strong> ou un accord d\u2019entreprise peut pr\u00e9voir :<\/p> <ul> <li>pauses r\u00e9mun\u00e9r\u00e9es ,<\/li> <li>dur\u00e9e diff\u00e9rente ,<\/li> <li>regroupement possible ,<\/li> <li>modalit\u00e9s plus souples.<\/li> <\/ul> <p>Astuce pratique : la r\u00e9f\u00e9rence de la convention figure souvent sur la fiche de paie. Demandez ensuite la version \u00e0 jour au service RH.<\/p> <h3 id=\"lecongprvueninterneuneautrelogiquequelespauses\">Le \u00ab\u00a0cong\u00e9\u00a0\u00bb pr\u00e9vu en interne : une autre logique que les pauses<\/h3> <p>Quand une entreprise parle de <strong>cong\u00e9 pour allaitement en france<\/strong>, il s\u2019agit fr\u00e9quemment d\u2019un cong\u00e9 interne (jours ou semaines) d\u00e9fini par un accord : conditions, justificatifs, maintien de salaire\u2026 tout peut varier.<\/p> <p>Clarifiez par \u00e9crit : dates, r\u00e9mun\u00e9ration, impact sur primes, cong\u00e9s, et modalit\u00e9s de retour.<\/p> <h2 id=\"localdallaitementespacehygineintimitetobligationsdelemployeur\">Local d\u2019allaitement : espace, hygi\u00e8ne, intimit\u00e9\u2026 et obligations de l\u2019employeur<\/h2> <h3 id=\"pourquoiunlocalchangelexprienceetrduitlestress\">Pourquoi un local change l\u2019exp\u00e9rience (et r\u00e9duit le stress)<\/h3> <p>Un local adapt\u00e9, c\u2019est : intimit\u00e9, hygi\u00e8ne, un si\u00e8ge correct, une prise \u00e9lectrique, un point d\u2019eau proche. Et cette petite chose invisible mais puissante : ne pas \u00ab\u00a0se cacher\u00a0\u00bb.<\/p> <h3 id=\"durequandunlocalexiste220minutes\">Dur\u00e9e quand un local existe : 2 \u00d7 20 minutes<\/h3> <p>Quand un local d\u2019allaitement est mis \u00e0 disposition, le cadre r\u00e9glementaire permet de ramener les pauses \u00e0 2 \u00d7 20 minutes.<\/p> <p>Sur le papier, c\u2019est plus court. Dans la vraie vie, 20 minutes peuvent \u00eatre insuffisantes si l\u2019installation prend du temps. Une discussion pragmatique avec le manager (horaires, lieu, contraintes du poste) \u00e9vite les pauses irr\u00e9alistes.<\/p> <h3 id=\"localconformecritresconcrets\">Local conforme : crit\u00e8res concrets<\/h3> <p>Un local conforme n\u2019est pas un toilette ni un d\u00e9barras. Les crit\u00e8res attendus tournent autour de : pi\u00e8ce s\u00e9par\u00e9e, a\u00e9ration, \u00e9clairage, temp\u00e9rature adapt\u00e9e, propret\u00e9, eau \u00e0 proximit\u00e9, si\u00e8ges convenables, confidentialit\u00e9.<\/p> <p>Si l\u2019intimit\u00e9 ou l\u2019hygi\u00e8ne ne sont pas au rendez-vous, demander une alternative est l\u00e9gitime.<\/p> <h3 id=\"tailledelentreprisefocussurlesstructuresdeplusde100salaris\">Taille de l\u2019entreprise : focus sur les structures de plus de 100 salari\u00e9s<\/h3> <p>Dans les entreprises de plus de 100 salari\u00e9s, des obligations sp\u00e9cifiques existent pour la mise \u00e0 disposition d\u2019un local (articles du Code du travail, dont <strong>L1225-32<\/strong> et dispositions r\u00e9glementaires associ\u00e9es, notamment <strong>R4152-13<\/strong> et suivants). Concr\u00e8tement : o\u00f9 est le local, comment y acc\u00e9der, qui le nettoie, quelles r\u00e8gles d\u2019utilisation ?<\/p> <h2 id=\"conventioncollectiveetfonctionpubliquepourquoilesrgleschangentdunlieulautre\">Convention collective et fonction publique : pourquoi les r\u00e8gles changent d\u2019un lieu \u00e0 l\u2019autre<\/h2> <h3 id=\"laloidonneleplancherlestextescollectifspeuventfairemieux\">La loi donne le plancher, les textes collectifs peuvent faire mieux<\/h3> <p>Le Code du travail fixe une base. Une convention collective peut apporter un vrai confort : r\u00e9mun\u00e9ration, souplesse, dur\u00e9e, voire un cong\u00e9 suppl\u00e9mentaire.<\/p> <p>C\u2019est l\u00e0 que la recherche d\u2019un <strong>cong\u00e9 pour allaitement en france<\/strong> prend tout son sens : il peut exister, mais il d\u00e9pend souvent du secteur.<\/p> <h3 id=\"accordsdentrepriseamnagementspossibles\">Accords d\u2019entreprise : am\u00e9nagements possibles<\/h3> <p>Certains accords pr\u00e9voient : flexibilit\u00e9 d\u2019horaires, acc\u00e8s \u00e0 une salle d\u00e9di\u00e9e, possibilit\u00e9 de regrouper les pauses, parfois mise \u00e0 disposition d\u2019un r\u00e9frig\u00e9rateur ou de mat\u00e9riel.<\/p> <p>Si c\u2019est \u00e9crit, cela se demande. Simplement. Et id\u00e9alement, par mail.<\/p> <h3 id=\"privvsfonctionpubliqueformaliserpourviterlesajustementspermanents\">Priv\u00e9 vs fonction publique : formaliser pour \u00e9viter les ajustements permanents<\/h3> <p>Dans la fonction publique, la marge d\u00e9pend des n\u00e9cessit\u00e9s de service. D\u2019o\u00f9 l\u2019int\u00e9r\u00eat de formaliser : horaires, dur\u00e9e, lieu, r\u00e8gles de remplacement au poste.<\/p> <p>Un accord clair d\u00e8s le d\u00e9part limite les discussions r\u00e9p\u00e9t\u00e9es, souvent \u00e9puisantes.<\/p> <h2 id=\"demandersesamnagementsetseprotgerencasdedifficult\">Demander ses am\u00e9nagements et se prot\u00e9ger en cas de difficult\u00e9<\/h2> <h3 id=\"quandenparlerquietcommentproposerdescrneaux\">Quand en parler, \u00e0 qui, et comment proposer des cr\u00e9neaux<\/h3> <p>Id\u00e9alement : avant la reprise ou d\u00e8s la premi\u00e8re semaine. Interlocuteurs : manager direct et RH.<\/p> <p>Une formulation possible, simple et cadr\u00e9e :<\/p> <blockquote>   <p>\u00ab\u00a0Je souhaite b\u00e9n\u00e9ficier du temps d\u2019allaitement pr\u00e9vu par le Code du travail (L1225-30) : 1 heure par jour, id\u00e9alement en deux pauses. Je propose ces horaires pendant 6 semaines, puis on ajuste si besoin.\u00a0\u00bb<\/p> <\/blockquote> <h3 id=\"tracescritesemailscompterendusrglespratiques\">Traces \u00e9crites : emails, compte-rendus, r\u00e8gles pratiques<\/h3> <p>Les \u00e9changes oraux se d\u00e9forment. Un mail r\u00e9capitulatif prot\u00e8ge tout le monde : horaires, lieu, acc\u00e8s au local, stockage du lait (r\u00e9frig\u00e9rateur, sac isotherme), consignes d\u2019absence au poste.<\/p> <p>D\u00e9tail utile : \u00e9tiqueter le lait (date\/heure) et pr\u00e9voir une cha\u00eene du froid (glaci\u00e8re + pains de glace si n\u00e9cessaire).<\/p> <h3 id=\"protectiondelasalarieallaitantesignauxdalerte\">Protection de la salari\u00e9e allaitante : signaux d\u2019alerte<\/h3> <p>Des remarques insistantes, une mise \u00e0 l\u2019\u00e9cart, des horaires modifi\u00e9s \u00ab\u00a0pour punir\u00a0\u00bb, une \u00e9valuation d\u00e9grad\u00e9e li\u00e9e aux pauses\u2026 ce sont des signaux \u00e0 prendre t\u00f4t.<\/p> <p>Interlocuteurs possibles : RH, repr\u00e9sentants du personnel, <strong>m\u00e9decin du travail<\/strong>. L\u2019objectif : pr\u00e9server la sant\u00e9 et un cadre de travail respectueux.<\/p> <h3 id=\"encasderefustapesderecours\">En cas de refus : \u00e9tapes de recours<\/h3> <p>Si tout devient impossible :<\/p> <ol> <li>demander un refus motiv\u00e9 par \u00e9crit ,<\/li> <li>solliciter un \u00e9change formel avec RH\/manager, et si besoin le m\u00e9decin du travail ,<\/li> <li>contacter l\u2019<strong>inspection du travail<\/strong> ,<\/li> <li>en dernier recours, saisir le conseil de prud\u2019hommes.<\/li> <\/ol> <h2 id=\"prolongerlallaitementaprslecongmaternitoptionsconcrtessanspression\">Prolonger l\u2019allaitement apr\u00e8s le cong\u00e9 maternit\u00e9 : options concr\u00e8tes, sans pression<\/h2> <h3 id=\"combinercongspaysrttetpausesdallaitement\">Combiner cong\u00e9s pay\u00e9s\/RTT et pauses d\u2019allaitement<\/h3> <p>Poser des cong\u00e9s pay\u00e9s ou RTT apr\u00e8s le cong\u00e9 maternit\u00e9 permet parfois une reprise plus progressive : b\u00e9b\u00e9 grandit, la lactation se stabilise, l\u2019organisation se rode. Puis les pauses prennent le relais.<\/p> <h3 id=\"congparentaleffetssurlapoursuitedelallaitement\">Cong\u00e9 parental : effets sur la poursuite de l\u2019allaitement<\/h3> <p>Le cong\u00e9 parental (total ou \u00e0 temps partiel) r\u00e9duit la s\u00e9paration. Certaines m\u00e8res choisissent un temps partiel parental : moins de tirages au travail, plus de t\u00e9t\u00e9es directes, fatigue parfois mieux r\u00e9partie.<\/p> <p>Le bon choix est celui qui tient dans votre r\u00e9alit\u00e9 familiale, financi\u00e8re et de sant\u00e9.<\/p> <h3 id=\"quandcestcompliquadapterlobjectifetsefaireaider\">Quand c\u2019est compliqu\u00e9 : adapter l\u2019objectif, et se faire aider<\/h3> <p>Si tirer au travail devient trop difficile :<\/p> <ul> <li>demander une adaptation temporaire du planning ,<\/li> <li>envisager un allaitement \u00ab\u00a0matin\/soir\u00a0\u00bb et les jours de repos, sans tirage en journ\u00e9e (selon votre confort et la r\u00e9ponse de votre lactation) ,<\/li> <li>demander un accompagnement (sage-femme, consultante en lactation, m\u00e9decin) en cas de douleurs, fatigue importante, ou question sur les quantit\u00e9s.<\/li> <\/ul> <p>Rep\u00e8res m\u00e9dicaux simples : crevasses marqu\u00e9es, engorgements r\u00e9p\u00e9titifs, douleur persistante, baisse des couches mouill\u00e9es, cassure de courbe de poids\u2026 m\u00e9ritent un avis.<\/p> <h2 id=\"retenir\">\u00c0 retenir<\/h2> <ul> <li>Le terme <strong>cong\u00e9 pour allaitement en france<\/strong> recouvre souvent deux r\u00e9alit\u00e9s : les <strong>pauses d\u2019allaitement<\/strong> pr\u00e9vues par la loi, et parfois un cong\u00e9 suppl\u00e9mentaire d\u00e9fini par un accord.<\/li> <li>Le droit commun pr\u00e9voit 1 heure par jour jusqu\u2019aux 1 an de l\u2019enfant, souvent en 2 \u00d7 30 minutes , sans accord, placement au milieu de chaque demi-journ\u00e9e.<\/li> <li>En principe, ces pauses sont non r\u00e9mun\u00e9r\u00e9es, sauf texte plus favorable (convention collective, accord d\u2019entreprise).<\/li> <li>Un local adapt\u00e9 facilite l\u2019intimit\u00e9 et l\u2019hygi\u00e8ne , quand il existe, les pauses peuvent passer \u00e0 2 \u00d7 20 minutes.<\/li> <li>En cas de tension : formaliser par \u00e9crit, solliciter le <strong>m\u00e9decin du travail<\/strong>, puis l\u2019<strong>inspection du travail<\/strong> si n\u00e9cessaire.<\/li> <li>Des options existent pour poursuivre l\u2019allaitement sans pression : cong\u00e9s, temps partiel, t\u00e9l\u00e9travail, adaptation du rythme.<\/li> <li>Pour des rep\u00e8res personnalis\u00e9s selon l\u2019\u00e2ge de votre enfant et votre situation, vous pouvez t\u00e9l\u00e9charger l\u2019<a href=\"https:\/\/app.adjust.com\/1g586ft8\" target=\"_blank\" rel=\"noopener\">application Heloa<\/a> : conseils adapt\u00e9s et questionnaires de sant\u00e9 gratuits pour les enfants.<\/li> <\/ul> <h2 id=\"lesquestionsdesparents\">Les questions des parents<\/h2> <h3 id=\"fautilunjustificatifmdicalpourobtenirdespausesdallaitement\">Faut\u2011il un justificatif m\u00e9dical pour obtenir des pauses d\u2019allaitement ?<\/h3> <p>Non, le droit aux pauses d\u2019allaitement d\u00e9coule du Code du travail : en principe vous n\u2019avez pas \u00e0 fournir un certificat pour en b\u00e9n\u00e9ficier. En revanche, si vous demandez un am\u00e9nagement plus favorable (dur\u00e9e suppl\u00e9mentaire, cong\u00e9 interne, temps partiel pour raisons de sant\u00e9), un document m\u00e9dical peut faciliter la discussion. En cas de douleur, d\u2019engorgement ou de mastite, n\u2019h\u00e9sitez pas \u00e0 consulter et \u00e0 informer le m\u00e9decin du travail : un avis m\u00e9dical peut aider \u00e0 formaliser des adaptations rapides.<\/p> <h3 id=\"lespausessontellesprisesencomptepourlescongspaysheuressupplmentairesetprimes\">Les pauses sont\u2011elles prises en compte pour les cong\u00e9s pay\u00e9s, heures suppl\u00e9mentaires et primes ?<\/h3> <p>En droit commun, ces pauses ne sont pas du temps de travail effectif : elles ne sont donc g\u00e9n\u00e9ralement pas compt\u00e9es pour les cong\u00e9s pay\u00e9s, les heures suppl\u00e9mentaires ou des primes li\u00e9es au temps travaill\u00e9. Toutefois, une convention collective ou un accord d\u2019entreprise peut pr\u00e9voir le contraire. V\u00e9rifiez la r\u00e9f\u00e9rence sur votre fiche de paie et demandez la r\u00e8gle \u00e9crite au service RH pour \u00e9viter toute surprise.<\/p> <h3 id=\"puisjeregrouperlheureenunseulcrneau\">Puis\u2011je regrouper l\u2019heure en un seul cr\u00e9neau ?<\/h3> <p>Si vous et votre employeur en convenez, oui. \u00c0 d\u00e9faut d\u2019accord, la r\u00e8gle pr\u00e9voit le placement au milieu de chaque demi-journ\u00e9e (souvent 2\u00d730 min). Proposez des cr\u00e9neaux pr\u00e9cis par \u00e9crit \u2014 c\u2019est souvent la solution la plus simple pour trouver un compromis serein.<\/p> <p><img decoding=\"async\" src=\"https:\/\/heloa.app\/wp-content\/uploads\/2026\/02\/conge-pour-allaitement-en-france-in-article-image.jpg\" width=\"628\" alt=\"Un b\u00e9b\u00e9 nourri au biberon par son p\u00e8re illustrant la gestion du quotidien sans cong\u00e9 pour allaitement en france long\" \/><\/p> <p><strong>Pour aller plus loin :<\/strong><\/p> <ul> <li><a href=\"https:\/\/www.ameli.fr\/assure\/droits-demarches\/famille\/maternite-paternite-adoption\/duree-du-conge-maternite\/conge-maternite-salariee#:~:text=Il%20n&#039;existe%20pas%20de,vous%20aupr%C3%A8s%20de%20votre%20employeur.\" target=\"_blank\" rel=\"noopener\">La dur\u00e9e du cong\u00e9 maternit\u00e9 d&rsquo;une salari\u00e9e | ameli.fr | Assur\u00e9<\/a><\/li> <li><a href=\"https:\/\/www.service-public.gouv.fr\/particuliers\/vosdroits\/F1769\" target=\"_blank\" rel=\"noopener\">Une salari\u00e9e peut-elle allaiter pendant les heures de travail ?<\/a><\/li> <\/ul>","protected":false},"excerpt":{"rendered":"<p>Le guide complet sur le cong\u00e9 pour allaitement en France : droits, pauses au travail, locaux et recours. T\u00e9l\u00e9chargez des conseils pratiques pour l&rsquo;organisation.<\/p>\n","protected":false},"author":4,"featured_media":87958,"comment_status":"closed","ping_status":"","sticky":false,"template":"","format":"standard","meta":{"_acf_changed":false,"_kad_blocks_custom_css":"","_kad_blocks_head_custom_js":"","_kad_blocks_body_custom_js":"","_kad_blocks_footer_custom_js":"","_kad_post_transparent":"","_kad_post_title":"","_kad_post_layout":"","_kad_post_sidebar_id":"","_kad_post_content_style":"","_kad_post_vertical_padding":"","_kad_post_feature":"","_kad_post_feature_position":"","_kad_post_header":false,"_kad_post_footer":false,"_kad_post_classname":"","rank_math_title":"Cong\u00e9 pour allaitement en france : droits, pauses et options","rank_math_description":"Le guide complet sur le cong\u00e9 pour allaitement en France : droits, pauses au travail, locaux et recours. T\u00e9l\u00e9chargez des conseils pratiques pour l'organisation.","rank_math_focus_keyword":"cong\u00e9 pour allaitement en france","rank_math_primary_category":753,"ilj_linkdefinition":["cong\u00e9 pour allaitement en france","temps d'allaitement au travail","pauses {-1} allaitement","cong\u00e9 {-1} allaitement","droits {-2} allaitement {-2} travail","pauses pour allaitement","am\u00e9nagement {-2} allaitement {-2} travail","local d'allaitement","convention collective {-2} allaitement","autorisation {-2} absence {-2} allaitement","cong\u00e9 maternit\u00e9 {-2} allaitement","allaitement et reprise du travail","tirer son lait au travail","allaitement au travail en france"],"footnotes":""},"categories":[753,651],"tags":[],"class_list":["post-88837","post","type-post","status-publish","format-standard","has-post-thumbnail","hentry","category-post-partum-parents","category-parents"],"acf":{"prestation_table":"","technical_table":"","nom_professionnel":"","numero_telephone":"","convention_cas":"","contrat_acces_aux_soins":"","sesam_vitale":"","coordonnees":"","adresse":"","profession":"","numero_rpps":"","profession_description":"","commune":"","departement":"","prenom":"","origine":"","date_fete":"","signification_etymologie":"","histoire_origine_prenom":"","personne_celebre":"","age_moyen":"","prenoms_derives":"","prenoms_composes":"","naissances_2024":"","genre":"","prenoms_taxonomy":"","region_stats":"","evolution_naissances":""},"taxonomy_info":{"category":[{"value":753,"label":"Post-partum"},{"value":651,"label":"Parents"}]},"featured_image_src_large":["https:\/\/heloa.app\/wp-content\/uploads\/2026\/02\/conge-pour-allaitement-en-france-featured-image-1024x559.jpg",1024,559,true],"author_info":{"display_name":"Heloa","author_link":"https:\/\/heloa.app\/fr\/author\/expert-heloa"},"comment_info":0,"category_info":[{"term_id":753,"name":"Post-partum","slug":"post-partum-parents","term_group":0,"term_taxonomy_id":753,"taxonomy":"category","description":"","parent":651,"count":44,"filter":"raw","cat_ID":753,"category_count":44,"category_description":"","cat_name":"Post-partum","category_nicename":"post-partum-parents","category_parent":651},{"term_id":651,"name":"Parents","slug":"parents","term_group":0,"term_taxonomy_id":651,"taxonomy":"category","description":"Apr\u00e8s l'arriv\u00e9e d\u2019un enfant, il est normal qu'en tant que parent vous vous sentiez d\u00e9pass\u00e9 : de nouvelles responsabilit\u00e9s, un manque de sommeil, les \u00e9motions qui font les montagnes russes. Les nouveaux parents ont besoin de soutien, on est la pour \u00e7a.","parent":0,"count":205,"filter":"raw","cat_ID":651,"category_count":205,"category_description":"Apr\u00e8s l'arriv\u00e9e d\u2019un enfant, il est normal qu'en tant que parent vous vous sentiez d\u00e9pass\u00e9 : de nouvelles responsabilit\u00e9s, un manque de sommeil, les \u00e9motions qui font les montagnes russes. Les nouveaux parents ont besoin de soutien, on est la pour \u00e7a.","cat_name":"Parents","category_nicename":"parents","category_parent":0}],"tag_info":false,"_links":{"self":[{"href":"https:\/\/heloa.app\/fr\/wp-json\/wp\/v2\/posts\/88837","targetHints":{"allow":["GET"]}}],"collection":[{"href":"https:\/\/heloa.app\/fr\/wp-json\/wp\/v2\/posts"}],"about":[{"href":"https:\/\/heloa.app\/fr\/wp-json\/wp\/v2\/types\/post"}],"author":[{"embeddable":true,"href":"https:\/\/heloa.app\/fr\/wp-json\/wp\/v2\/users\/4"}],"replies":[{"embeddable":true,"href":"https:\/\/heloa.app\/fr\/wp-json\/wp\/v2\/comments?post=88837"}],"version-history":[{"count":1,"href":"https:\/\/heloa.app\/fr\/wp-json\/wp\/v2\/posts\/88837\/revisions"}],"predecessor-version":[{"id":88838,"href":"https:\/\/heloa.app\/fr\/wp-json\/wp\/v2\/posts\/88837\/revisions\/88838"}],"wp:featuredmedia":[{"embeddable":true,"href":"https:\/\/heloa.app\/fr\/wp-json\/wp\/v2\/media\/87958"}],"wp:attachment":[{"href":"https:\/\/heloa.app\/fr\/wp-json\/wp\/v2\/media?parent=88837"}],"wp:term":[{"taxonomy":"category","embeddable":true,"href":"https:\/\/heloa.app\/fr\/wp-json\/wp\/v2\/categories?post=88837"},{"taxonomy":"post_tag","embeddable":true,"href":"https:\/\/heloa.app\/fr\/wp-json\/wp\/v2\/tags?post=88837"}],"curies":[{"name":"wp","href":"https:\/\/api.w.org\/{rel}","templated":true}]}}