{"id":88825,"date":"2026-03-06T06:53:20","date_gmt":"2026-03-06T05:53:20","guid":{"rendered":"https:\/\/heloa.app\/?p=88825"},"modified":"2026-03-06T06:53:20","modified_gmt":"2026-03-06T05:53:20","slug":"enfant-peur-du-noir","status":"publish","type":"post","link":"https:\/\/heloa.app\/fr\/blog\/1-3-ans\/sommeil\/enfant-peur-du-noir","title":{"rendered":"Enfant peur du noir : comprendre et apaiser au coucher"},"content":{"rendered":"<p>Quand la lumi\u00e8re s\u2019\u00e9teint, certains enfants se crispent, n\u00e9gocient, pleurent, appellent\u2026 et les soir\u00e9es s\u2019\u00e9tirent, parfois jusqu\u2019\u00e0 \u00e9puiser tout le monde. <strong>Enfant peur du noir<\/strong> n\u2019est pas un caprice : l\u2019obscurit\u00e9 retire les rep\u00e8res visuels, l\u2019imaginaire comble les vides, et le cerveau \u00e9motionnel s\u2019active vite, surtout quand la fatigue s\u2019accumule. Bonne nouvelle : avec des mots justes, un cadre stable et des \u00e9tapes progressives, la plupart des enfants apprennent \u00e0 se sentir en s\u00e9curit\u00e9 et \u00e0 s\u2019endormir plus sereinement.<\/p> <h2 id=\"enfantpeurdunoirdequoiparletonvraiment\">Enfant peur du noir : de quoi parle-t-on vraiment ?<\/h2> <p>Quand on dit <strong>enfant peur du noir<\/strong>, on d\u00e9crit un ensemble de r\u00e9actions : inqui\u00e9tude d\u00e8s que la chambre s\u2019assombrit, refus d\u2019\u00e9teindre, besoin d\u2019une <strong>veilleuse<\/strong>, appels r\u00e9p\u00e9t\u00e9s, demandes de v\u00e9rification. Le point commun ? Une sensation de menace\u2026 sans menace objective.<\/p> <p>Et vous vous demandez peut-\u00eatre : \u00ab\u00a0Mais il sait que je suis l\u00e0, pourquoi \u00e7a monte si fort ?\u00a0\u00bb Parce que, le soir, le cerveau d\u2019un jeune enfant fonctionne moins avec le raisonnement et davantage avec les signaux de s\u00e9curit\u00e9 (voix, pr\u00e9sence, rep\u00e8res constants).<\/p> <h3 id=\"peurdunoirchezlenfantvsnyctophobie\">Peur du noir chez l\u2019enfant vs nyctophobie<\/h3> <p>La peur du noir \u00ab\u00a0d\u00e9veloppementale\u00a0\u00bb appara\u00eet souvent entre 2 et 6 ans. Elle fluctue selon les p\u00e9riodes (rentr\u00e9e, maladie, changements familiaux, fatigue) et s\u2019am\u00e9liore quand l\u2019enfant gagne en <strong>r\u00e9gulation \u00e9motionnelle<\/strong>.<\/p> <p>On parle plut\u00f4t de <strong>nyctophobie<\/strong> (phobie sp\u00e9cifique) quand la peur devient envahissante : d\u00e9tresse intense, \u00e9vitements, crises au moment d\u2019\u00e9teindre, <strong>r\u00e9veils nocturnes<\/strong> fr\u00e9quents, retentissement marqu\u00e9 sur la journ\u00e9e (irritabilit\u00e9, fatigue, difficult\u00e9s d\u2019attention). Dans ce cas, un avis m\u00e9dical ou psychologique peut aider \u00e0 sortir d\u2019un cercle install\u00e9.<\/p> <h3 id=\"peurdunoiretpeurdedormirseulleduoclassique\">Peur du noir et peur de dormir seul : le duo classique<\/h3> <p>Le coucher, c\u2019est une s\u00e9paration. Et la s\u00e9paration, pour un jeune enfant, peut activer une <strong>anxi\u00e9t\u00e9 de s\u00e9paration<\/strong> tr\u00e8s concr\u00e8te : \u00ab\u00a0Tu n\u2019es plus l\u00e0, donc je ne suis plus en s\u00e9curit\u00e9\u00a0\u00bb. Dans l\u2019obscurit\u00e9, cette alarme est amplifi\u00e9e.<\/p> <p>Travailler la s\u00e9curit\u00e9 ET l\u2019autonomie ensemble change la dynamique : pr\u00e9sence parentale dos\u00e9e, retours pr\u00e9visibles, puis distance qui augmente petit \u00e0 petit. Pas \u00e0 pas. Sans bras de fer.<\/p> <h3 id=\"signesobservablesaucoucher\">Signes observables au coucher<\/h3> <p>Un <strong>enfant peur du noir<\/strong> peut montrer :<\/p> <ul> <li>r\u00e9sistance au coucher, agitation d\u00e8s que la lumi\u00e8re baisse ,<\/li> <li>pleurs, cris, agrippement, demandes de rester ,<\/li> <li>rituels interminables (\u00ab\u00a0encore un c\u00e2lin\u00a0\u00bb, \u00ab\u00a0encore une histoire\u00a0\u00bb) ,<\/li> <li>peur des ombres, des bruits, du placard, du dessous du lit ,<\/li> <li>r\u00e9veils en appelant, passages dans le lit parental ,<\/li> <li>plaintes somatiques au coucher (ventre, t\u00eate) sans cause \u00e9vidente.<\/li> <\/ul> <h2 id=\"quelgelapeurdunoirapparatetquandcelainquite\">\u00c0 quel \u00e2ge la peur du noir appara\u00eet (et quand cela inqui\u00e8te) ?<\/h2> <h3 id=\"bbettoutpetitds18mois\">B\u00e9b\u00e9 et tout-petit (d\u00e8s 18 mois)<\/h3> <p>Chez le b\u00e9b\u00e9, la \u00ab\u00a0peur du noir\u00a0\u00bb est rarement isol\u00e9e. On observe surtout une difficult\u00e9 de transition vers le sommeil : s\u00e9paration, besoin de contact, inconfort, sur-stimulation. \u00c0 cet \u00e2ge, le syst\u00e8me nerveux s\u2019apaise gr\u00e2ce \u00e0 la r\u00e9p\u00e9tition et \u00e0 la pr\u00e9visibilit\u00e9 (m\u00eames gestes, m\u00eame ordre, m\u00eame ambiance). Une pr\u00e9sence calme agit comme un r\u00e9gulateur externe.<\/p> <h3 id=\"enfantpeurdunoir2ans\">Enfant peur du noir \u00e0 2 ans<\/h3> <p>Vers 2 ans, l\u2019enfant anticipe davantage la s\u00e9paration. La protestation peut \u00eatre vive au moment d\u2019\u00e9teindre, avec un besoin de contr\u00f4le tr\u00e8s typique (\u00ab\u00a0non, encore\u00a0\u00bb). \u00c0 cet \u00e2ge, une routine courte + <strong>objet transitionnel<\/strong> (doudou) + p\u00e9nombre rassurante a souvent un effet rapide. L\u2019objectif n\u2019est pas le noir total. L\u2019objectif, c\u2019est un endormissement possible.<\/p> <h3 id=\"enfantpeurdunoir3ans\">Enfant peur du noir \u00e0 3 ans<\/h3> <p>\u00c0 3 ans, l\u2019imagination \u00ab\u00a0fabrique\u00a0\u00bb. Une ombre devient une silhouette, un craquement devient un danger. Ce n\u2019est pas du th\u00e9\u00e2tre : c\u2019est une interpr\u00e9tation \u00e9motionnelle. La distinction r\u00e9el\/imaginaire progresse, mais elle n\u2019est pas encore solide la nuit, quand le cerveau est fatigu\u00e9.<\/p> <h3 id=\"enfantpeurdunoir4ans\">Enfant peur du noir \u00e0 4 ans<\/h3> <p>\u00c0 4 ans, l\u2019enfant verbalise mieux et peut raconter des sc\u00e9narios nocturnes. C\u2019est aussi un \u00e2ge propice aux outils : respiration simple, phrases-rep\u00e8res, exposition gradu\u00e9e. On peut co-construire avec lui : \u00ab\u00a0Qu\u2019est-ce qui t\u2019aide un peu ? Qu\u2019est-ce qui aggrave ?\u00a0\u00bb<\/p> <h3 id=\"enfantpeurdunoir56ans\">Enfant peur du noir \u00e0 5\u20136 ans<\/h3> <p>\u00c0 5\u20136 ans, beaucoup avancent vers l\u2019autonomie, avec parfois des rechutes (stress, vacances, changement de chambre). La cl\u00e9 : constance, paliers, encouragement des petites r\u00e9ussites. Un enfant peut encore avoir peur, et pourtant apprendre \u00e0 s\u2019endormir malgr\u00e9 la peur. Nuance importante.<\/p> <h3 id=\"aprs78ansquandseposerdesquestions\">Apr\u00e8s 7\u20138 ans : quand se poser des questions<\/h3> <p>Une peur du noir persistante chez l\u2019enfant devient moins fr\u00e9quente apr\u00e8s 7\u20138 ans. Un \u00e9change avec un professionnel est pertinent si :<\/p> <ul> <li>la peur dure depuis plusieurs mois sans am\u00e9lioration ,<\/li> <li>l\u2019endormissement est r\u00e9guli\u00e8rement impossible ,<\/li> <li>les nuits sont tr\u00e8s fragment\u00e9es ,<\/li> <li>la journ\u00e9e est impact\u00e9e (fatigue, anxi\u00e9t\u00e9, difficult\u00e9s scolaires) ,<\/li> <li>les peurs se multiplient (\u00e9vitements, hypervigilance, somatisations).<\/li> <\/ul> <h2 id=\"pourquoimonenfantapeurdunoirlesmcanismesfrquents\">Pourquoi mon enfant a peur du noir ? Les m\u00e9canismes fr\u00e9quents<\/h2> <h3 id=\"uncerveaumotionneltrsractif\">Un cerveau \u00e9motionnel tr\u00e8s r\u00e9actif<\/h3> <p>Les circuits d\u2019alarme (souvent r\u00e9sum\u00e9s par le mot <strong>amygdale<\/strong>) r\u00e9agissent facilement chez l\u2019enfant. La capacit\u00e9 \u00e0 se calmer seul se construit lentement : inhibition, attention, flexibilit\u00e9 mentale\u2026 tout cela m\u00fbrit au fil des ann\u00e9es. Le soir, la fatigue r\u00e9duit encore les ressources : la peur grimpe plus vite, redescend plus lentement.<\/p> <h3 id=\"lobscuritretirelesrepresvisuels\">L\u2019obscurit\u00e9 retire les rep\u00e8res visuels<\/h3> <p>Sans vision claire, l\u2019enfant s\u2019appuie davantage sur l\u2019ou\u00efe et les sensations corporelles. Un bruit normal (tuyauterie, chauffage, bois qui travaille) devient myst\u00e9rieux. La chambre famili\u00e8re se transforme. Le cerveau cherche une explication, et parfois il choisit l\u2019explication la plus inqui\u00e9tante.<\/p> <h3 id=\"limaginairecomblelesblancs\">L\u2019imaginaire comble les blancs<\/h3> <p>Entre 3 et 6 ans, le cerveau \u00ab\u00a0remplit\u00a0\u00bb ce qu\u2019il ne voit pas. Les <strong>monstres imaginaires<\/strong> sont souvent un langage : stress, surcharge, besoin de contr\u00f4le, \u00e9motions non d\u00e9pos\u00e9es. Le monstre n\u2019est pas le probl\u00e8me. Le monstre est le messager.<\/p> <h3 id=\"anxitdesparationetbesoindecorgulation\">Anxi\u00e9t\u00e9 de s\u00e9paration et besoin de co-r\u00e9gulation<\/h3> <p>L\u2019enfant emprunte votre calme pour fabriquer le sien. C\u2019est la <strong>co-r\u00e9gulation<\/strong> : voix pos\u00e9e, gestes lents, pr\u00e9sence stable. Puis, progressivement, il internalise ces strat\u00e9gies. La r\u00e9p\u00e9tition fait le travail, plus que les discours.<\/p> <h3 id=\"cranshistoireseffrayantestimingdusoir\">\u00c9crans, histoires effrayantes, timing du soir<\/h3> <p>Les images marquent, m\u00eame quand elles semblent \u00ab\u00a0pas si terribles\u00a0\u00bb. Les \u00e9crans tardifs augmentent l\u2019\u00e9veil, retardent la s\u00e9cr\u00e9tion de m\u00e9latonine (hormone du sommeil) et laissent le cerveau plus vuln\u00e9rable aux sc\u00e9narios anxieux. Une autre question utile : \u00ab\u00a0\u00c0 quel moment a-t-il vu\/entendu quelque chose qui l\u2019a impressionn\u00e9 ?\u00a0\u00bb Parfois, la r\u00e9ponse surprend.<\/p> <h2 id=\"enfantpeurdunoircequecelachangeauquotidien\">Enfant peur du noir : ce que cela change au quotidien<\/h2> <p>Un <strong>enfant peur du noir<\/strong> peut :<\/p> <ul> <li>mettre longtemps \u00e0 s\u2019endormir (n\u00e9gociations, refus d\u2019\u00e9teindre) ,<\/li> <li>se r\u00e9veiller et chercher votre pr\u00e9sence ,<\/li> <li>avoir un sommeil plus l\u00e9ger, donc plus fragment\u00e9 ,<\/li> <li>\u00eatre irritable, moins concentr\u00e9, plus sensible en journ\u00e9e.<\/li> <\/ul> <p>Et c\u00f4t\u00e9 parents ? Fatigue, agacement, doutes. On peut se sentir coinc\u00e9 entre deux craintes : trop c\u00e9der, ou trop brusquer. L\u2019objectif n\u2019est pas la perfection : un cadre lisible, r\u00e9p\u00e9t\u00e9, fait d\u00e9j\u00e0 beaucoup.<\/p> <h2 id=\"cequiaidedscesoirpostureetmotsquiapaisent\">Ce qui aide d\u00e8s ce soir : posture et mots qui apaisent<\/h2> <h3 id=\"validersansdramatiser\">Valider sans dramatiser<\/h3> <p>Dire \u00ab\u00a0je vois que tu as peur\u00a0\u00bb calme souvent plus que \u00ab\u00a0il n\u2019y a rien\u00a0\u00bb. La peur est r\u00e9elle pour le cerveau de l\u2019enfant, m\u00eame si le danger ne l\u2019est pas.<\/p> <p>Phrases utiles :<\/p> <ul> <li>\u00ab\u00a0Tu as peur, je t\u2019entends.\u00a0\u00bb<\/li> <li>\u00ab\u00a0Ta chambre est s\u00fbre.\u00a0\u00bb<\/li> <li>\u00ab\u00a0Je suis tout pr\u00e8s, et tu peux respirer doucement.\u00a0\u00bb<\/li> <\/ul> <h3 id=\"rassurersansalimenterlidedundanger\">Rassurer sans alimenter l\u2019id\u00e9e d\u2019un danger<\/h3> <p>V\u00e9rifier le placard dix fois ? Soulage sur le moment, mais entretient l\u2019id\u00e9e qu\u2019il y a peut-\u00eatre quelque chose. Si une v\u00e9rification aide, gardez-la : unique, courte, toujours identique, presque neutre.<\/p> <p>Autre levier : annoncer la suite. Les enfants anxieux aiment savoir ce qui va se passer. \u00ab\u00a0Je reste deux minutes. Puis je vais dans le couloir. Je reviens te dire bonne nuit.\u00a0\u00bb<\/p> <h3 id=\"unrituelducouchercourtprvisiblerptable\">Un rituel du coucher court, pr\u00e9visible, r\u00e9p\u00e9table<\/h3> <p>Un rituel efficace fait baisser l\u2019incertitude. 5 \u00e0 10 minutes suffisent souvent :<\/p> <ol> <li>toilette et pyjama  <\/li> <li>histoire calme  <\/li> <li>c\u00e2lin bref  <\/li> <li>phrase de s\u00e9curit\u00e9  <\/li> <li>extinction douce  <\/li> <\/ol> <p>Si le rituel s\u2019allonge chaque soir, l\u2019enfant apprend malgr\u00e9 lui : \u00ab\u00a0Si je r\u00e9clame, je garde maman\/papa plus longtemps\u00a0\u00bb. Vous pouvez garder la chaleur, et raccourcir la dur\u00e9e.<\/p> <h2 id=\"amnagerlachambrelumirerepressons\">Am\u00e9nager la chambre : lumi\u00e8re, rep\u00e8res, sons<\/h2> <h3 id=\"veilleusecommentlachoisir\">Veilleuse : comment la choisir<\/h3> <p>Oui, une <strong>veilleuse<\/strong> peut aider un <strong>enfant peur du noir<\/strong>. Cherchez :<\/p> <ul> <li>lumi\u00e8re chaude et faible (p\u00e9nombre, pas plein phare) ,<\/li> <li>placement stable, orient\u00e9 vers un mur ,<\/li> <li>option minuterie ou intensit\u00e9 r\u00e9glable (pratique pour r\u00e9duire ensuite).<\/li> <\/ul> <p>Une veilleuse n\u2019emp\u00eache pas l\u2019autonomie. Elle peut m\u00eame la favoriser, parce qu\u2019elle \u00e9vite le pic de panique. Ensuite, on ajuste.<\/p> <h3 id=\"porteentrouverteetchambrelisible\">Porte entrouverte et chambre \u00ab\u00a0lisible\u00a0\u00bb<\/h3> <p>Une porte entrouverte, un rangement simple, des formes moins ambigu\u00ebs : ce sont des d\u00e9tails qui comptent. Vous pouvez m\u00eame, en journ\u00e9e, montrer d\u2019o\u00f9 viennent les ombres : rideau + lampe = silhouette \u00e9trange, et pourtant inoffensive.<\/p> <p>Astuce simple : faire le tour de la chambre \u00e0 la lumi\u00e8re du jour et rep\u00e9rer, avec l\u2019enfant, \u00ab\u00a0ce qui ressemble \u00e0 autre chose la nuit\u00a0\u00bb (pile de v\u00eatements, chaise, jouet volumineux).<\/p> <h3 id=\"bruitsdemaisonmettredesmots\">Bruits de maison : mettre des mots<\/h3> <p>\u00ab\u00a0Ce clac, c\u2019est le radiateur.\u00a0\u00bb Nommer rassure, car l\u2019inconnu diminue. Et si l\u2019enfant est tr\u00e8s \u00e0 l\u2019\u00e9coute des sons ? Un bruit blanc \u00e0 faible volume peut masquer les bruits al\u00e9atoires, \u00e0 condition qu\u2019il reste discret et constant (pas de musique stimulante, pas de veilleuses qui clignotent).<\/p> <h2 id=\"jeuxetexercicespourapprivoiserlenoir\">Jeux et exercices pour apprivoiser le noir<\/h2> <h3 id=\"expositionprogressivedsensibilisationdouce\">Exposition progressive (d\u00e9sensibilisation douce)<\/h3> <p>L\u2019id\u00e9e n\u2019est pas de forcer. C\u2019est d\u2019avancer par mini-\u00e9tapes, r\u00e9guli\u00e8res :<\/p> <ul> <li>parent pr\u00e8s du lit + veilleuse<\/li> <li>parent \u00e0 la porte<\/li> <li>parent dans le couloir<\/li> <li>retours programm\u00e9s (check-ins) tr\u00e8s brefs<\/li> <\/ul> <p>Question \u00e0 se poser : l\u2019enfant reste-t-il globalement capable de redescendre ? Si oui, on peut continuer. Si non, on revient \u00e0 l\u2019\u00e9tape pr\u00e9c\u00e9dente et on consolide.<\/p> <h3 id=\"dessinerlapeurpuislatransformer\">Dessiner la peur, puis la transformer<\/h3> <p>Dessiner \u00ab\u00a0ce qui fait peur\u00a0\u00bb, puis ajouter un d\u00e9tail dr\u00f4le (lunettes, chapeau, sourire). L\u2019enfant d\u00e9couvre qu\u2019il peut agir sur son image mentale. Vous pouvez aussi ranger le dessin dans une bo\u00eete ferm\u00e9e \u00ab\u00a0pour la nuit\u00a0\u00bb : geste concret, effet apaisant.<\/p> <h3 id=\"thtredombres\">Th\u00e9\u00e2tre d\u2019ombres<\/h3> <p>Une lampe de poche, une main, une ombre g\u00e9ante\u2026 puis minuscule. Le cerveau apprend : \u00ab\u00a0l\u2019ombre n\u2019est pas un danger, c\u2019est un effet de lumi\u00e8re\u00a0\u00bb. Ce jeu fait souvent basculer la peur en curiosit\u00e9. Et la curiosit\u00e9, le soir, c\u2019est pr\u00e9cieux.<\/p> <h2 id=\"rveilsnocturnescauchemarsterreursnocturnesdistinguerpourmieuxagir\">R\u00e9veils nocturnes, cauchemars, terreurs nocturnes : distinguer pour mieux agir<\/h2> <h3 id=\"rveilenpleursinterventionbrve\">R\u00e9veil en pleurs : intervention br\u00e8ve<\/h3> <p>La nuit, faites simple : voix basse, lumi\u00e8re minimale, retour au lit. V\u00e9rifier douleur\/fi\u00e8vre si besoin, puis \u00e9viter de discuter longtemps. Plus l\u2019intervention est stimulante, plus le cerveau se r\u00e9veille, et plus l\u2019endormissement se complique.<\/p> <h3 id=\"cauchemars\">Cauchemars<\/h3> <p>Souvent en deuxi\u00e8me partie de nuit : l\u2019enfant est r\u00e9veill\u00e9, il peut raconter. On rassure, on rappelle que c\u2019\u00e9tait un r\u00eave, puis on recouche. Le lendemain, on peut \u00ab\u00a0changer la fin\u00a0\u00bb en dessin, ou inventer une version o\u00f9 le h\u00e9ros gagne.<\/p> <h3 id=\"terreursnocturnes\">Terreurs nocturnes<\/h3> <p>Souvent en d\u00e9but de nuit, pendant le sommeil profond : l\u2019enfant semble \u00e9veill\u00e9 mais ne l\u2019est pas vraiment, il ne se souvient pas. On s\u00e9curise (pas de danger autour), on reste pr\u00e9sent, on attend que \u00e7a passe, sans secouer ni raisonner.<\/p> <h2 id=\"pigesfrquentsetalternatives\">Pi\u00e8ges fr\u00e9quents\u2026 et alternatives<\/h2> <ul> <li>Minimiser (\u00ab\u00a0c\u2019est rien\u00a0\u00bb) \u2192 pr\u00e9f\u00e9rer valider (\u00ab\u00a0tu as peur, je t\u2019entends\u00a0\u00bb).<\/li> <li>Couper toute lumi\u00e8re d\u2019un coup \u2192 pr\u00e9f\u00e9rer baisse progressive.<\/li> <li>Rester une heure puis refuser tout le lendemain \u2192 pr\u00e9f\u00e9rer une r\u00e9ponse stable.<\/li> <li>Menaces\/punitions \u2192 augmentent l\u2019alarme , garder des limites calmes fonctionne mieux.<\/li> <li>R\u00e9pondre diff\u00e9remment selon la fatigue des adultes (normal, mais pi\u00e9geux) \u2192 se mettre d\u2019accord sur 2 ou 3 r\u00e8gles simples, tenables.<\/li> <\/ul> <h2 id=\"quandconsulter\">Quand consulter ?<\/h2> <p>Un avis est utile si <strong>enfant peur du noir<\/strong> rime avec panique, \u00e9vitements importants, fatigue majeure, somatisations r\u00e9p\u00e9t\u00e9es, ou persistance nette apr\u00e8s 7\u20138 ans.<\/p> <p>Interlocuteurs : m\u00e9decin, p\u00e9diatre, psychologue (souvent avec approches type TCC et exposition gradu\u00e9e), parfois sp\u00e9cialiste du sommeil ou p\u00e9dopsychiatre si l\u2019anxi\u00e9t\u00e9 est s\u00e9v\u00e8re.<\/p> <h2 id=\"retenir\">\u00c0 retenir<\/h2> <ul> <li><strong>Enfant peur du noir<\/strong> est fr\u00e9quente entre 2 et 6 ans : obscurit\u00e9 + imagination + s\u00e9paration.<\/li> <li>Valider l\u2019\u00e9motion, garder un rituel court, proposer une lumi\u00e8re douce et des rep\u00e8res stables aide rapidement.<\/li> <li>L\u2019autonomie se construit par paliers : pr\u00e9sence dos\u00e9e, puis distance, puis check-ins.<\/li> <li>Distinguer cauchemars et terreurs nocturnes \u00e9vite des r\u00e9actions inadapt\u00e9es.<\/li> <li>Des professionnels peuvent accompagner si la peur envahit le quotidien.<\/li> <li>Pour des conseils personnalis\u00e9s et des questionnaires de sant\u00e9 gratuits pour les enfants, vous pouvez t\u00e9l\u00e9charger l\u2019<a href=\"https:\/\/app.adjust.com\/1g586ft8\" target=\"_blank\" rel=\"noopener\">application Heloa<\/a>.<\/li> <\/ul> <h2 id=\"lesquestionsdesparents\">Les questions des parents<\/h2> <h3 id=\"monenfantapeurdunoirdujouraulendemainquefaire\">Mon enfant a peur du noir du jour au lendemain : que faire ?<\/h3> <p>C\u2019est d\u00e9stabilisant mais pas rare. Commencez par rechercher un d\u00e9clencheur r\u00e9cent (changement, bruit, \u00e9cran, sommeil perturb\u00e9). Rassurez simplement : pr\u00e9sence br\u00e8ve, phrases courtes, v\u00e9rification unique et pr\u00e9visible. Maintenez la routine habituelle et \u00e9vitez les explications longues la nuit. Si la peur persiste plusieurs semaines ou semble li\u00e9e \u00e0 un \u00e9v\u00e9nement traumatisant, n\u2019h\u00e9sitez pas \u00e0 en parler au p\u00e9diatre.<\/p> <h3 id=\"commentimpliquerfrressursoupartenairesanscrerunedpendance\">Comment impliquer fr\u00e8res, s\u0153urs ou partenaire sans cr\u00e9er une d\u00e9pendance ?<\/h3> <p>R\u00e9partir les r\u00f4les aide. Choisissez deux comportements constants (par ex. un seul check\u2011in rapide et une phrase rassurante). Limitez les interventions longues : l\u2019adulte qui intervient fait toujours la m\u00eame chose, de la m\u00eame fa\u00e7on. Encouragez les petites r\u00e9ussites (\u2018\u2018tu as tenu 5 minutes tout seul\u2019\u2019) plut\u00f4t que des r\u00e9compenses prolong\u00e9es. L\u2019objectif : coh\u00e9rence et progressivit\u00e9, pas comp\u00e9tition entre aidants.<\/p> <h3 id=\"alimentationcransroutinesquelimpactetquemodifier\">Alimentation, \u00e9crans, routines : quel impact et que modifier ?<\/h3> <p>L\u2019heure et la qualit\u00e9 de la soir\u00e9e comptent. \u00c9vitez les \u00e9crans au moins une heure avant le coucher , limitez les boissons sucr\u00e9es ou excitantes le soir. Favorisez des activit\u00e9s calmes et une baisse progressive de l\u2019\u00e9clairage. Des horaires r\u00e9guliers de coucher et de sieste stabilisent le syst\u00e8me nerveux : la r\u00e9p\u00e9tition aide l\u2019enfant \u00e0 anticiper et \u00e0 se sentir plus s\u00fbr.<\/p> <p><img decoding=\"async\" src=\"https:\/\/heloa.app\/wp-content\/uploads\/2026\/02\/enfant-peur-du-noir-in-article-image.jpg\" width=\"628\" alt=\"Une m\u00e8re r\u00e9conforte son enfant peur du noir en lisant une histoire dans une chambre \u00e0 la lumi\u00e8re douce\" \/><\/p>","protected":false},"excerpt":{"rendered":"<p>Enfant peur du noir : apprenez des rituels, gestes et exercices concrets pour apaiser le coucher, r\u00e9duire les r\u00e9veils et favoriser l&rsquo;autonomie.<\/p>\n","protected":false},"author":4,"featured_media":87946,"comment_status":"closed","ping_status":"","sticky":false,"template":"","format":"standard","meta":{"_acf_changed":false,"_kad_blocks_custom_css":"","_kad_blocks_head_custom_js":"","_kad_blocks_body_custom_js":"","_kad_blocks_footer_custom_js":"","_kad_post_transparent":"","_kad_post_title":"","_kad_post_layout":"","_kad_post_sidebar_id":"","_kad_post_content_style":"","_kad_post_vertical_padding":"","_kad_post_feature":"","_kad_post_feature_position":"","_kad_post_header":false,"_kad_post_footer":false,"_kad_post_classname":"","rank_math_title":"Enfant peur du noir : comprendre, apaiser et accompagner au coucher","rank_math_description":"Enfant peur du noir : apprenez des rituels, gestes et exercices concrets pour apaiser le coucher, r\u00e9duire les r\u00e9veils et favoriser l'autonomie.","rank_math_focus_keyword":"enfant peur du noir","rank_math_primary_category":715,"ilj_linkdefinition":["enfant{-3}peurdu noir","peurdu noir{-2}enfant","peurdu noirchez l'enfant","enfantqui a peurdu noir","peurde l'obscurit\u00e9{-2}enfant","peur{-2}la nuit{-2}enfant","peurde dormir seul","b\u00e9b\u00e9{-2}peurdu noir","peur{-2}la nuit{-2}enfant","nyctophobie{-1}enfant","peurdes monstres{-2}enfant","r\u00e9veils nocturnes{-2}enfant","anxi\u00e9t\u00e9{-2}coucher{-2}enfant","veilleusepour enfant","s\u00e9paration{-2}coucher{-2}enfant","enfantanxieux{-2}la nuit","peurnocturne{-2}enfant","crainte du noir","rituel{-2}coucher{-2}enfant","sommeil{-1}enfant"],"footnotes":""},"categories":[715,648],"tags":[],"class_list":["post-88825","post","type-post","status-publish","format-standard","has-post-thumbnail","hentry","category-sommeil-1-3-ans","category-1-3-ans"],"acf":{"prestation_table":"","technical_table":"","nom_professionnel":"","numero_telephone":"","convention_cas":"","contrat_acces_aux_soins":"","sesam_vitale":"","coordonnees":"","adresse":"","profession":"","numero_rpps":"","profession_description":"","commune":"","departement":"","prenom":"","origine":"","date_fete":"","signification_etymologie":"","histoire_origine_prenom":"","personne_celebre":"","age_moyen":"","prenoms_derives":"","prenoms_composes":"","naissances_2024":"","genre":"","prenoms_taxonomy":"","region_stats":"","evolution_naissances":""},"taxonomy_info":{"category":[{"value":715,"label":"Sommeil"},{"value":648,"label":"1-3 ans"}]},"featured_image_src_large":["https:\/\/heloa.app\/wp-content\/uploads\/2026\/02\/enfant-peur-du-noir-featured-image-1024x559.jpg",1024,559,true],"author_info":{"display_name":"Heloa","author_link":"https:\/\/heloa.app\/fr\/author\/expert-heloa"},"comment_info":0,"category_info":[{"term_id":715,"name":"Sommeil","slug":"sommeil-1-3-ans","term_group":0,"term_taxonomy_id":715,"taxonomy":"category","description":"","parent":648,"count":1,"filter":"raw","cat_ID":715,"category_count":1,"category_description":"","cat_name":"Sommeil","category_nicename":"sommeil-1-3-ans","category_parent":648},{"term_id":648,"name":"1-3 ans","slug":"1-3-ans","term_group":0,"term_taxonomy_id":648,"taxonomy":"category","description":"Entre 1 et 3 ans votre enfant va d\u00e9couvrir pleins de chose : la garderie, l'entr\u00e9e \u00e0 l'\u00e9cole, la lecture et le d\u00e9veloppement du langage, la vie en famille, les r\u00e8gles, apprendre \u00e0 jouer avec d'autres enfants. Soyez pr\u00e9sent \u00e0 ses c\u00f4t\u00e9s.","parent":0,"count":98,"filter":"raw","cat_ID":648,"category_count":98,"category_description":"Entre 1 et 3 ans votre enfant va d\u00e9couvrir pleins de chose : la garderie, l'entr\u00e9e \u00e0 l'\u00e9cole, la lecture et le d\u00e9veloppement du langage, la vie en famille, les r\u00e8gles, apprendre \u00e0 jouer avec d'autres enfants. Soyez pr\u00e9sent \u00e0 ses c\u00f4t\u00e9s.","cat_name":"1-3 ans","category_nicename":"1-3-ans","category_parent":0}],"tag_info":false,"_links":{"self":[{"href":"https:\/\/heloa.app\/fr\/wp-json\/wp\/v2\/posts\/88825","targetHints":{"allow":["GET"]}}],"collection":[{"href":"https:\/\/heloa.app\/fr\/wp-json\/wp\/v2\/posts"}],"about":[{"href":"https:\/\/heloa.app\/fr\/wp-json\/wp\/v2\/types\/post"}],"author":[{"embeddable":true,"href":"https:\/\/heloa.app\/fr\/wp-json\/wp\/v2\/users\/4"}],"replies":[{"embeddable":true,"href":"https:\/\/heloa.app\/fr\/wp-json\/wp\/v2\/comments?post=88825"}],"version-history":[{"count":1,"href":"https:\/\/heloa.app\/fr\/wp-json\/wp\/v2\/posts\/88825\/revisions"}],"predecessor-version":[{"id":88826,"href":"https:\/\/heloa.app\/fr\/wp-json\/wp\/v2\/posts\/88825\/revisions\/88826"}],"wp:featuredmedia":[{"embeddable":true,"href":"https:\/\/heloa.app\/fr\/wp-json\/wp\/v2\/media\/87946"}],"wp:attachment":[{"href":"https:\/\/heloa.app\/fr\/wp-json\/wp\/v2\/media?parent=88825"}],"wp:term":[{"taxonomy":"category","embeddable":true,"href":"https:\/\/heloa.app\/fr\/wp-json\/wp\/v2\/categories?post=88825"},{"taxonomy":"post_tag","embeddable":true,"href":"https:\/\/heloa.app\/fr\/wp-json\/wp\/v2\/tags?post=88825"}],"curies":[{"name":"wp","href":"https:\/\/api.w.org\/{rel}","templated":true}]}}