{"id":84722,"date":"2025-12-09T18:10:51","date_gmt":"2025-12-09T17:10:51","guid":{"rendered":"https:\/\/heloa.app\/?p=84722"},"modified":"2025-12-12T15:53:57","modified_gmt":"2025-12-12T14:53:57","slug":"bebe-coiffe","status":"publish","type":"post","link":"https:\/\/heloa.app\/fr\/blog\/0-12-mois\/sante\/bebe-coiffe","title":{"rendered":"B\u00e9b\u00e9 coiff\u00e9 : significations, sant\u00e9 et soins au quotidien"},"content":{"rendered":"\n<p>Voir son <strong>b\u00e9b\u00e9 coiff\u00e9<\/strong> pour la premi\u00e8re fois peut susciter un m\u00e9lange de fascination, d\u2019inqui\u00e9tude et d\u2019\u00e9merveillement. Une sorte de voile brillant, une poche translucide encore pr\u00e9sente autour de la t\u00eate, parfois du corps\u2026 et beaucoup de questions qui arrivent d\u2019un coup. Est\u2011ce rare ? Est\u2011ce dangereux ? Faut\u2011il s\u2019attendre \u00e0 des cons\u00e9quences plus tard, sur la sant\u00e9 ou le d\u00e9veloppement ?<\/p>\n\n\n\n<h2 class=\"wp-block-heading\" id=\"h2bbcoiffcomprendrecettenaissanceparticulire\">B\u00e9b\u00e9 coiff\u00e9 : comprendre cette naissance particuli\u00e8re<\/h2>\n\n\n\n<h3 class=\"wp-block-heading\" id=\"h3questcequunbbcoiffdfinitionsimpleetrassurante\">Qu\u2019est-ce qu\u2019un b\u00e9b\u00e9 coiff\u00e9 ? D\u00e9finition simple et rassurante<\/h3>\n\n\n\n<p>Un <strong>b\u00e9b\u00e9 coiff\u00e9<\/strong> est un nouveau\u2011n\u00e9 qui arrive au monde encore entour\u00e9, en partie ou totalement, par sa <strong>poche des eaux<\/strong>. Habituellement, le <strong>sac amniotique<\/strong> \u2013 cette enveloppe souple remplie de <strong>liquide amniotique<\/strong> \u2013 se rompt avant ou pendant le travail : c\u2019est la \u00ab <a href=\"https:\/\/heloa.app\/fr\/blog\/grossesse\/accouchement\/fissure-poche-eaux\">perte des eaux<\/a> \u00bb. Dans le cas d\u2019une naissance en coiffe, une partie des <strong>membranes f\u0153tales<\/strong> reste intacte autour de la t\u00eate, comme un petit voile.<\/p>\n\n\n\n<p>Visuellement, cela peut surprendre : une pellicule transparente, luisante, qui recouvre le cuir chevelu et parfois le haut du visage. M\u00e9dicalement, pourtant, il s\u2019agit d\u2019une <strong>variante normale de l\u2019accouchement<\/strong>. Cette membrane a d\u00e9j\u00e0 jou\u00e9 son r\u00f4le de <strong>protection f\u0153tale<\/strong> tout au long de la grossesse, et elle continue, quelques instants, \u00e0 amortir les pressions au moment de l\u2019expulsion.<\/p>\n\n\n\n<p>La sage\u2011femme ou l\u2019obst\u00e9tricien ouvre alors la coiffe, d\u00e9gage le visage, v\u00e9rifie la respiration, puis laisse le reste du corps na\u00eetre. Pour le parent, tout va souvent tr\u00e8s vite : le temps d\u2019entendre \u00ab il est n\u00e9 coiff\u00e9 \u00bb et la coiffe est d\u00e9j\u00e0 retir\u00e9e. La grande majorit\u00e9 des b\u00e9b\u00e9s coiff\u00e9s vont tr\u00e8s bien et ne pr\u00e9sentent pas de probl\u00e8me particulier li\u00e9 \u00e0 cette coiffe.<\/p>\n\n\n\n<h3 class=\"wp-block-heading\" id=\"h3dfinitionmdicalecoiffecphaliqueettermesproches\">D\u00e9finition m\u00e9dicale : coiffe c\u00e9phalique et termes proches<\/h3>\n\n\n\n<p>D\u2019un point de vue obst\u00e9trical, on parle de <strong>naissance en coiffe<\/strong> ou de <strong>coiffe c\u00e9phalique<\/strong> lorsque les membranes amniotiques persistent autour de la t\u00eate au moment de la sortie. Il ne faut pas confondre :<\/p>\n\n\n\n<ul class=\"wp-block-list\">\n<li>la coiffe (membrane transparente issue du <strong>sac amniotique<\/strong>) ,<\/li>\n\n\n\n<li>le <strong>caput succedaneum<\/strong>, qui est un \u0153d\u00e8me du cuir chevelu d\u00fb \u00e0 la pression dans le canal de naissance ,<\/li>\n\n\n\n<li>le <strong>c\u00e9phalh\u00e9matome<\/strong>, petite collection de sang sous le p\u00e9rioste (membrane de l\u2019os du cr\u00e2ne), elle aussi li\u00e9e au passage dans le bassin.<\/li>\n<\/ul>\n\n\n\n<p>Ces ph\u00e9nom\u00e8nes peuvent se cumuler ou non, mais n\u2019ont pas la m\u00eame nature. La coiffe, elle, est simplement une portion de membrane encore pr\u00e9sente. Les gestes m\u00e9dicaux restent simples : ouverture de la poche, surveillance de la <strong>respiration n\u00e9onatale<\/strong>, v\u00e9rification du tonus et de la couleur, comme pour tout <strong>nouveau\u2011n\u00e9<\/strong>.<\/p>\n\n\n\n<h3 class=\"wp-block-heading\" id=\"h3bbcoiffoubbndanssapochequesignifieladiffrence\">B\u00e9b\u00e9 coiff\u00e9 ou b\u00e9b\u00e9 n\u00e9 \u00ab dans sa poche \u00bb : que signifie la diff\u00e9rence ?<\/h3>\n\n\n\n<p>Les professionnels distinguent :<\/p>\n\n\n\n<ul class=\"wp-block-list\">\n<li>le <strong>b\u00e9b\u00e9 coiff\u00e9<\/strong> : seule la t\u00eate, parfois le front ou les yeux, est encore entour\u00e9e par les membranes ,<\/li>\n\n\n\n<li>le b\u00e9b\u00e9 n\u00e9 \u00ab <strong>dans sa poche<\/strong> \u00bb, ou <strong>naissance en sac intact<\/strong> : une grande partie du corps, voire le corps entier, est encore dans le sac amniotique complet.<\/li>\n<\/ul>\n\n\n\n<p>Cette naissance \u00ab en sac \u00bb est particuli\u00e8rement rare et impressionnante \u00e0 observer. Elle peut survenir aussi bien par voie basse que lors d\u2019une <strong>c\u00e9sarienne<\/strong>, lorsque l\u2019obst\u00e9tricien choisit d\u2019ext\u00e9rioriser l\u2019ut\u00e9rus puis de sortir le b\u00e9b\u00e9 avec le sac encore ferm\u00e9, pour l\u2019ouvrir juste apr\u00e8s. Tant que les voies respiratoires sont rapidement d\u00e9gag\u00e9es, il ne s\u2019agit pas d\u2019une situation dangereuse en soi.<\/p>\n\n\n\n<h3 class=\"wp-block-heading\" id=\"h3quoiressembleunbbcoiff\">\u00c0 quoi ressemble un b\u00e9b\u00e9 coiff\u00e9 ?<\/h3>\n\n\n\n<p>Au moment de la naissance, la coiffe appara\u00eet comme :<\/p>\n\n\n\n<ul class=\"wp-block-list\">\n<li>un film tr\u00e8s fin, parfois pliss\u00e9, coll\u00e9 aux cheveux ,<\/li>\n\n\n\n<li>une membrane lisse et brillante, laissant voir les traits du visage ,<\/li>\n\n\n\n<li>parfois un \u00ab bonnet \u00bb transparent qui glisse sur le front.<\/li>\n<\/ul>\n\n\n\n<p>Les parents d\u00e9crivent souvent une impression de \u00ab bulle \u00bb autour du b\u00e9b\u00e9. Une fois la coiffe retir\u00e9e, l\u2019\u00e9quipe s\u00e8che le nouveau\u2011n\u00e9, surveille sa temp\u00e9rature, puis propose le <a href=\"https:\/\/heloa.app\/fr\/blog\/parents\/post-partum\/les-benefices-du-peau-a-peau\">peau \u00e0 peau<\/a> si son \u00e9tat le permet. Sur les photos prises ensuite, rien ne laisse deviner que l\u2019enfant est n\u00e9 coiff\u00e9.<\/p>\n\n\n\n<h3 class=\"wp-block-heading\" id=\"h3bbcoiffbbsirnesirnomlieleverlesconfusions\">B\u00e9b\u00e9 coiff\u00e9, b\u00e9b\u00e9 sir\u00e8ne, sir\u00e9nom\u00e9lie : lever les confusions<\/h3>\n\n\n\n<p>Dans certains r\u00e9cits circulant sur les r\u00e9seaux sociaux, l\u2019expression \u00ab b\u00e9b\u00e9 sir\u00e8ne \u00bb est parfois utilis\u00e9e \u00e0 tort pour parler d\u2019un b\u00e9b\u00e9 coiff\u00e9. Sur le plan m\u00e9dical, le terme correct <strong>sir\u00e9nom\u00e9lie<\/strong> d\u00e9signe une <strong>malformation cong\u00e9nitale rare<\/strong> touchant les membres inf\u00e9rieurs, sans aucun lien avec la poche des eaux ni avec la coiffe c\u00e9phalique.<\/p>\n\n\n\n<p>Autrement dit : un <strong>b\u00e9b\u00e9 coiff\u00e9<\/strong> n\u2019a pas plus de risque de malformation qu\u2019un autre. La naissance en coiffe ne pr\u00e9dit ni handicap, ni pathologie neurologique, ni probl\u00e8me de squelette. Elle d\u00e9crit uniquement la fa\u00e7on dont les membranes se sont rompues.<\/p>\n\n\n\n<h2 class=\"wp-block-heading\" id=\"h2bbcoiffetaccouchementcequeviventlesparents\">B\u00e9b\u00e9 coiff\u00e9 et accouchement : ce que vivent les parents<\/h2>\n\n\n\n<h3 class=\"wp-block-heading\" id=\"h3commentsedrouleunaccouchementavecunbbcoiff\">Comment se d\u00e9roule un accouchement avec un b\u00e9b\u00e9 coiff\u00e9 ?<\/h3>\n\n\n\n<p>Sur le plan du <strong>travail obst\u00e9trical<\/strong>, rien ne change : contractions, dilatation, engagement de la t\u00eate, progression dans le bassin. La diff\u00e9rence se joue au niveau des membranes :<\/p>\n\n\n\n<ul class=\"wp-block-list\">\n<li>soit la poche des eaux ne s\u2019est pas rompue spontan\u00e9ment ,<\/li>\n\n\n\n<li>soit elle s\u2019est rompue partiellement, laissant une \u00ab coiffe \u00bb devant la t\u00eate.<\/li>\n<\/ul>\n\n\n\n<p>Au toucher vaginal, la sage\u2011femme peut sentir cette poche tendue comme un petit ballon devant la pr\u00e9sentation. Au moment de l\u2019expulsion, la t\u00eate appara\u00eet sous cette pellicule. Le professionnel la perce avec les doigts gant\u00e9s ou un petit crochet st\u00e9rile, ouvre largement, lib\u00e8re le nez et la bouche, puis laisse le corps na\u00eetre.<\/p>\n\n\n\n<p>Vous vous interrogez peut\u2011\u00eatre : est\u2011ce que la douleur, les sensations diff\u00e8rent pour le parent ? En pratique, non. La perception des contractions et de la pouss\u00e9e reste la m\u00eame, la coiffe n\u2019ayant pas d\u2019impact sur les nerfs ou les tissus de la fili\u00e8re g\u00e9nitale.<\/p>\n\n\n\n<h3 class=\"wp-block-heading\" id=\"h3lerledelapochedeseauxetdelacoiffecphalique\">Le r\u00f4le de la poche des eaux et de la coiffe c\u00e9phalique<\/h3>\n\n\n\n<p>Pendant la grossesse, le <strong>sac amniotique<\/strong> exerce plusieurs fonctions essentielles :<\/p>\n\n\n\n<ul class=\"wp-block-list\">\n<li>protection m\u00e9canique contre les chocs ,<\/li>\n\n\n\n<li>maintien d\u2019une temp\u00e9rature stable autour du f\u0153tus ,<\/li>\n\n\n\n<li>libert\u00e9 de mouvement pour le b\u00e9b\u00e9 ,<\/li>\n\n\n\n<li>barri\u00e8re vis\u2011\u00e0\u2011vis de certaines infections.<\/li>\n<\/ul>\n\n\n\n<p>Lors de l\u2019accouchement, ce sac se rompt la plupart du temps, ce qui permet au liquide amniotique de s\u2019\u00e9couler. Lorsque subsiste une coiffe, cette membrane continue d\u2019agir quelques instants comme un coussin entre la t\u00eate et les os du bassin. Une fois le b\u00e9b\u00e9 sorti, elle n\u2019a plus de r\u00f4le : elle est retir\u00e9e et \u00e9limin\u00e9e comme tout tissu placentaire.<\/p>\n\n\n\n<h3 class=\"wp-block-heading\" id=\"h3rupturedelapocheetgestesmdicaux\">Rupture de la poche et gestes m\u00e9dicaux<\/h3>\n\n\n\n<p>La <strong>rupture artificielle des membranes<\/strong> (appel\u00e9e \u00ab amniotomie \u00bb) peut \u00eatre propos\u00e9e pour :<\/p>\n\n\n\n<ul class=\"wp-block-list\">\n<li>renforcer l\u2019efficacit\u00e9 des contractions ,<\/li>\n\n\n\n<li>permettre une <strong><a href=\"https:\/\/heloa.app\/fr\/blog\/grossesse\/sante\/monitoring-grossesse\">surveillance f\u0153tale<\/a> interne<\/strong> dans certaines situations ,<\/li>\n\n\n\n<li>faciliter l\u2019engagement de la t\u00eate.<\/li>\n<\/ul>\n\n\n\n<p>M\u00eame apr\u00e8s cette amniotomie, il peut rester un lambeau de membrane autour du cuir chevelu, qui constituera la coiffe visible \u00e0 la naissance. Le geste pour la retirer est rapide, indolore pour le b\u00e9b\u00e9 (les membranes n\u2019ont pas de nerfs) et ne n\u00e9cessite pas d\u2019anesth\u00e9sie sp\u00e9cifique.<\/p>\n\n\n\n<h3 class=\"wp-block-heading\" id=\"h3naissanceparvoiebasseoucsarienneyatilunediffrence\">Naissance par voie basse ou c\u00e9sarienne : y a\u2011t\u2011il une diff\u00e9rence ?<\/h3>\n\n\n\n<p>Un <strong>b\u00e9b\u00e9 coiff\u00e9<\/strong> peut na\u00eetre :<\/p>\n\n\n\n<ul class=\"wp-block-list\">\n<li>par voie basse, lors d\u2019un accouchement spontan\u00e9 ou d\u00e9clench\u00e9 ,<\/li>\n\n\n\n<li>par <strong><a href=\"https:\/\/heloa.app\/fr\/blog\/grossesse\/accouchement\/la-cesarienne-programmee\">c\u00e9sarienne programm\u00e9e<\/a><\/strong> ou en urgence.<\/li>\n<\/ul>\n\n\n\n<p>Lors d\u2019une c\u00e9sarienne, certaines \u00e9quipes choisissent volontairement de sortir le b\u00e9b\u00e9 dans un sac amniotique encore rempli de liquide, notamment chez des pr\u00e9matur\u00e9s fragiles, pour limiter les changements brutaux de pression et de temp\u00e9rature pendant quelques secondes suppl\u00e9mentaires. Cette pratique reste encadr\u00e9e, et l\u2019ouverture du sac se fait imm\u00e9diatement apr\u00e8s, sur la table d\u2019intervention.<\/p>\n\n\n\n<p>Dans tous les cas, la prise en charge n\u00e9onatale reste centr\u00e9e sur les constantes vitales : fr\u00e9quence cardiaque, respiration, tonus, r\u00e9activit\u00e9.<\/p>\n\n\n\n<h3 class=\"wp-block-heading\" id=\"h3unegrossesseordinaireunenaissanceimprvisible\">Une grossesse ordinaire, une naissance impr\u00e9visible<\/h3>\n\n\n\n<p>La naissance d\u2019un b\u00e9b\u00e9 coiff\u00e9 n\u2019est pas le signe d\u2019une <strong>grossesse \u00e0 risque<\/strong>, ni la cons\u00e9quence d\u2019un comportement parental. Les \u00e9tudes disponibles la classent comme un ph\u00e9nom\u00e8ne rare, plut\u00f4t al\u00e9atoire :<\/p>\n\n\n\n<ul class=\"wp-block-list\">\n<li>elle peut survenir lors d\u2019une grossesse parfaitement \u00ab classique \u00bb ,<\/li>\n\n\n\n<li>elle peut ne pas survenir lors d\u2019une grossesse compliqu\u00e9e ,<\/li>\n\n\n\n<li>aucun facteur de mode de vie n\u2019a \u00e9t\u00e9 identifi\u00e9 comme d\u00e9clenchant.<\/li>\n<\/ul>\n\n\n\n<p>Les <strong>\u00e9chographies<\/strong> ne peuvent pas pr\u00e9voir ce type de naissance : impossible de \u00ab voir \u00bb \u00e0 l\u2019avance si une coiffe sera pr\u00e9sente ou non. Il ne s\u2019agit pas d\u2019une anomalie anatomique du b\u00e9b\u00e9, mais d\u2019une particularit\u00e9 de la fa\u00e7on dont les membranes se rompent au moment pr\u00e9cis du travail.<\/p>\n\n\n\n<h2 class=\"wp-block-heading\" id=\"h2frquencerisquesetsantrepresmdicauxpourlesparents\">Fr\u00e9quence, risques et sant\u00e9 : rep\u00e8res m\u00e9dicaux pour les parents<\/h2>\n\n\n\n<h3 class=\"wp-block-heading\" id=\"h3quelpointunbbcoiffestilrare\">\u00c0 quel point un b\u00e9b\u00e9 coiff\u00e9 est\u2011il rare ?<\/h3>\n\n\n\n<p>Les chiffres \u00e9voquent environ <strong>1 naissance en coiffe pour 80 000<\/strong>. Pour donner un ordre d\u2019id\u00e9e, une sage\u2011femme pourra, parfois, n\u2019en voir qu\u2019une ou deux dans toute sa carri\u00e8re, voire aucune, selon la taille de la <a href=\"https:\/\/heloa.app\/fr\/blog\/grossesse\/accouchement\/quand-partir-pour-la-maternite\">maternit\u00e9<\/a>.<\/p>\n\n\n\n<p>Ce caract\u00e8re exceptionnel explique les r\u00e9actions d\u2019\u00e9tonnement, et parfois l\u2019\u00e9motion dans la salle de naissance : m\u00eame pour les soignants, assister \u00e0 une naissance en sac intact ou \u00e0 un b\u00e9b\u00e9 coiff\u00e9 reste un moment marquant.<\/p>\n\n\n\n<h3 class=\"wp-block-heading\" id=\"h3combiendebbscoiffschaqueanne\">Combien de b\u00e9b\u00e9s coiff\u00e9s chaque ann\u00e9e ?<\/h3>\n\n\n\n<p>\u00c0 l\u2019\u00e9chelle mondiale, on parle de plusieurs centaines de cas par an. Cependant, la <strong>naissance en coiffe<\/strong> n\u2019est pas toujours cod\u00e9e comme entit\u00e9 s\u00e9par\u00e9e dans les registres d\u2019accouchement, ce qui rend les statistiques approximatives. Les soci\u00e9t\u00e9s savantes de gyn\u00e9cologie-obst\u00e9trique consid\u00e8rent cette situation comme une <strong>variante de la physiologie<\/strong>, et non comme une pathologie.<\/p>\n\n\n\n<h3 class=\"wp-block-heading\" id=\"h3facteursfavorisantspossiblesvoiebassecsarienneprmaturit\">Facteurs favorisants possibles : voie basse, c\u00e9sarienne, pr\u00e9maturit\u00e9<\/h3>\n\n\n\n<p>Aucun facteur n\u2019est clairement identifi\u00e9 comme responsable. Quelques observations cliniques sugg\u00e8rent :<\/p>\n\n\n\n<ul class=\"wp-block-list\">\n<li>un peu plus de cas lors de certaines <strong>c\u00e9sariennes programm\u00e9es<\/strong> avec membranes intactes ,<\/li>\n\n\n\n<li>une possibilit\u00e9 de coiffe aussi bien \u00e0 terme qu\u2019en cas de <strong>pr\u00e9maturit\u00e9<\/strong> ,<\/li>\n\n\n\n<li>une survenue chez des multipares comme chez des primipares.<\/li>\n<\/ul>\n\n\n\n<p>Ces donn\u00e9es restent descriptives. Elles ne permettent pas de pr\u00e9dire \u00e0 l\u2019avance qui aura un b\u00e9b\u00e9 coiff\u00e9. Elles montrent simplement que ce ph\u00e9nom\u00e8ne peut se croiser dans des contextes obst\u00e9tricaux tr\u00e8s vari\u00e9s.<\/p>\n\n\n\n<h3 class=\"wp-block-heading\" id=\"h3bbcoiffquelsrisquespourlenourrisson\">B\u00e9b\u00e9 coiff\u00e9 : quels risques pour le nourrisson ?<\/h3>\n\n\n\n<p>Pour le b\u00e9b\u00e9, la coiffe en elle\u2011m\u00eame n\u2019est pas dangereuse. Les pr\u00e9cautions sont essentiellement pratiques :<\/p>\n\n\n\n<ul class=\"wp-block-list\">\n<li>d\u00e9gager rapidement le nez et la bouche pour que l\u2019air circule librement ,<\/li>\n\n\n\n<li>\u00e9viter que la membrane humide ne refroidisse trop longtemps la t\u00eate ,<\/li>\n\n\n\n<li>surveiller, comme pour tout <strong>nouveau\u2011n\u00e9<\/strong>, la respiration, le cri, la couleur de la peau.<\/li>\n<\/ul>\n\n\n\n<p>Les rares difficult\u00e9s respiratoires qui peuvent survenir sont presque toujours li\u00e9es \u00e0 d\u2019autres facteurs : pr\u00e9maturit\u00e9, <strong>d\u00e9tresse f\u0153tale<\/strong> pendant le travail, infection n\u00e9onatale, pathologie pulmonaire, et non \u00e0 la coiffe.<\/p>\n\n\n\n<h3 class=\"wp-block-heading\" id=\"h3etpourlamamanyatilplusderisques\">Et pour la maman, y a\u2011t\u2011il plus de risques ?<\/h3>\n\n\n\n<p>Pour la m\u00e8re, qu\u2019un b\u00e9b\u00e9 soit coiff\u00e9 ou non ne change pas :<\/p>\n\n\n\n<ul class=\"wp-block-list\">\n<li>le risque d\u2019<strong>h\u00e9morragie du post\u2011partum<\/strong> ,<\/li>\n\n\n\n<li>la surveillance de la d\u00e9livrance (expulsion du placenta) ,<\/li>\n\n\n\n<li>la prise en charge de la douleur ou de la fatigue en suites de couches.<\/li>\n<\/ul>\n\n\n\n<p>Les gestes m\u00e9dicaux restent ceux d\u2019un accouchement habituel, avec une attention port\u00e9e \u00e0 l\u2019\u00e9tat g\u00e9n\u00e9ral, \u00e0 la tension art\u00e9rielle et aux saignements.<\/p>\n\n\n\n<h3 class=\"wp-block-heading\" id=\"h3prmaturitsituationsparticuliresetbbcoiff\">Pr\u00e9maturit\u00e9, situations particuli\u00e8res et b\u00e9b\u00e9 coiff\u00e9<\/h3>\n\n\n\n<p>Lorsqu\u2019un <strong>pr\u00e9matur\u00e9<\/strong> na\u00eet coiff\u00e9, l\u2019enjeu principal ne se situe pas au niveau de la coiffe, mais de l\u2019immaturit\u00e9 globale de l\u2019organisme :<\/p>\n\n\n\n<ul class=\"wp-block-list\">\n<li>poumons encore peu matures ,<\/li>\n\n\n\n<li>risque de difficult\u00e9s de thermor\u00e9gulation ,<\/li>\n\n\n\n<li>particularit\u00e9s digestives et immunitaires.<\/li>\n<\/ul>\n\n\n\n<p>Le b\u00e9b\u00e9 peut alors \u00eatre transf\u00e9r\u00e9 en <strong>unit\u00e9 de n\u00e9onatologie<\/strong>, b\u00e9n\u00e9ficier de soutien respiratoire, d\u2019une couveuse, d\u2019une alimentation adapt\u00e9e. La naissance en coiffe n\u2019est qu\u2019un d\u00e9tail descriptif, sans poids dans les d\u00e9cisions m\u00e9dicales.<\/p>\n\n\n\n<h3 class=\"wp-block-heading\" id=\"h3suiviaprslanaissanceexamensetsurveillance\">Suivi apr\u00e8s la naissance : examens et surveillance<\/h3>\n\n\n\n<p>Il n\u2019existe pas de protocole sp\u00e9cifique li\u00e9 au fait d\u2019avoir un b\u00e9b\u00e9 coiff\u00e9. Le <strong>suivi n\u00e9onatal<\/strong> reste identique :<\/p>\n\n\n\n<ul class=\"wp-block-list\">\n<li>examen du cr\u00e2ne : palpation des <strong>fontanelles<\/strong>, des sutures, recherche d\u2019\u0153d\u00e8me ou de c\u00e9phalh\u00e9matome ,<\/li>\n\n\n\n<li>\u00e9valuation neurologique : tonus, r\u00e9flexes archa\u00efques, r\u00e9activit\u00e9 ,<\/li>\n\n\n\n<li>observation de la peau et du <strong>cuir chevelu<\/strong>, qui peut pr\u00e9senter de petites traces ou rougeurs l\u00e0 o\u00f9 la coiffe adh\u00e9rait.<\/li>\n<\/ul>\n\n\n\n<p>Si les constantes sont bonnes, le calendrier habituel se met en place : sorties de maternit\u00e9, pes\u00e9es, consultations chez le p\u00e9diatre ou le m\u00e9decin g\u00e9n\u00e9raliste, vaccinations, surveillance de la croissance et du <strong>d\u00e9veloppement du b\u00e9b\u00e9<\/strong>.<\/p>\n\n\n\n<h2 class=\"wp-block-heading\" id=\"h2bbcoiffetsignificationschancesymbolesetrcitsfamiliaux\">B\u00e9b\u00e9 coiff\u00e9 et significations : chance, symboles et r\u00e9cits familiaux<\/h2>\n\n\n\n<h3 class=\"wp-block-heading\" id=\"h3pourquoiunbbcoiffestsouventassocilachance\">Pourquoi un b\u00e9b\u00e9 coiff\u00e9 est souvent associ\u00e9 \u00e0 la chance ?<\/h3>\n\n\n\n<p>Dans de nombreuses langues europ\u00e9ennes, \u00eatre \u00ab <strong>n\u00e9 coiff\u00e9<\/strong> \u00bb \u00e9quivaut \u00e0 \u00ab \u00eatre chanceux \u00bb. On retrouve cette id\u00e9e dans des contes, des proverbes, et jusqu\u2019\u00e0 certaines expressions du quotidien. La vision ancienne \u00e9tait simple : un enfant qui arrive au monde avec une \u00ab coiffe \u00bb est un enfant prot\u00e9g\u00e9, \u00e0 qui la vie r\u00e9servera des opportunit\u00e9s.<\/p>\n\n\n\n<p>Ces interpr\u00e9tations n\u2019ont pas de base scientifique, mais elles ont un poids symbolique. Elles participent au r\u00e9cit que la famille se raconte autour de la naissance.<\/p>\n\n\n\n<h3 class=\"wp-block-heading\" id=\"h3lacoiffecommesymboledeprotection\">La coiffe comme symbole de protection<\/h3>\n\n\n\n<p>La pr\u00e9sence d\u2019une membrane autour de la t\u00eate ou du corps peut facilement \u00eatre per\u00e7ue comme une <strong>bulle protectrice<\/strong>. Le b\u00e9b\u00e9 semble encore un peu dans son univers aquatique, comme entre deux mondes. Pour certains parents, cette image fait \u00e9cho \u00e0 l\u2019id\u00e9e d\u2019un passage doux, d\u2019une vie qui continue de veiller sur lui.<\/p>\n\n\n\n<p>Ces lectures symboliques n\u2019emp\u00eachent pas un regard m\u00e9dical rigoureux. Elles s\u2019y ajoutent, comme une couche de sens suppl\u00e9mentaire, propre \u00e0 chaque histoire familiale.<\/p>\n\n\n\n<h3 class=\"wp-block-heading\" id=\"h3donstalentsmdiumnitcroyancespopulaires\">Dons, talents, m\u00e9diumnit\u00e9 : croyances populaires<\/h3>\n\n\n\n<p>De nombreux r\u00e9cits anciens attribuent aux enfants n\u00e9s coiff\u00e9s des <strong>dons particuliers<\/strong> :<\/p>\n\n\n\n<ul class=\"wp-block-list\">\n<li>clairvoyance ou intuition accrue ,<\/li>\n\n\n\n<li>sensibilit\u00e9 artistique ,<\/li>\n\n\n\n<li>grande empathie.<\/li>\n<\/ul>\n\n\n\n<p>Vous vous demandez peut\u2011\u00eatre comment vous positionner face \u00e0 ces croyances. La m\u00e9decine ne peut ni les confirmer ni les infirmer : elle constate que le devenir d\u2019un b\u00e9b\u00e9 coiff\u00e9 d\u00e9pend surtout de son environnement, de sa sant\u00e9 globale, des stimulations qu\u2019il re\u00e7oit et de la qualit\u00e9 des liens affectifs.<\/p>\n\n\n\n<h3 class=\"wp-block-heading\" id=\"h3bbcoiffetavenirdelenfantmytheouralit\">B\u00e9b\u00e9 coiff\u00e9 et avenir de l\u2019enfant : mythe ou r\u00e9alit\u00e9 ?<\/h3>\n\n\n\n<p>Sur le plan scientifique, aucune \u00e9tude n\u2019a montr\u00e9 que les enfants n\u00e9s coiff\u00e9s ont plus de r\u00e9ussite scolaire, professionnelle ou sociale. Leur trajectoire d\u00e9pend, comme pour tout enfant, de nombreux facteurs :<\/p>\n\n\n\n<ul class=\"wp-block-list\">\n<li>soutien familial ,<\/li>\n\n\n\n<li>acc\u00e8s aux soins ,<\/li>\n\n\n\n<li>conditions de vie ,<\/li>\n\n\n\n<li>temp\u00e9rament individuel.<\/li>\n<\/ul>\n\n\n\n<p>En revanche, le fait d\u2019avoir une histoire de naissance singuli\u00e8re peut nourrir une <strong><a href=\"https:\/\/heloa.app\/fr\/blog\/1-3-ans\/sante\/construire-estime-de-soi\">estime de soi<\/a><\/strong> particuli\u00e8re : \u00ab on m\u2019attendait \u00bb, \u00ab ma venue a marqu\u00e9 les esprits \u00bb. Raconter cette histoire avec justesse et douceur peut devenir un cadeau symbolique pour l\u2019enfant.<\/p>\n\n\n\n<h3 class=\"wp-block-heading\" id=\"h3delantiquitaumoyengeamulettesetportebonheur\">De l\u2019Antiquit\u00e9 au Moyen \u00c2ge : amulettes et porte\u2011bonheur<\/h3>\n\n\n\n<p>Dans l\u2019Antiquit\u00e9 d\u00e9j\u00e0, certaines sources d\u00e9crivent la coiffe comme un objet charg\u00e9 de <strong>protection<\/strong>. S\u00e9ch\u00e9e, gard\u00e9e, parfois port\u00e9e en amulette, elle \u00e9tait cens\u00e9e attirer la chance ou \u00e9loigner les malheurs.<\/p>\n\n\n\n<p>Au Moyen \u00c2ge europ\u00e9en, des coiffes de naissance \u00e9taient parfois vendues \u00e0 des marins ou \u00e0 des personnes expos\u00e9es au risque de noyade, avec la conviction qu\u2019elles les prot\u00e9geraient des dangers de la mer. Ces pratiques t\u00e9moignent de l\u2019importance accord\u00e9e \u00e0 la naissance dans l\u2019imaginaire collectif.<\/p>\n\n\n\n<h3 class=\"wp-block-heading\" id=\"h3leglckshaubeetlestraditionsfamiliales\">Le Gl\u00fcckshaube et les traditions familiales<\/h3>\n\n\n\n<p>Dans les r\u00e9gions germanophones, on parle de <strong>Gl\u00fcckshaube<\/strong> (\u00ab bonnet de la chance \u00bb). Le mot lui\u2011m\u00eame condense la croyance : ce qui enveloppe la t\u00eate \u00e0 la naissance apporterait bonheur et r\u00e9ussite.<\/p>\n\n\n\n<p>Aujourd\u2019hui, certaines familles choisissent de conserver la coiffe (lorsque cela est possible), s\u00e9ch\u00e9e dans une enveloppe, rang\u00e9e dans un coffret. D\u2019autres pr\u00e9f\u00e8rent garder plut\u00f4t des photos, un r\u00e9cit \u00e9crit, un t\u00e9moignage audio. Il n\u2019existe aucune obligation, aucune \u00ab bonne mani\u00e8re \u00bb universelle de faire : l\u2019essentiel est que ce choix ait du sens pour vous.<\/p>\n\n\n\n<h2 class=\"wp-block-heading\" id=\"h2rituelsrvesetpratiquesautourdubbcoiff\">Rituels, r\u00eaves et pratiques autour du b\u00e9b\u00e9 coiff\u00e9<\/h2>\n\n\n\n<h3 class=\"wp-block-heading\" id=\"h3garderounonlacoifferecommandationsetbonsens\">Garder ou non la coiffe : recommandations et bon sens<\/h3>\n\n\n\n<p>Si garder la coiffe vous tient \u00e0 c\u0153ur, plusieurs points m\u00e9ritent d\u2019\u00eatre anticip\u00e9s :<\/p>\n\n\n\n<ul class=\"wp-block-list\">\n<li>la coiffe est habituellement \u00e9limin\u00e9e avec le placenta et les membranes ,<\/li>\n\n\n\n<li>elle peut contenir du sang et du liquide amniotique ,<\/li>\n\n\n\n<li>pour \u00e9viter tout risque infectieux, elle doit \u00eatre <strong>rinc\u00e9e, s\u00e9ch\u00e9e, conserv\u00e9e \u00e0 l\u2019abri de l\u2019humidit\u00e9<\/strong>.<\/li>\n<\/ul>\n\n\n\n<p>Certaines familles choisissent finalement de conserver plut\u00f4t une <strong>photo du b\u00e9b\u00e9 coiff\u00e9<\/strong>, un texte ou un r\u00e9cit de naissance, ce qui \u00e9vite les questions pratiques de conservation de tissus biologiques.<\/p>\n\n\n\n<h3 class=\"wp-block-heading\" id=\"h3rituelsdeprotectionetdegratitude\">Rituels de protection et de gratitude<\/h3>\n\n\n\n<p>Les formes de rituel peuvent \u00eatre tr\u00e8s simples :<\/p>\n\n\n\n<ul class=\"wp-block-list\">\n<li>allumer une bougie et prononcer une phrase de bienvenue ,<\/li>\n\n\n\n<li>\u00e9crire une lettre \u00e0 l\u2019enfant que l\u2019on garde dans son carnet de sant\u00e9 ,<\/li>\n\n\n\n<li>partager une pri\u00e8re ou un chant significatif pour la famille.<\/li>\n<\/ul>\n\n\n\n<p>Ces gestes n\u2019ont pas besoin d\u2019\u00eatre compliqu\u00e9s pour \u00eatre puissants. Ils marquent un passage, offrent un cadre rassurant \u00e0 un \u00e9v\u00e9nement parfois v\u00e9cu comme bouleversant.<\/p>\n\n\n\n<h3 class=\"wp-block-heading\" id=\"h3transmissionfairedelanaissancecoiffeunehistoireraconter\">Transmission : faire de la naissance coiff\u00e9e une histoire \u00e0 raconter<\/h3>\n\n\n\n<p>Au fil des ann\u00e9es, la naissance en coiffe peut devenir une <strong>histoire familiale<\/strong>. Certains parents notent, d\u00e8s les premiers jours :<\/p>\n\n\n\n<ul class=\"wp-block-list\">\n<li>les mots employ\u00e9s par la sage\u2011femme ,<\/li>\n\n\n\n<li>leurs \u00e9motions \u00e0 la vue de la coiffe ,<\/li>\n\n\n\n<li>les premi\u00e8res r\u00e9actions des proches.<\/li>\n<\/ul>\n\n\n\n<p>Plus tard, ces \u00e9l\u00e9ments pourront \u00eatre racont\u00e9s \u00e0 l\u2019enfant, au moment o\u00f9 il s\u2019interrogera sur sa venue au monde. C\u2019est une mani\u00e8re de lui dire : \u00ab Ta naissance nous a marqu\u00e9s, nous nous en souvenons avec pr\u00e9cision. \u00bb<\/p>\n\n\n\n<h3 class=\"wp-block-heading\" id=\"h3rverdunbbcoiffquellesymboliquepossible\">R\u00eaver d\u2019un b\u00e9b\u00e9 coiff\u00e9 : quelle symbolique possible ?<\/h3>\n\n\n\n<p>Sur le terrain des <strong>r\u00eaves<\/strong>, un b\u00e9b\u00e9 \u00e9voque souvent :<\/p>\n\n\n\n<ul class=\"wp-block-list\">\n<li>un projet nouveau ,<\/li>\n\n\n\n<li>une partie vuln\u00e9rable de soi ,<\/li>\n\n\n\n<li>un besoin de soin ou de transformation.<\/li>\n<\/ul>\n\n\n\n<p>Lorsque le b\u00e9b\u00e9 est coiff\u00e9 dans un r\u00eave, certaines approches symboliques y voient une protection, un passage accompagn\u00e9, un nouveau d\u00e9part entour\u00e9 de bonnes conditions. L\u00e0 encore, il s\u2019agit de lectures possibles, non de pr\u00e9dictions.<\/p>\n\n\n\n<p>L\u2019\u00e9tat \u00e9motionnel au moment du r\u00eave compte beaucoup :<\/p>\n\n\n\n<ul class=\"wp-block-list\">\n<li>en p\u00e9riode de <a href=\"https:\/\/heloa.app\/fr\/blog\/parents\/vie-quotidienne\/apprendre-a-gerer-son-stress\">stress<\/a> ou de deuil, un tel r\u00eave peut exprimer des craintes, des questions de transmission, des peurs de mal faire ,<\/li>\n\n\n\n<li>dans un temps plus apais\u00e9, il peut au contraire repr\u00e9senter un projet qui \u00ab na\u00eet sous de bons auspices \u00bb.<\/li>\n<\/ul>\n\n\n\n<h2 class=\"wp-block-heading\" id=\"h2soinsdescheveuxetducuircheveludunbbcoiff\">Soins des cheveux et du cuir chevelu d\u2019un b\u00e9b\u00e9 coiff\u00e9<\/h2>\n\n\n\n<h3 class=\"wp-block-heading\" id=\"h3cheveuxdenaissancetextureaspectetvolution\">Cheveux de naissance : texture, aspect et \u00e9volution<\/h3>\n\n\n\n<p>Un <strong>b\u00e9b\u00e9 coiff\u00e9<\/strong> peut na\u00eetre avec :<\/p>\n\n\n\n<ul class=\"wp-block-list\">\n<li>beaucoup de cheveux, fins ou \u00e9pais ,<\/li>\n\n\n\n<li>quelques m\u00e8ches clairsem\u00e9es ,<\/li>\n\n\n\n<li>un cr\u00e2ne presque glabre.<\/li>\n<\/ul>\n\n\n\n<p>Ces <strong>cheveux de naissance<\/strong> ne pr\u00e9jugent pas de l\u2019aspect d\u00e9finitif. Sous l\u2019effet des modifications hormonales apr\u00e8s la naissance, ils peuvent tomber partiellement entre 3 et 6 mois, puis laisser place \u00e0 des cheveux souvent diff\u00e9rents : plus ondul\u00e9s, plus fonc\u00e9s, ou au contraire plus clairs.<\/p>\n\n\n\n<h3 class=\"wp-block-heading\" id=\"h3frquencedelavageetchoixdushampoing\">Fr\u00e9quence de lavage et choix du shampoing<\/h3>\n\n\n\n<p>Le cuir chevelu d\u2019un <strong>nourrisson<\/strong> est sensible. Inutile de multiplier les shampoings :<\/p>\n\n\n\n<ul class=\"wp-block-list\">\n<li>1 \u00e0 2 lavages par semaine suffisent en g\u00e9n\u00e9ral ,<\/li>\n\n\n\n<li>le reste du temps, un rin\u00e7age \u00e0 l\u2019eau claire peut \u00eatre amplement suffisant.<\/li>\n<\/ul>\n\n\n\n<p>L\u2019id\u00e9al est d\u2019utiliser un <strong>shampoing doux pour b\u00e9b\u00e9<\/strong>, au pH adapt\u00e9, sans parfum agressif ni tensioactifs irritants. Des produits trop d\u00e9tergents peuvent fragiliser la barri\u00e8re cutan\u00e9e et favoriser irritations ou s\u00e9cheresse.<\/p>\n\n\n\n<h3 class=\"wp-block-heading\" id=\"h3brossagedmlageetschagetoutendouceur\">Brossage, d\u00e9m\u00ealage et s\u00e9chage tout en douceur<\/h3>\n\n\n\n<p>Apr\u00e8s le <a href=\"https:\/\/heloa.app\/fr\/blog\/0-12-mois\/sante\/bain-nouveau-ne\">bain<\/a> :<\/p>\n\n\n\n<ul class=\"wp-block-list\">\n<li>tamponner d\u00e9licatement la t\u00eate avec une serviette souple, sans frotter ,<\/li>\n\n\n\n<li>utiliser une <strong>brosse \u00e0 poils tr\u00e8s souples<\/strong> ou un peigne \u00e0 larges dents pour d\u00e9m\u00ealer, surtout si les cheveux sont boucl\u00e9s ou cr\u00e9pus ,<\/li>\n\n\n\n<li>tenir la m\u00e8che pr\u00e8s de la racine pour \u00e9viter de tirer sur la peau.<\/li>\n<\/ul>\n\n\n\n<p>Les <strong>appareils chauffants<\/strong> (s\u00e8che\u2011cheveux tr\u00e8s chaud, lisseur, etc.) sont \u00e0 proscrire chez le b\u00e9b\u00e9 : ils peuvent dess\u00e9cher la fibre capillaire et irriter le cuir chevelu.<\/p>\n\n\n\n<h3 class=\"wp-block-heading\" id=\"h3accessoiresetcoiffuresprioritauconfort\">Accessoires et coiffures : priorit\u00e9 au confort<\/h3>\n\n\n\n<p>Les accessoires peuvent \u00eatre jolis, mais le confort prime :<\/p>\n\n\n\n<ul class=\"wp-block-list\">\n<li>privil\u00e9gier les bonnets en coton ou en mati\u00e8re respirante ,<\/li>\n\n\n\n<li>\u00e9viter les bandeaux ou \u00e9lastiques serr\u00e9s qui appuient sur les <strong>fontanelles<\/strong> ,<\/li>\n\n\n\n<li>choisir des coiffures simples, sans traction forte sur les racines (pas de tresses tr\u00e8s serr\u00e9es, de chignons tir\u00e9s chez le nourrisson).<\/li>\n<\/ul>\n\n\n\n<p>Le but est de respecter la sensibilit\u00e9 du cuir chevelu et de laisser le cr\u00e2ne se d\u00e9velopper sans contrainte.<\/p>\n\n\n\n<h3 class=\"wp-block-heading\" id=\"h3crotesdelaitirritationschutedecheveuxquandconsulter\">Cro\u00fbtes de lait, irritations, chute de cheveux : quand consulter ?<\/h3>\n\n\n\n<p>Les <strong><a href=\"https:\/\/heloa.app\/fr\/blog\/0-12-mois\/sante\/croute-de-lait-bebe\">cro\u00fbtes de lait<\/a><\/strong> \u2013 nom courant de la <strong>dermite s\u00e9borrh\u00e9ique du nourrisson<\/strong> \u2013 sont fr\u00e9quentes et g\u00e9n\u00e9ralement b\u00e9nignes. Elles se pr\u00e9sentent comme :<\/p>\n\n\n\n<ul class=\"wp-block-list\">\n<li>des plaques jaun\u00e2tres, parfois \u00e9paisses, coll\u00e9es au cuir chevelu ,<\/li>\n\n\n\n<li>peu douloureuses, souvent sans g\u00eane pour le b\u00e9b\u00e9.<\/li>\n<\/ul>\n\n\n\n<p>Un massage doux avec une huile adapt\u00e9e (huile min\u00e9rale ou huile v\u00e9g\u00e9tale sp\u00e9cifique pour b\u00e9b\u00e9), laiss\u00e9 poser avant le bain, puis un shampoing d\u00e9licat, suffit souvent \u00e0 les r\u00e9duire. Il est pr\u00e9f\u00e9rable d\u2019\u00e9viter de gratter vigoureusement, pour ne pas irriter la peau.<\/p>\n\n\n\n<p>Un avis m\u00e9dical est n\u00e9cessaire si :<\/p>\n\n\n\n<ul class=\"wp-block-list\">\n<li>les cro\u00fbtes s\u2019\u00e9tendent largement au visage ou au tronc ,<\/li>\n\n\n\n<li>la peau devient tr\u00e8s rouge, suintante ou malodorante ,<\/li>\n\n\n\n<li>la chute de cheveux est associ\u00e9e \u00e0 des plaques tr\u00e8s nettes, des d\u00e9mangeaisons intenses ou de la <a href=\"https:\/\/heloa.app\/fr\/blog\/1-3-ans\/sante\/la-fievre-chez-lenfant\">fi\u00e8vre<\/a>.<\/li>\n<\/ul>\n\n\n\n<p>Le m\u00e9decin pourra alors \u00e9voquer d\u2019autres diagnostics (infection, ecz\u00e9ma, mycose) et proposer un traitement adapt\u00e9.<\/p>\n\n\n\n<h3 class=\"wp-block-heading\" id=\"h3soleilfroidetprotectionducuirchevelu\">Soleil, froid et protection du cuir chevelu<\/h3>\n\n\n\n<p>Les saisons influencent directement la peau du cuir chevelu :<\/p>\n\n\n\n<ul class=\"wp-block-list\">\n<li>en <strong>\u00e9t\u00e9<\/strong>, un chapeau l\u00e9ger ou un bonnet anti\u2011UV est indispensable \u00e0 l\u2019ext\u00e9rieur, surtout si les cheveux sont fins. Les b\u00e9b\u00e9s ne doivent pas \u00eatre expos\u00e9s directement au soleil, en particulier aux heures de fort rayonnement ,<\/li>\n\n\n\n<li>en <strong>hiver<\/strong>, un bonnet chaud prot\u00e8ge des pertes de chaleur, mais il est important de le retirer \u00e0 l\u2019int\u00e9rieur pour \u00e9viter transpiration excessive et irritation.<\/li>\n<\/ul>\n\n\n\n<p>En cas de doute sur une rougeur, des desquamations ou une sensibilit\u00e9 inhabituelle du cuir chevelu, un avis de p\u00e9diatre ou de m\u00e9decin g\u00e9n\u00e9raliste permet de faire le point.<\/p>\n\n\n\n<h2 class=\"wp-block-heading\" id=\"retenir\">\u00c0 retenir<\/h2>\n\n\n\n<ul class=\"wp-block-list\">\n<li>Un <strong>b\u00e9b\u00e9 coiff\u00e9<\/strong> est un nouveau\u2011n\u00e9 dont la t\u00eate (et parfois le corps) est encore entour\u00e9e en partie par la <strong>poche des eaux<\/strong> au moment de la naissance.  <\/li>\n\n\n\n<li>Cette <strong>naissance rare<\/strong> (environ 1 cas pour 80 000) constitue une variante de l\u2019accouchement, sans cons\u00e9quence n\u00e9gative directe sur la sant\u00e9, lorsque la prise en charge est r\u00e9alis\u00e9e par des professionnels.  <\/li>\n\n\n\n<li>La coiffe n\u2019est pas li\u00e9e \u00e0 des <strong>malformations<\/strong> comme la <strong>sir\u00e9nom\u00e9lie<\/strong>, ni \u00e0 un risque accru de handicap ou de trouble neurologique.  <\/li>\n\n\n\n<li>Les significations de chance, de dons ou de protection rel\u00e8vent de <strong>croyances<\/strong>, de <strong>traditions populaires<\/strong> et de la <strong>symbolique de la naissance<\/strong>, sans validation scientifique, mais elles peuvent avoir une valeur affective importante pour la famille.  <\/li>\n\n\n\n<li>Les soins du <strong>cuir chevelu<\/strong>, des <strong>cheveux de naissance<\/strong> et des \u00e9ventuelles <strong>cro\u00fbtes de lait<\/strong> sont les m\u00eames que pour tout nourrisson : douceur, produits adapt\u00e9s, protection au soleil et au froid, et consultation m\u00e9dicale en cas de doute.  <\/li>\n\n\n\n<li>En cas de questions sur la sant\u00e9, la spiritualit\u00e9 ou les rituels autour d\u2019un b\u00e9b\u00e9 coiff\u00e9, \u00e9changer avec une sage\u2011femme, un p\u00e9diatre ou un m\u00e9decin permet de trouver des rep\u00e8res adapt\u00e9s \u00e0 votre situation.  <\/li>\n\n\n\n<li>Pour aller plus loin et b\u00e9n\u00e9ficier de conseils personnalis\u00e9s, de questionnaires de sant\u00e9 gratuits et d\u2019outils pratiques pour suivre la sant\u00e9 de votre enfant, vous pouvez t\u00e9l\u00e9charger l\u2019<a href=\"https:\/\/app.adjust.com\/1g586ft8\" target=\"_blank\" rel=\"noopener\">application Heloa<\/a>.<\/li>\n<\/ul>\n\n\n\n<h2 class=\"wp-block-heading\" id=\"lesquestionsdesparents\">Les questions des parents<\/h2>\n\n\n\n<h3 class=\"wp-block-heading\" id=\"quelgepeutoncommencercoifferbbentoutescurit\">\u00c0 quel \u00e2ge peut\u2011on commencer \u00e0 coiffer b\u00e9b\u00e9 en toute s\u00e9curit\u00e9 ?<\/h3>\n\n\n\n<p>Beaucoup de parents s\u2019interrogent \u2014 et c\u2019est normal. Vous pouvez commencer \u00e0 manipuler doucement les cheveux et le cuir chevelu d\u00e8s les premi\u00e8res semaines, en privil\u00e9giant des gestes tr\u00e8s doux. Utilisez une brosse \u00e0 poils tr\u00e8s souples ou un peigne \u00e0 dents larges, tamponnez pour s\u00e9cher plut\u00f4t que frotter, et \u00e9vitez toute traction sur les racines. Pour les premiers essais de coiffure (petites m\u00e8ches, barrette l\u00e9g\u00e8re), attendez que les cheveux aient un peu de longueur et choisissez des accessoires souples et non serr\u00e9s. Si le b\u00e9b\u00e9 montre une g\u00eane ou si la zone devient rouge, stoppez et observez : la peau \u00e9tant sensible, l\u2019adaptation se fait progressivement.<\/p>\n\n\n\n<h3 class=\"wp-block-heading\" id=\"coifferrgulirementfaitilpousserlescheveuxplusvite\">Coiffer r\u00e9guli\u00e8rement fait\u2011il pousser les cheveux plus vite ?<\/h3>\n\n\n\n<p>C\u2019est une question fr\u00e9quente. La pousse des cheveux d\u00e9pend principalement de facteurs biologiques (hormones, g\u00e9n\u00e9tique, nutrition), pas du brossage ou des coiffures. En revanche, des soins doux et r\u00e9guliers favorisent un cuir chevelu sain, ce qui aide \u00e0 limiter la casse et donne une meilleure apparence \u00e0 la chevelure. En pratique : brossez l\u00e9g\u00e8rement pour stimuler la circulation locale sans tirer, lavez avec un shampoing doux 1 \u00e0 2 fois par semaine selon les besoins, et \u00e9vitez les manipulations agressives qui cassent les fibres capillaires. Ainsi, vous prot\u00e9gez ce qui pousse d\u00e9j\u00e0, sans attendre des miracles sur la vitesse de croissance.<\/p>\n\n\n\n<h3 class=\"wp-block-heading\" id=\"quefairesilapeauautourdescheveuxragitaprsunecoiffureouunproduit\">Que faire si la peau autour des cheveux r\u00e9agit apr\u00e8s une coiffure ou un produit ?<\/h3>\n\n\n\n<p>C\u2019est l\u00e9gitime d\u2019\u00eatre inquiet. Au moindre signe d\u2019irritation (rougeur persistante, plaques suintantes, d\u00e9mangeaisons, cro\u00fbtes qui s\u2019\u00e9tendent), stoppez imm\u00e9diatement le produit ou l\u2019accessoire utilis\u00e9. Nettoyez d\u00e9licatement \u00e0 l\u2019eau ti\u00e8de, \u00e9vitez les frottements, et laissez la zone \u00e0 l\u2019air libre quand c\u2019est possible. Pour les petites irritations, une cr\u00e8me \u00e9molliente prescrite par le p\u00e9diatre ou un simple soin doux peut suffire. Si l\u2019irritation s\u2019accompagne de fi\u00e8vre, de suintement important, de perte de cheveux localis\u00e9e ou ne s\u2019am\u00e9liore pas en quelques jours, n\u2019h\u00e9sitez pas \u00e0 contacter un m\u00e9decin : un avis professionnel permettra d\u2019\u00e9carter une infection ou une dermatite n\u00e9cessitant un traitement sp\u00e9cifique.<\/p>\n\n\n\n<figure class=\"wp-block-image\"><img decoding=\"async\" src=\"https:\/\/heloa.app\/wp-content\/uploads\/2025\/12\/bebe-coiffe-in-article-image.jpg\" alt=\"Couple en consultation pr\u00e9natale \u00e9coutant des explications sur la naissance d'un b\u00e9b\u00e9 coiff\u00e9\"\/><\/figure>\n\n\n\n<p><\/p>\n","protected":false},"excerpt":{"rendered":"<p>Le b\u00e9b\u00e9 coiff\u00e9 est expliqu\u00e9 : causes, risques limit\u00e9s et soins sont pr\u00e9sent\u00e9s pour apaiser et guider les parents. Conseils d&rsquo;experts.<\/p>\n","protected":false},"author":1,"featured_media":84131,"comment_status":"closed","ping_status":"closed","sticky":false,"template":"","format":"standard","meta":{"_acf_changed":false,"_kad_blocks_custom_css":"","_kad_blocks_head_custom_js":"","_kad_blocks_body_custom_js":"","_kad_blocks_footer_custom_js":"","_kad_post_transparent":"","_kad_post_title":"","_kad_post_layout":"","_kad_post_sidebar_id":"","_kad_post_content_style":"","_kad_post_vertical_padding":"","_kad_post_feature":"","_kad_post_feature_position":"","_kad_post_header":false,"_kad_post_footer":false,"_kad_post_classname":"","rank_math_title":"","rank_math_description":"","rank_math_focus_keyword":"","rank_math_primary_category":646,"ilj_linkdefinition":["b\u00e9b\u00e9 coiff\u00e9","b\u00e9b\u00e9 n\u00e9 (?:|b|w+|b|s*){1,1} coiff\u00e9","naissance en coiffe","b\u00e9b\u00e9 dans sa poche","naissance en sac (?:|b|w+|b|s*){1,1} intact","coiffe c\u00e9phalique","coiffe \u00e0 la naissance","b\u00e9b\u00e9 avec membranes","b\u00e9b\u00e9 coiff\u00e9 (?:|b|w+|b|s*){1,1} n\u00e9","b\u00e9b\u00e9 coiff\u00e9 (?:|b|w+|b|s*){1,1} naissance","coiffe n\u00e9onatale","b\u00e9b\u00e9 en coiffe","coiffe de naissance","naissance rare","b\u00e9b\u00e9 n\u00e9 (?:|b|w+|b|s*){1,2} dans sa poche"],"footnotes":""},"categories":[646,654],"tags":[],"class_list":["post-84722","post","type-post","status-publish","format-standard","has-post-thumbnail","hentry","category-0-12-mois","category-sante"],"acf":{"prestation_table":"","technical_table":"","nom_professionnel":"","numero_telephone":"","convention_cas":"","contrat_acces_aux_soins":"","sesam_vitale":"","coordonnees":"","adresse":"","profession":"","numero_rpps":"","profession_description":"","commune":"","departement":"","prenom":"","origine":"","date_fete":"","signification_etymologie":"","histoire_origine_prenom":"","personne_celebre":"","age_moyen":"","prenoms_derives":"","prenoms_composes":"","naissances_2024":"","genre":"","prenoms_taxonomy":"","region_stats":"","evolution_naissances":""},"taxonomy_info":{"category":[{"value":646,"label":"0-12 mois"},{"value":654,"label":"Sant\u00e9"}]},"featured_image_src_large":["https:\/\/heloa.app\/wp-content\/uploads\/2025\/12\/bebe-coiffe-featured-image-1024x559.jpg",1024,559,true],"author_info":{"display_name":"Heloa","author_link":"https:\/\/heloa.app\/fr\/author\/admin2968"},"comment_info":0,"category_info":[{"term_id":646,"name":"0-12 mois","slug":"0-12-mois","term_group":0,"term_taxonomy_id":646,"taxonomy":"category","description":"Comprenez le d\u00e9veloppement de votre b\u00e9b\u00e9 qui \u00e9volue de 0 \u00e0 12 mois. Sourire, vous faire coucou, apprendre \u00e0 parler, \u00e0 marcher, manger seul, l'accompagner dans la gestion de ses \u00e9motions, on vous explique tout.","parent":0,"count":305,"filter":"raw","cat_ID":646,"category_count":305,"category_description":"Comprenez le d\u00e9veloppement de votre b\u00e9b\u00e9 qui \u00e9volue de 0 \u00e0 12 mois. Sourire, vous faire coucou, apprendre \u00e0 parler, \u00e0 marcher, manger seul, l'accompagner dans la gestion de ses \u00e9motions, on vous explique tout.","cat_name":"0-12 mois","category_nicename":"0-12-mois","category_parent":0},{"term_id":654,"name":"Sant\u00e9","slug":"sante","term_group":0,"term_taxonomy_id":654,"taxonomy":"category","description":"","parent":646,"count":149,"filter":"raw","cat_ID":654,"category_count":149,"category_description":"","cat_name":"Sant\u00e9","category_nicename":"sante","category_parent":646}],"tag_info":false,"_links":{"self":[{"href":"https:\/\/heloa.app\/fr\/wp-json\/wp\/v2\/posts\/84722","targetHints":{"allow":["GET"]}}],"collection":[{"href":"https:\/\/heloa.app\/fr\/wp-json\/wp\/v2\/posts"}],"about":[{"href":"https:\/\/heloa.app\/fr\/wp-json\/wp\/v2\/types\/post"}],"author":[{"embeddable":true,"href":"https:\/\/heloa.app\/fr\/wp-json\/wp\/v2\/users\/1"}],"replies":[{"embeddable":true,"href":"https:\/\/heloa.app\/fr\/wp-json\/wp\/v2\/comments?post=84722"}],"version-history":[{"count":3,"href":"https:\/\/heloa.app\/fr\/wp-json\/wp\/v2\/posts\/84722\/revisions"}],"predecessor-version":[{"id":85041,"href":"https:\/\/heloa.app\/fr\/wp-json\/wp\/v2\/posts\/84722\/revisions\/85041"}],"wp:featuredmedia":[{"embeddable":true,"href":"https:\/\/heloa.app\/fr\/wp-json\/wp\/v2\/media\/84131"}],"wp:attachment":[{"href":"https:\/\/heloa.app\/fr\/wp-json\/wp\/v2\/media?parent=84722"}],"wp:term":[{"taxonomy":"category","embeddable":true,"href":"https:\/\/heloa.app\/fr\/wp-json\/wp\/v2\/categories?post=84722"},{"taxonomy":"post_tag","embeddable":true,"href":"https:\/\/heloa.app\/fr\/wp-json\/wp\/v2\/tags?post=84722"}],"curies":[{"name":"wp","href":"https:\/\/api.w.org\/{rel}","templated":true}]}}