{"id":8092,"date":"2024-12-10T01:22:38","date_gmt":"2024-12-10T00:22:38","guid":{"rendered":"https:\/\/heloa.app\/?p=8092"},"modified":"2026-02-05T23:55:58","modified_gmt":"2026-02-05T22:55:58","slug":"nouveau-ne","status":"publish","type":"post","link":"https:\/\/heloa.app\/fr\/blog\/0-12-mois\/developpement\/nouveau-ne","title":{"rendered":"Nouveau-n\u00e9 : d\u00e9veloppement, sant\u00e9, alimentation et sommeil"},"content":{"rendered":"\n<p>Les premi\u00e8res semaines apr\u00e8s la naissance d&rsquo;un b\u00e9b\u00e9 sont remplies de joie, mais elles peuvent aussi \u00eatre source d&rsquo;interrogations. Comment s&rsquo;assurer que votre <strong>nouveau-n\u00e9<\/strong> grandit bien ? Que faire face \u00e0 ses pleurs, son sommeil irr\u00e9gulier ou ses premiers soins ? Vous vous demandez peut-\u00eatre si vous r\u00e9pondez correctement \u00e0 ses besoins. Pas de panique, c&rsquo;est tout \u00e0 fait normal d&rsquo;avoir des doutes et nous allons vous accompagner \u00e0 travers cette p\u00e9riode.<\/p>\n\n\n\n<h2 class=\"wp-block-heading\">Nouveau-n\u00e9 :<strong> les \u00e9tapes cl\u00e9s du d\u00e9veloppement<\/strong><\/h2>\n\n\n\n<h3 class=\"wp-block-heading\"><strong>Taille et poids \u00e0 la naissance<\/strong><\/h3>\n\n\n\n<p>La moyenne des b\u00e9b\u00e9s \u00e0 la naissance se situe entre <strong>2,5 kg et 4,5 kg<\/strong>, avec une taille variant de <strong>48 \u00e0 53 cm<\/strong>. Chaque enfant est unique, il est donc normal de voir des variations. Si votre tout-petit prend du poids et grandit r\u00e9guli\u00e8rement, il se d\u00e9veloppe normalement. L\u2019essentiel est qu\u2019il n\u2019y ait pas de stagnation ou de baisse dans ses courbes de croissance.<\/p>\n\n\n\n<h3 class=\"wp-block-heading\"><strong>Motricit\u00e9 globale et r\u00e9flexes<\/strong><\/h3>\n\n\n\n<p>Au cours des premi\u00e8res semaines, votre <strong>nouveau-n\u00e9<\/strong> manifeste plusieurs <strong>r\u00e9flexes archa\u00efques<\/strong>&nbsp;: ce sont des r\u00e9ponses automatiques qui montrent que son d\u00e9veloppement neurologique progresse bien.<\/p>\n\n\n\n<p>Le <strong>r\u00e9flexe de succion<\/strong> lui permet de t\u00e9ter d\u00e8s qu\u2019un objet touche son palais, tandis que le <strong>r\u00e9flexe de Moro<\/strong>, ou r\u00e9flexe de sursaut, se d\u00e9clenche lorsqu\u2019il est surpris. Il \u00e9carte alors brusquement ses bras avant de les ramener contre lui. Ces r\u00e9flexes dispara\u00eetront progressivement \u00e0 mesure que <a href=\"https:\/\/heloa.app\/blog\/1-3-ans\/developpement\/etapes-developpement-motricite\" data-type=\"post\" data-id=\"6497\">sa motricit\u00e9 se d\u00e9veloppe<\/a>, laissant place \u00e0 des mouvements plus contr\u00f4l\u00e9s.<\/p>\n\n\n\n<h3 class=\"wp-block-heading\"><strong>Motricit\u00e9 fine : r\u00e9flexe d&rsquo;agrippement<\/strong><\/h3>\n\n\n\n<p>Si vous observez votre b\u00e9b\u00e9, vous remarquerez \u00e9galement le <strong>r\u00e9flexe d&rsquo;agrippement<\/strong>, lorsqu\u2019il serre fermement un doigt ou un objet dans sa main. Il commence d\u00e9j\u00e0 \u00e0 explorer son environnement, mais sans coordination fine. Vers 1 mois, il pourra essayer de saisir des objets, mais ces gestes sont encore involontaires.<\/p>\n\n\n\n<h3 class=\"wp-block-heading\"><strong>D\u00e9veloppement sensoriel<\/strong><\/h3>\n\n\n\n<p>D\u00e8s les premiers jours, votre <strong>nouveau-n\u00e9<\/strong> est d\u00e9j\u00e0 dot\u00e9 de capacit\u00e9s sensorielles qui se d\u00e9velopperont progressivement. Bien qu&rsquo;il ne puisse pas encore voir clairement, il distingue les formes et les visages \u00e0 une distance de 20 \u00e0 30 cm, principalement en nuances de gris.<\/p>\n\n\n\n<p>Son <strong>ou\u00efe<\/strong> est \u00e9galement bien d\u00e9velopp\u00e9e et il r\u00e9agit aux sons familiers comme votre voix, qui le rassure. Il est donc essentiel de continuer \u00e0 lui parler et \u00e0 lui chanter des berceuses pour l&rsquo;apaiser et stimuler son d\u00e9veloppement auditif. Dans la mesure du possible, \u00e9vitez de parler trop fort lorsque vous \u00eates aupr\u00e8s de lui : cela pourrait le faire sursauter et le stresser.<\/p>\n\n\n\n<p>Le <strong>toucher<\/strong> est l\u2019un des premiers sens \u00e0 se d\u00e9velopper. Le contact <a href=\"https:\/\/heloa.app\/fr\/blog\/parents\/post-partum\/les-benefices-du-peau-a-peau\">peau \u00e0 peau<\/a>, les <a href=\"https:\/\/heloa.app\/fr\/blog\/parents\/couple\/le-pouvoir-des-caresses\">caresses<\/a> et les massages doux renforcent son sentiment de s\u00e9curit\u00e9 et contribuent \u00e0 son d\u00e9veloppement affectif. Chaque petit geste compte pour l\u2019aider \u00e0 d\u00e9couvrir ce nouveau monde.<\/p>\n\n\n<style>.kb-image8092_df0355-17.kb-image-is-ratio-size, .kb-image8092_df0355-17 .kb-image-is-ratio-size{max-width:634px;width:100%;}.wp-block-kadence-column > .kt-inside-inner-col > .kb-image8092_df0355-17.kb-image-is-ratio-size, .wp-block-kadence-column > .kt-inside-inner-col > .kb-image8092_df0355-17 .kb-image-is-ratio-size{align-self:unset;}.kb-image8092_df0355-17{max-width:634px;}.image-is-svg.kb-image8092_df0355-17{-webkit-flex:0 1 100%;flex:0 1 100%;}.image-is-svg.kb-image8092_df0355-17 img{width:100%;}.kb-image8092_df0355-17 .kb-image-has-overlay:after{opacity:0.3;}<\/style>\n<figure class=\"wp-block-kadence-image kb-image8092_df0355-17 size-medium_large\"><img loading=\"lazy\" decoding=\"async\" width=\"768\" height=\"512\" src=\"https:\/\/heloa.app\/wp-content\/uploads\/2024\/11\/a-touching-close-up-of-a-father-and-his-baby-peacefully-napping-together.-2133-768x512.jpg\" alt=\"nouveau-ne-dort-sur-papa\" class=\"kb-img wp-image-8763\" srcset=\"https:\/\/heloa.app\/wp-content\/uploads\/2024\/11\/a-touching-close-up-of-a-father-and-his-baby-peacefully-napping-together.-2133-768x512.jpg 768w, https:\/\/heloa.app\/wp-content\/uploads\/2024\/11\/a-touching-close-up-of-a-father-and-his-baby-peacefully-napping-together.-2133-300x200.jpg 300w, https:\/\/heloa.app\/wp-content\/uploads\/2024\/11\/a-touching-close-up-of-a-father-and-his-baby-peacefully-napping-together.-2133-1024x683.jpg 1024w, https:\/\/heloa.app\/wp-content\/uploads\/2024\/11\/a-touching-close-up-of-a-father-and-his-baby-peacefully-napping-together.-2133-1536x1024.jpg 1536w, https:\/\/heloa.app\/wp-content\/uploads\/2024\/11\/a-touching-close-up-of-a-father-and-his-baby-peacefully-napping-together.-2133-2048x1365.jpg 2048w\" sizes=\"auto, (max-width: 768px) 100vw, 768px\" \/><\/figure>\n\n\n\n<h2 class=\"wp-block-heading\">\u00c9veil et jeux du nouveau-n\u00e9<\/h2>\n\n\n\n<h3 class=\"wp-block-heading\"><strong>Peau \u00e0 peau et interaction parent-enfant<\/strong><\/h3>\n\n\n\n<p>Le <a href=\"https:\/\/heloa.app\/blog\/parents\/post-partum\/les-benefices-du-peau-a-peau\" data-type=\"post\" data-id=\"6512\"><strong>peau \u00e0 peau<\/strong> d\u00e8s la naissance est essentiel<\/a> pour le bien-\u00eatre de votre nouveau-n\u00e9. Ce contact direct avec votre peau l&rsquo;aide \u00e0 r\u00e9guler sa temp\u00e9rature, son rythme cardiaque et respiratoire, tout en lui apportant un sentiment de s\u00e9curit\u00e9.<\/p>\n\n\n\n<p>C\u2019est aussi un moment privil\u00e9gi\u00e9 pour favoriser le d\u00e9marrage de l\u2019allaitement et renforcer les <strong>premiers liens d\u2019attachement<\/strong>. M\u00eame pendant les soins, votre pr\u00e9sence permet \u00e0 b\u00e9b\u00e9 de continuer \u00e0 ressentir ce contact apaisant.<\/p>\n\n\n\n<h3 class=\"wp-block-heading\"><strong>Les premiers moments apr\u00e8s la naissance<\/strong><\/h3>\n\n\n\n<p>Bien que votre b\u00e9b\u00e9 ne soit pas encore en \u00e2ge de jouer, il est d\u00e9j\u00e0 important de stimuler ses sens. D\u00e8s la <strong><a href=\"https:\/\/heloa.app\/blog\/parents\/post-partum\/tetee-de-bienvenue\" data-type=\"post\" data-id=\"6379\">t\u00e9t\u00e9e de bienvenue<\/a><\/strong>, ces premiers instants partag\u00e9s en peau \u00e0 peau, vous pouvez commencer \u00e0 encourager son d\u00e9veloppement <strong>\u00e9motionnel et cognitif<\/strong>.<\/p>\n\n\n\n<p>Parler doucement, chanter des berceuses et prolonger les moments en peau \u00e0 peau sont autant de moyens de renforcer ce lien unique. Ces instants pr\u00e9cieux aident votre tout-petit \u00e0 se sentir en confiance et en <strong>s\u00e9curit\u00e9<\/strong> dans ce nouveau monde.<\/p>\n\n\n\n<h3 class=\"wp-block-heading\"><strong>Jeux d\u2019\u00e9veil pour un nouveau-n\u00e9<\/strong><\/h3>\n\n\n\n<p>D\u00e8s ses premiers jours, vous pouvez proposer \u00e0 votre <strong>nouveau-n\u00e9<\/strong> des <strong>motifs contrast\u00e9s<\/strong>, des <strong>mobiles color\u00e9s<\/strong> ou des <strong>jouets musicaux<\/strong>. Observez attentivement ses signaux de fatigue, comme les <strong>b\u00e2illements<\/strong> ou les <strong>pleurs<\/strong>, pour \u00e9viter une surcharge sensorielle.<\/p>\n\n\n\n<p>Un <strong>miroir incassable<\/strong> peut \u00e9galement capter son attention, m\u00eame s&rsquo;il ne se reconna\u00eet pas encore. Installez une <strong>arche de jeux<\/strong> pour l\u2019aider \u00e0 d\u00e9velopper sa <strong>coordination<\/strong> <strong>oeil-main<\/strong>, tout en variant les positions pour renforcer ses muscles, notamment avec des moments sur le ventre.<\/p>\n\n\n\n<h2 class=\"wp-block-heading\"><strong>Le sommeil du nouveau-n\u00e9<\/strong><\/h2>\n\n\n\n<h3 class=\"wp-block-heading\"><strong>Rythme de sommeil<\/strong><\/h3>\n\n\n\n<p>Un <strong>nouveau-n\u00e9<\/strong> peut dormir entre <strong>16 et 20 heures<\/strong> par jour. Il est important d\u2019instaurer un <strong><a href=\"https:\/\/heloa.app\/fr\/blog\/parents\/couple\/le-rituel-de-coucher-du-soir\">rituel de coucher<\/a><\/strong> d\u00e8s les premiers jours, m\u00eame si ses cycles de sommeil ne sont pas encore bien structur\u00e9s. Cela peut inclure des gestes simples comme un <a href=\"https:\/\/heloa.app\/fr\/blog\/0-12-mois\/sante\/bain-nouveau-ne\">bain<\/a>, une berceuse, un moment de c\u00e2lins dans un environnement calme et tamis\u00e9&#8230; Ce rituel permet \u00e0 votre b\u00e9b\u00e9 de se sentir s\u00e9curis\u00e9 et de distinguer petit \u00e0 petit le jour de la nuit.<\/p>\n\n\n\n<h3 class=\"wp-block-heading\"><strong>Dur\u00e9e et cycles de sommeil<\/strong><\/h3>\n\n\n\n<p><a href=\"https:\/\/heloa.app\/blog\/0-12-mois\/sommeil\/le-sommeil-de-votre-bebe-avant-1-an\" data-type=\"post\" data-id=\"5409\">Les cycles de sommeil du nouveau-n\u00e9 <\/a>sont encore tr\u00e8s irr\u00e9guliers. B\u00e9b\u00e9 alterne entre des phases de <strong>sommeil l\u00e9ger<\/strong> et de <strong>sommeil profond<\/strong>. Il se r\u00e9veille souvent pour se nourrir. Progressivement, il commencera \u00e0 allonger ses p\u00e9riodes de sommeil, mais cela peut prendre plusieurs mois.<\/p>\n\n\n\n<h3 class=\"wp-block-heading\"><strong>Pr\u00e9venir la mort subite du nourrisson (mort inattendue du nourrisson)<\/strong><\/h3>\n\n\n\n<p>Le <strong>syndrome de <a href=\"https:\/\/heloa.app\/fr\/blog\/0-12-mois\/sante\/prevention-mort-subite-nourrisson\">mort subite du nourrisson<\/a> (SMSN)<\/strong>, bien que rare, constitue l&rsquo;une des principales causes de d\u00e9c\u00e8s chez les b\u00e9b\u00e9s. Les causes de la<a href=\"https:\/\/heloa.app\/blog\/0-12-mois\/sante\/prevention-mort-subite-nourrisson\" data-type=\"post\" data-id=\"6296\"> <strong>mort inattendue d&rsquo;un nourrisson (MIN)<\/strong><\/a> ne sont souvent d\u00e9couvertes qu&rsquo;apr\u00e8s coup : infections, accidents li\u00e9s \u00e0 la literie, maladies cardiaques, digestives ou m\u00e9taboliques&#8230; Lorsqu&rsquo;aucune explication n&rsquo;est trouv\u00e9e, on parle alors de <strong>mort subite du nourrisson (MSN).<\/strong><\/p>\n\n\n\n<p>Pour assurer un <strong>sommeil en toute s\u00e9curit\u00e9<\/strong>, il est essentiel de suivre ces recommandations :<\/p>\n\n\n\n<ul class=\"wp-block-list\">\n<li>Faites toujours dormir b\u00e9b\u00e9 <strong>sur le dos<\/strong>.<\/li>\n\n\n\n<li>Utilisez un <strong>matelas ferme<\/strong> <u>sans<\/u> oreiller, couette ou couverture \u00e9paisse.<\/li>\n\n\n\n<li>Ne mettez pas le doudou de votre enfant au niveau de son visage. Posez-le au niveau de ses pieds.<\/li>\n\n\n\n<li>Gardez la temp\u00e9rature de la chambre autour de <strong>19\u00b0C<\/strong>.<\/li>\n\n\n\n<li>Si la pi\u00e8ce est trop froide, utilisez une turbulette (gigoteuse) adapt\u00e9e.<\/li>\n\n\n\n<li>\u00c9vitez le tabagisme passif et le cododo dans le m\u00eame lit.<\/li>\n<\/ul>\n\n\n\n<figure class=\"wp-block-embed is-type-video is-provider-youtube wp-block-embed-youtube wp-embed-aspect-16-9 wp-has-aspect-ratio\"><div class=\"wp-block-embed__wrapper\">\n<iframe loading=\"lazy\" title=\"Mort subite du nourrisson : 3 mesures \u00e0 prendre pour le prot\u00e9ger\" width=\"720\" height=\"405\" src=\"https:\/\/www.youtube.com\/embed\/K7rcnilNBdw?feature=oembed\" frameborder=\"0\" allow=\"accelerometer; autoplay; clipboard-write; encrypted-media; gyroscope; picture-in-picture; web-share\" referrerpolicy=\"strict-origin-when-cross-origin\" allowfullscreen><\/iframe>\n<\/div><\/figure>\n\n\n\n<h3 class=\"wp-block-heading\">L&#8217;emmaillotage : pour ou contre ?<\/h3>\n\n\n\n<p>L&rsquo;<strong>emmaillotage<\/strong> peut offrir \u00e0 certains <strong>nouveau-n\u00e9s<\/strong> une sensation de s\u00e9curit\u00e9 en recr\u00e9ant l\u2019environnement rassurant de l\u2019<a href=\"https:\/\/heloa.app\/fr\/blog\/parents\/post-partum\/comprendre-fonction-uterus\">ut\u00e9rus<\/a>. En limitant les mouvements brusques, il peut \u00e9galement favoriser un meilleur sommeil. Cependant, il est essentiel de l\u2019utiliser avec pr\u00e9caution.<\/p>\n\n\n\n<p>Assurez-vous que b\u00e9b\u00e9 peut toujours bouger librement ses hanches et ses jambes, et ne serrez pas trop la couverture pour qu&rsquo;il respire sans difficult\u00e9. Lorsque b\u00e9b\u00e9 commence \u00e0 se retourner tout seul, il est recommand\u00e9 de cesser l\u2019emmaillotage pour r\u00e9duire le risque de <strong>syndrome de mort subite du nourrisson (MSN)<\/strong>.<\/p>\n\n\n\n<p>Tous les b\u00e9b\u00e9s ne r\u00e9agissent pas de la m\u00eame mani\u00e8re \u00e0 l\u2019emmaillotage. Observez les besoins de votre enfant et adaptez cette pratique en cons\u00e9quence pour garantir son bien-\u00eatre.<\/p>\n\n\n\n<h2 class=\"wp-block-heading\"><strong>Alimentation du nouveau-n\u00e9<\/strong><\/h2>\n\n\n\n<h3 class=\"wp-block-heading\"><strong>Allaitement et biberons<\/strong><\/h3>\n\n\n\n<p>Que vous optiez pour <strong>l&rsquo;allaitement<\/strong> ou pour le <strong>biberon<\/strong>, l\u2019important est de respecter les besoins de votre b\u00e9b\u00e9. Un nouveau-n\u00e9 est g\u00e9n\u00e9ralement nourri <strong>\u00e0 la demande<\/strong>, c\u2019est-\u00e0-dire \u00e0 chaque fois qu\u2019il <a href=\"https:\/\/heloa.app\/blog\/0-12-mois\/nutrition\/reconnaitre-les-signes-de-faim-chez-un-bebe\" data-type=\"post\" data-id=\"6563\">montre des signes de faim<\/a>. Cela peut \u00eatre <strong>8 \u00e0 12 fois par jour<\/strong>.<\/p>\n\n\n\n<p>L&rsquo;<strong><a href=\"https:\/\/heloa.app\/blog\/parents\/post-partum\/comment-demarrer-allaitement-maternel\" data-type=\"post\" data-id=\"6344\">allaitement maternel<\/a><\/strong> reste l&rsquo;aliment le plus complet pour les nourrissons, mais le <strong><a href=\"https:\/\/heloa.app\/fr\/blog\/1-3-ans\/nutrition\/les-laits-infantiles\">lait infantile<\/a><\/strong> est une excellente alternative. Si vous avez des doutes, consultez votre p\u00e9diatre pour vous assurer que votre b\u00e9b\u00e9 prend bien du poids.<\/p>\n\n\n\n<h3 class=\"wp-block-heading\">Le syst\u00e8me digestif et les r\u00e9gurgitations<\/h3>\n\n\n\n<p>Le syst\u00e8me digestif de votre b\u00e9b\u00e9 est encore en d\u00e9veloppement. Il n\u2019est donc pas rare que les nouveau-n\u00e9s <strong>r\u00e9gurgitent<\/strong> une petite quantit\u00e9 de lait apr\u00e8s les repas. Ces <a href=\"https:\/\/heloa.app\/blog\/0-12-mois\/sante\/regurgitation-bebe-cause-symptome-solution\" data-type=\"post\" data-id=\"6573\">r\u00e9gurgitations sont g\u00e9n\u00e9ralement sans gravit\u00e9<\/a> et se r\u00e9gulent avec le temps.<\/p>\n\n\n\n<p>Pour r\u00e9duire les <a href=\"https:\/\/heloa.app\/fr\/blog\/0-12-mois\/sante\/regurgitation-bebe-cause-symptome-solution\">r\u00e9gurgitations<\/a>, maintenez votre b\u00e9b\u00e9 en position verticale apr\u00e8s le repas pendant 20 \u00e0 30 minutes. Si elles deviennent tr\u00e8s fr\u00e9quentes ou si elles sont associ\u00e9es \u00e0 d&rsquo;autres sympt\u00f4mes (inconfort, pleurs), une consultation m\u00e9dicale peut \u00eatre utile pour v\u00e9rifier s\u2019il s\u2019agit d\u2019<a href=\"https:\/\/heloa.app\/blog\/0-12-mois\/nutrition\/bebe-allaitement-rgo\" data-type=\"post\" data-id=\"6300\">un <strong>reflux gastro-\u0153sophagien<\/strong> (RGO)<\/a>.<\/p>\n\n\n\n<h3 class=\"wp-block-heading\"><strong>Allaitement avec des mamelons plats ou ombiliqu\u00e9s<\/strong><\/h3>\n\n\n\n<p>Si vos <strong>mamelons<\/strong> sont <strong>plats<\/strong> ou <strong>ombiliqu\u00e9s<\/strong>, cela peut vous inqui\u00e9ter pour l\u2019allaitement \u2014 mais rassurez-vous, il existe des solutions. Des outils comme les <strong>coquilles d\u2019allaitement<\/strong> peuvent aider \u00e0 faire ressortir les mamelons, tandis que les <strong>t\u00e9terelles<\/strong> (ou bouts de sein en silicone) peuvent faciliter la prise du sein par votre b\u00e9b\u00e9. Certaines techniques manuelles, comme la <strong>m\u00e9thode de Hoffmann<\/strong>, ou des positions d\u2019allaitement sp\u00e9cifiques peuvent \u00e9galement aider.<\/p>\n\n\n\n<p>En cas de difficult\u00e9s, consulter une <strong>consultante en lactation<\/strong> peut vous apporter un soutien pr\u00e9cieux pour allaiter sereinement.<\/p>\n\n\n\n<h2 class=\"wp-block-heading\"><strong>Sant\u00e9 du nouveau-n\u00e9 <\/strong><\/h2>\n\n\n\n<h3 class=\"wp-block-heading\">Visites m\u00e9dicales et suivi du nouveau-n\u00e9<\/h3>\n\n\n\n<p>La <strong>premi\u00e8re visite m\u00e9dicale<\/strong> obligatoire intervient autour du <strong>8e jour<\/strong> de vie. Cette consultation permet de v\u00e9rifier que tout se passe bien et que b\u00e9b\u00e9 suit une <strong>croissance normale<\/strong>. Le p\u00e9diatre \u00e9value son poids, sa taille et son <strong>p\u00e9rim\u00e8tre cr\u00e2nien<\/strong>, tout en examinant ses <strong>r\u00e9flexes<\/strong> et sa <strong><a href=\"https:\/\/heloa.app\/fr\/blog\/1-3-ans\/developpement\/etapes-developpement-motricite\">motricit\u00e9<\/a><\/strong>.<\/p>\n\n\n\n<p>Des <a href=\"https:\/\/heloa.app\/blog\/0-12-mois\/sante\/les-consultations-obligatoires-de-bebe\" data-type=\"post\" data-id=\"5414\">visites mensuelles sont ensuite pr\u00e9vues<\/a> pour suivre son d\u00e9veloppement et lui administrer <a href=\"https:\/\/heloa.app\/blog\/1-3-ans\/sante\/le-calendrier-des-vaccinations\" data-type=\"post\" data-id=\"5402\">les <strong>premi\u00e8res vaccinations<\/strong> \u00e0 partir du <strong>2e mois<\/strong><\/a>.<\/p>\n\n\n\n<p>Avec l&rsquo;<u><a href=\"https:\/\/app.adjust.com\/19zj8i9i?adgroup=Article&amp;creative=CTA&amp;engagement_type=fallback_click\" target=\"_blank\" rel=\"noopener\">application Heloa<\/a><\/u>, acc\u00e9dez \u00e0 des questionnaires gratuits chaque mois pour surveiller l&rsquo;\u00e9volution de votre b\u00e9b\u00e9 d\u00e8s sa naissance et identifier rapidement d\u2019\u00e9ventuels signes de <u><a href=\"https:\/\/heloa.app\/blog\/reperage-tsa-tda-dys\">troubles du d\u00e9veloppement<\/a><\/u>.<\/p>\n\n\n\n<h3 class=\"wp-block-heading\">Respiration et sons du nouveau-n\u00e9<\/h3>\n\n\n\n<p>Les <strong>nouveau-n\u00e9s<\/strong> ont une respiration rapide et parfois irr\u00e9guli\u00e8re, ce qui peut surprendre les parents. Il est aussi possible d\u2019entendre de petits bruits nasaux ou une respiration bruyante. Ces sons sont normaux, car les voies respiratoires sont encore immatures.<\/p>\n\n\n\n<p>Toutefois, si vous remarquez que votre b\u00e9b\u00e9 semble \u00e9prouver des difficult\u00e9s \u00e0 respirer ou que son teint devient bleu\u00e2tre, il est important de consulter imm\u00e9diatement un m\u00e9decin.<\/p>\n\n\n\n<h3 class=\"wp-block-heading\">Le cr\u00e2ne du nouveau-n\u00e9<\/h3>\n\n\n\n<p>Le <strong>cr\u00e2ne<\/strong> de votre b\u00e9b\u00e9 peut sembler l\u00e9g\u00e8rement d\u00e9form\u00e9 \u00e0 la naissance, en particulier \u00e0 cause du passage dans le canal vaginal. Les os de son cr\u00e2ne ne sont pas encore totalement soud\u00e9s, ce qui permet une certaine flexibilit\u00e9 pendant l&rsquo;accouchement. Vous remarquerez \u00e9galement les <strong><a href=\"https:\/\/heloa.app\/blog\/0-12-mois\/sante\/fontanelle-bebe-tout-savoir\" data-type=\"post\" data-id=\"7956\">fontanelles<\/a><\/strong>, ces zones molles sur la t\u00eate, qui permettent au cr\u00e2ne de grandir \u00e0 mesure que le cerveau se d\u00e9veloppe. La fermeture de ces fontanelles se fera progressivement au cours des premiers mois, voire des premi\u00e8res ann\u00e9es.<\/p>\n\n\n\n<p>Il est aussi important de <a href=\"https:\/\/heloa.app\/blog\/0-12-mois\/sante\/plagiocephalie-chez-le-bebe-comprendre-le-syndrome-de-la-tete-plate\" data-type=\"post\" data-id=\"6542\">surveiller la <strong>plagioc\u00e9phalie<\/strong><\/a>, une d\u00e9formation asym\u00e9trique du cr\u00e2ne souvent caus\u00e9e par une position prolong\u00e9e de la t\u00eate sur un c\u00f4t\u00e9. Pour pr\u00e9venir ce ph\u00e9nom\u00e8ne, il est recommand\u00e9 de varier les positions de b\u00e9b\u00e9 lorsqu\u2019il est \u00e9veill\u00e9, d\u2019encourager le \u00ab&nbsp;<strong>tummy time&nbsp;\u00bb<\/strong> (temps pass\u00e9 sur le ventre sous surveillance) et d\u2019alterner la direction dans laquelle il dort. Si vous remarquez une asym\u00e9trie marqu\u00e9e, parlez-en \u00e0 votre p\u00e9diatre pour obtenir des conseils adapt\u00e9s.<\/p>\n\n\n\n<h3 class=\"wp-block-heading\"><strong>Taches de naissance chez le nouveau-n\u00e9<\/strong><\/h3>\n\n\n\n<p>Il est tout \u00e0 fait normal de voir appara\u00eetre des <strong><a href=\"https:\/\/heloa.app\/blog\/0-12-mois\/developpement\/angiome-bebe-comprendre-gerer\" data-type=\"post\" data-id=\"7816\">taches de naissance<\/a><\/strong> sur la peau de votre <strong>nouveau-n\u00e9<\/strong>. Ces petites marques peuvent \u00eatre de diff\u00e9rentes formes ou couleurs, comme les <strong>taches caf\u00e9 au lait<\/strong> ou les <strong>taches de vin<\/strong> (aussi appel\u00e9es <strong>angiomes plans<\/strong>). Elles sont g\u00e9n\u00e9ralement inoffensives et ne n\u00e9cessitent pas de traitement particulier. Ces taches sont souvent simplement une caract\u00e9ristique unique de votre tout-petit.<\/p>\n\n\n\n<p>Toutefois, si vous avez des questions ou si l&rsquo;une de ces taches vous semble inhabituelle ou \u00e9volue avec le temps, n\u2019h\u00e9sitez pas \u00e0 en parler \u00e0 votre p\u00e9diatre.<\/p>\n\n\n\n<h3 class=\"wp-block-heading\"><strong>\u00c9ryth\u00e8me toxique, acn\u00e9 du nourrisson et autres ph\u00e9nom\u00e8nes cutan\u00e9s<\/strong><\/h3>\n\n\n\n<p>Il est courant de voir appara\u00eetre un <strong>\u00e9ryth\u00e8me toxique<\/strong> dans les premiers jours de vie. Il s\u2019agit d\u2019une petite \u00e9ruption cutan\u00e9e, avec des taches rouges et parfois des bosses blanches ou jaunes. Bien que cela puisse inqui\u00e9ter, cette \u00e9ruption est totalement b\u00e9nigne et dispara\u00eet spontan\u00e9ment en quelques jours sans n\u00e9cessiter de traitement.<\/p>\n\n\n\n<p>L&rsquo;<strong>acn\u00e9 du nourrisson<\/strong> est une autre affection courante, apparaissant souvent sur le visage sous forme de petites bosses rouges ou blanches. Elle est g\u00e9n\u00e9ralement b\u00e9nigne et dispara\u00eet sans traitement particulier en quelques semaines.<\/p>\n\n\n<style>.kb-image8092_0334bb-7c.kb-image-is-ratio-size, .kb-image8092_0334bb-7c .kb-image-is-ratio-size{max-width:462px;width:100%;}.wp-block-kadence-column > .kt-inside-inner-col > .kb-image8092_0334bb-7c.kb-image-is-ratio-size, .wp-block-kadence-column > .kt-inside-inner-col > .kb-image8092_0334bb-7c .kb-image-is-ratio-size{align-self:unset;}.kb-image8092_0334bb-7c{max-width:462px;}.image-is-svg.kb-image8092_0334bb-7c{-webkit-flex:0 1 100%;flex:0 1 100%;}.image-is-svg.kb-image8092_0334bb-7c img{width:100%;}.kb-image8092_0334bb-7c .kb-image-has-overlay:after{opacity:0.3;}<\/style>\n<figure class=\"wp-block-kadence-image kb-image8092_0334bb-7c size-large\"><img loading=\"lazy\" decoding=\"async\" width=\"1024\" height=\"1024\" src=\"https:\/\/heloa.app\/wp-content\/uploads\/2024\/10\/1-1024x1024.png\" alt=\"Boutons rouge sur le visage d'un nouveau-n\u00e9, illustr\u00e9 par l'application Heloa\" class=\"kb-img wp-image-8133\" srcset=\"https:\/\/heloa.app\/wp-content\/uploads\/2024\/10\/1-1024x1024.png 1024w, https:\/\/heloa.app\/wp-content\/uploads\/2024\/10\/1-300x300.png 300w, https:\/\/heloa.app\/wp-content\/uploads\/2024\/10\/1-150x150.png 150w, https:\/\/heloa.app\/wp-content\/uploads\/2024\/10\/1-768x768.png 768w, https:\/\/heloa.app\/wp-content\/uploads\/2024\/10\/1.png 1080w\" sizes=\"auto, (max-width: 1024px) 100vw, 1024px\" \/><\/figure>\n\n\n\n<p>Pour prendre soin de la peau de b\u00e9b\u00e9, nettoyez-la r\u00e9guli\u00e8rement avec un <strong>savon doux<\/strong>. En cas de s\u00e9cheresse, des \u00e9mollients comme <strong>X\u00e9mose<\/strong>, <strong>Xeracalm<\/strong> ou <strong>Lipikar<\/strong> peuvent apaiser la peau. Pour les irritations plus prononc\u00e9es, une cr\u00e8me comme <strong>Cicalfate d&rsquo;Av\u00e8ne<\/strong> est id\u00e9ale pour prot\u00e9ger et favoriser la cicatrisation.<\/p>\n\n\n\n<p><\/p>\n\n\n\n<h3 class=\"wp-block-heading\"><strong>Jaunisse (ict\u00e8re) chez le nouveau-n\u00e9<\/strong><\/h3>\n\n\n\n<p>La <strong>jaunisse<\/strong>, ou <strong>ict\u00e8re<\/strong>, est \u00e9galement un ph\u00e9nom\u00e8ne fr\u00e9quent chez les nouveau-n\u00e9s. Elle se manifeste par une coloration jaun\u00e2tre de la peau et des yeux, g\u00e9n\u00e9ralement entre le 2e et le 4e jour apr\u00e8s la naissance.<\/p>\n\n\n\n<p>Ce ph\u00e9nom\u00e8ne est d\u00fb \u00e0 un exc\u00e8s de <strong>bilirubine<\/strong>, une substance produite lors de la d\u00e9gradation des globules rouges. Dans la plupart des cas, l&rsquo;ict\u00e8re dispara\u00eet naturellement en quelques jours. Mais si la coloration s\u2019accentue ou persiste, une <strong>consultation m\u00e9dicale<\/strong> est n\u00e9cessaire pour \u00e9valuer si une prise en charge comme la <strong>phototh\u00e9rapie<\/strong> est requise.<\/p>\n\n\n\n<h2 class=\"wp-block-heading\"><strong>Soins essentiels pour un nouveau-n\u00e9<\/strong><\/h2>\n\n\n\n<h3 class=\"wp-block-heading\"><strong>Soins du cordon ombilical<\/strong><\/h3>\n\n\n\n<p>Le <strong><a href=\"https:\/\/heloa.app\/blog\/0-12-mois\/sante\/quels-sont-les-soins-a-apporter-au-cordon-ombilical\" data-type=\"post\" data-id=\"6521\">cordon ombilical<\/a><\/strong> tombe naturellement dans les <strong>2 semaines<\/strong> qui suivent la naissance. Pour \u00e9viter toute infection, gardez la zone propre et s\u00e8che. Vous pouvez nettoyer autour du cordon avec de l&rsquo;eau ti\u00e8de et une compresse st\u00e9rile. Si vous observez des signes de rougeur ou une mauvaise odeur, consultez rapidement un professionnel de sant\u00e9.<\/p>\n\n\n\n<h3 class=\"wp-block-heading\"><strong>Hygi\u00e8ne corporelle et bain<\/strong><\/h3>\n\n\n\n<p>Les <u><a href=\"https:\/\/heloa.app\/blog\/0-12-mois\/sante\/bain-nouveau-ne\">bains peuvent \u00eatre donn\u00e9s <strong>2 \u00e0 3 fois par semaine<\/strong><\/a><\/u>. Utilisez un savon doux sp\u00e9cialement formul\u00e9 pour les b\u00e9b\u00e9s afin de ne pas agresser sa peau sensible. \u00c9vitez de baigner b\u00e9b\u00e9 directement apr\u00e8s un repas et assurez-vous que l\u2019eau soit \u00e0 environ <strong>37\u00b0C<\/strong> pour un confort optimal.<\/p>\n\n\n\n<h3 class=\"wp-block-heading\"><strong>Changement des couches<\/strong><\/h3>\n\n\n\n<p>La peau de votre b\u00e9b\u00e9 est tr\u00e8s d\u00e9licate, c&rsquo;est pourquoi il est essentiel de changer r\u00e9guli\u00e8rement ses couches pour \u00e9viter les <strong>\u00e9ryth\u00e8mes fessiers<\/strong>. Il est recommand\u00e9 de changer la couche environ <strong>8 \u00e0 10 fois par jour<\/strong>. Une couche absorbante et bien ajust\u00e9e aide \u00e0 maintenir votre b\u00e9b\u00e9 au sec et \u00e0 pr\u00e9venir les irritations cutan\u00e9es.<\/p>\n\n\n\n<h3 class=\"wp-block-heading\"><strong>Soins de la peau du nouveau-n\u00e9<\/strong><\/h3>\n\n\n\n<p>Dans les premiers jours suivant la naissance, la peau de votre <strong>nouveau-n\u00e9<\/strong> subit plusieurs changements. Il se peut que vous remarquiez la pr\u00e9sence d&rsquo;une substance blanche et cr\u00e9meuse, appel\u00e9e <strong>vernix caseosa<\/strong>, sur la peau de votre b\u00e9b\u00e9. Cette couche protectrice aide \u00e0 pr\u00e9venir les infections et \u00e0 maintenir l&rsquo;hydratation de la peau. Il est recommand\u00e9 de laisser le vernix sur la peau aussi longtemps que possible apr\u00e8s la naissance, car il agit comme une barri\u00e8re naturelle.<\/p>\n\n\n\n<p>En parall\u00e8le, la peau de votre b\u00e9b\u00e9 peut commencer \u00e0 <strong>peler<\/strong>, notamment sur les mains, les pieds et les chevilles. Ce ph\u00e9nom\u00e8ne est tout \u00e0 fait normal et dispara\u00eet g\u00e9n\u00e9ralement sans soins particuliers. Si la peau devient s\u00e8che, une lotion douce sp\u00e9cialement formul\u00e9e pour les b\u00e9b\u00e9s peut \u00eatre utilis\u00e9e.<\/p>\n\n\n\n<h2 class=\"wp-block-heading\">La sortie de l&rsquo;h\u00f4pital : s&rsquo;adapter en douceur<\/h2>\n\n\n\n<p><a href=\"https:\/\/heloa.app\/blog\/parents\/vie-quotidienne\/retour-maternite-sorganiser-se-faire-aider\" data-type=\"post\" data-id=\"5412\">La <strong>sortie de l&rsquo;h\u00f4pital<\/strong><\/a> marque le d\u00e9but de votre nouvelle vie \u00e0 la maison avec b\u00e9b\u00e9. G\u00e9n\u00e9ralement, cela se fait dans les 3 jours apr\u00e8s la naissance, selon l&rsquo;\u00e9tat de sant\u00e9 de la m\u00e8re et du nouveau-n\u00e9. Avant de partir, l&rsquo;\u00e9quipe m\u00e9dicale vous expliquera quand consulter un p\u00e9diatre, notamment en cas de <a href=\"https:\/\/heloa.app\/fr\/blog\/1-3-ans\/sante\/la-fievre-chez-lenfant\">fi\u00e8vre<\/a>, de difficult\u00e9s respiratoires ou de vomissements inhabituels. Un <strong>suivi m\u00e9dical<\/strong> est pr\u00e9vu dans les jours qui suivent pour s&rsquo;assurer que tout va bien.<\/p>\n\n\n\n<p>Une fois \u00e0 la maison, l&rsquo;arriv\u00e9e de b\u00e9b\u00e9 chamboule l&rsquo;\u00e9quilibre familial. Si vous avez d\u00e9j\u00e0 des enfants, leur implication dans les soins du nouveau-n\u00e9 peut les aider \u00e0 mieux s\u2019adapter. Pensez \u00e9galement \u00e0 pr\u00e9parer vos <strong>animaux domestiques<\/strong> \u00e0 cette nouvelle pr\u00e9sence. Quelques ajustements peuvent \u00eatre n\u00e9cessaires pour garantir que tout se passe en douceur.<\/p>\n\n\n<style>.kb-image8092_b366c9-5f .kb-image-has-overlay:after{opacity:0.3;}<\/style>\n<figure class=\"wp-block-kadence-image kb-image8092_b366c9-5f size-full\"><img loading=\"lazy\" decoding=\"async\" width=\"1080\" height=\"1920\" src=\"https:\/\/heloa.app\/wp-content\/uploads\/2024\/10\/bebe-nouveau-ne-developpement-motricite-langage.jpg\" alt=\"nouveau-ne-developpement-motricite-langage\" class=\"kb-img wp-image-8248\" srcset=\"https:\/\/heloa.app\/wp-content\/uploads\/2024\/10\/bebe-nouveau-ne-developpement-motricite-langage.jpg 1080w, https:\/\/heloa.app\/wp-content\/uploads\/2024\/10\/bebe-nouveau-ne-developpement-motricite-langage-169x300.jpg 169w, https:\/\/heloa.app\/wp-content\/uploads\/2024\/10\/bebe-nouveau-ne-developpement-motricite-langage-576x1024.jpg 576w, https:\/\/heloa.app\/wp-content\/uploads\/2024\/10\/bebe-nouveau-ne-developpement-motricite-langage-768x1365.jpg 768w, https:\/\/heloa.app\/wp-content\/uploads\/2024\/10\/bebe-nouveau-ne-developpement-motricite-langage-864x1536.jpg 864w\" sizes=\"auto, (max-width: 1080px) 100vw, 1080px\" \/><\/figure>\n\n\n\n<h2 class=\"wp-block-heading\"><strong>Les questions des parents<\/strong><\/h2>\n\n\n<div id=\"rank-math-faq\" class=\"rank-math-block\">\n<div class=\"rank-math-list \">\n<div id=\"faq-question-1732156009724\" class=\"rank-math-list-item\">\n<h3 class=\"rank-math-question \">Quelle est la diff\u00e9rence entre un nouveau-n\u00e9 et un nourrisson ?<\/h3>\n<div class=\"rank-math-answer \">\n\n<p>Un <strong>nouveau-n\u00e9<\/strong> d\u00e9signe un b\u00e9b\u00e9 de la naissance jusqu\u2019\u00e0 <strong>4 semaines<\/strong>. Pass\u00e9 ce stade, on parle de <strong>nourrisson<\/strong> pour les enfants de <strong>1 mois \u00e0 2 ans<\/strong>. Le nouveau-n\u00e9 vit ses premi\u00e8res adaptations, tandis que le nourrisson continue \u00e0 grandir et \u00e0 se d\u00e9velopper.<\/p>\n\n<\/div>\n<\/div>\n<div id=\"faq-question-1732156016727\" class=\"rank-math-list-item\">\n<h3 class=\"rank-math-question \"><strong>Est-ce normal que mon b\u00e9b\u00e9 pleure beaucoup ?<\/strong><\/h3>\n<div class=\"rank-math-answer \">\n\n<p><a href=\"https:\/\/heloa.app\/blog\/0-12-mois\/developpement\/comprendre-les-pleurs-du-bebe\" data-type=\"post\" data-id=\"6492\">Les pleurs sont le principal moyen d\u2019expression<\/a> de votre nouveau-n\u00e9 et atteignent souvent leur pic vers la sixi\u00e8me semaine. Avec le temps, vous apprendrez \u00e0 reconna\u00eetre s&rsquo;il <strong>pleure par faim, fatigue ou besoin de r\u00e9confort<\/strong>. Il est important de <strong>r\u00e9pondre \u00e0 ses pleurs<\/strong> de mani\u00e8re apaisante pour <strong>renforcer son sentiment de s\u00e9curit\u00e9<\/strong>. Consoler votre b\u00e9b\u00e9 ne le g\u00e2tera pas, mais lui apprendra au contraire que ses besoins sont pris en compte. Si vous avez besoin d\u2019un moment, vous pouvez toujours le d\u00e9poser dans un endroit s\u00fbr avant de revenir le calmer.<\/p>\n\n<\/div>\n<\/div>\n<div id=\"faq-question-1732156029203\" class=\"rank-math-list-item\">\n<h3 class=\"rank-math-question \"><strong>Mon b\u00e9b\u00e9 est moche, que faire ?<\/strong><\/h3>\n<div class=\"rank-math-answer \">\n\n<p>Les traits de votre <strong>nouveau-n\u00e9<\/strong> peuvent sembler gonfl\u00e9s ou marqu\u00e9s apr\u00e8s la naissance, surtout apr\u00e8s un accouchement par voie basse. Pas d\u2019inqui\u00e9tude, <a href=\"https:\/\/heloa.app\/blog\/0-12-mois\/developpement\/bebe-moche-que-faire\" data-type=\"post\" data-id=\"7804\">votre b\u00e9b\u00e9 n&rsquo;est pas \u00ab\u00a0moche\u00a0\u00bb<\/a> et ces petits d\u00e9tails s\u2019estompent rapidement au fil des semaines. Les b\u00e9b\u00e9s changent beaucoup au cours de leurs premiers mois. Votre b\u00e9b\u00e9 grandira vite et ses traits deviendront plus doux avec le temps.<\/p>\n\n<\/div>\n<\/div>\n<div id=\"faq-question-1732156046163\" class=\"rank-math-list-item\">\n<h3 class=\"rank-math-question \"><strong>Pourquoi mon nouveau-n\u00e9 \u00e9ternue beaucoup ?<\/strong><\/h3>\n<div class=\"rank-math-answer \">\n\n<p>L&rsquo;\u00e9ternuement chez les <strong>nouveau-n\u00e9s<\/strong> est tr\u00e8s fr\u00e9quent et g\u00e9n\u00e9ralement sans danger. C\u2019est simplement leur fa\u00e7on d\u2019\u00e9liminer les petites particules ou de s\u2019adapter \u00e0 leur environnement. Tant qu\u2019il n\u2019y a pas de fi\u00e8vre ou de difficult\u00e9s respiratoires, tout va bien. Si vous avez un doute, consultez votre p\u00e9diatre.<\/p>\n\n<\/div>\n<\/div>\n<div id=\"faq-question-1732156056891\" class=\"rank-math-list-item\">\n<h3 class=\"rank-math-question \"><strong>Pourquoi je pleure sans raison apr\u00e8s la naissance de mon b\u00e9b\u00e9 ?<\/strong><\/h3>\n<div class=\"rank-math-answer \">\n\n<p>Il est courant de ressentir des \u00e9motions intenses et de pleurer sans raison apr\u00e8s la naissance de son b\u00e9b\u00e9. Cela peut \u00eatre d\u00fb au <strong><a href=\"https:\/\/heloa.app\/blog\/parents\/sante\/le-baby-blues\">baby blues<\/a><\/strong>, une r\u00e9action normale caus\u00e9e par les changements hormonaux, la fatigue et l&rsquo;adaptation \u00e0 votre nouvelle vie de parent. Ce sentiment dispara\u00eet g\u00e9n\u00e9ralement en quelques jours. Si ces pleurs persistent ou s&rsquo;intensifient, cela pourrait \u00eatre <a href=\"https:\/\/heloa.app\/blog\/parents\/sante\/comprendre-la-depression-du-post-partum\">le signe d&rsquo;une <strong>d\u00e9pression post-partum (DPP)<\/strong><\/a>, une condition plus s\u00e9rieuse qui n\u00e9cessite un accompagnement m\u00e9dical. Parlez-en \u00e0 un professionnel de sant\u00e9 pour obtenir du soutien.<\/p>\n\n<\/div>\n<\/div>\n<div id=\"faq-question-1732156084486\" class=\"rank-math-list-item\">\n<h3 class=\"rank-math-question \"><strong>Quand dois-je consulter un m\u00e9decin ?<\/strong><\/h3>\n<div class=\"rank-math-answer \">\n\n<p>Si <a href=\"https:\/\/heloa.app\/blog\/1-3-ans\/sante\/la-fievre-chez-lenfant\" data-type=\"post\" data-id=\"5742\">votre b\u00e9b\u00e9 a de la <strong>fi\u00e8vre<\/strong><\/a>, ne prend pas de poids, refuse de manger ou vomit r\u00e9guli\u00e8rement, consultez votre p\u00e9diatre pour vous assurer que tout est en ordre.<\/p>\n\n<\/div>\n<\/div>\n<div id=\"faq-question-1732156097600\" class=\"rank-math-list-item\">\n<h3 class=\"rank-math-question \">Mon b\u00e9b\u00e9 est n\u00e9 pr\u00e9matur\u00e9ment, que faire ?<\/h3>\n<div class=\"rank-math-answer \">\n\n<p>Les <a href=\"https:\/\/heloa.app\/blog\/0-12-mois\/developpement\/bebe-prema\" data-type=\"post\" data-id=\"6295\">b\u00e9b\u00e9s n\u00e9s pr\u00e9matur\u00e9ment<\/a>, avant 37 semaines de grossesse, ont souvent un rythme de d\u00e9veloppement diff\u00e9rent. Pour mieux comprendre leur progression, les m\u00e9decins distinguent l\u2019\u00e2ge chronologique, bas\u00e9 sur leur naissance, et l\u2019\u00e2ge corrig\u00e9, calcul\u00e9 \u00e0 partir de la date d\u2019accouchement pr\u00e9vue. Ce dernier est le rep\u00e8re cl\u00e9 pour \u00e9valuer leur d\u00e9veloppement avec pr\u00e9cision.<\/p>\n\n<\/div>\n<\/div>\n<\/div>\n<\/div>\n\n\n<p><strong><span style=\"text-decoration: underline;\">Pour aller plus loin :<\/span><\/strong><\/p>\n\n\n\n<div class=\"wp-block-group is-vertical is-layout-flex wp-container-core-group-is-layout-8cf370e7 wp-block-group-is-layout-flex\">\n<div class=\"wp-block-group\"><div class=\"wp-block-group__inner-container is-layout-constrained wp-block-group-is-layout-constrained\"><style>.wp-block-kadence-advancedheading.kt-adv-heading8092_3169fe-ba, .wp-block-kadence-advancedheading.kt-adv-heading8092_3169fe-ba[data-kb-block=\"kb-adv-heading8092_3169fe-ba\"]{font-style:normal;}.wp-block-kadence-advancedheading.kt-adv-heading8092_3169fe-ba mark.kt-highlight, .wp-block-kadence-advancedheading.kt-adv-heading8092_3169fe-ba[data-kb-block=\"kb-adv-heading8092_3169fe-ba\"] mark.kt-highlight{font-style:normal;color:#f76a0c;-webkit-box-decoration-break:clone;box-decoration-break:clone;padding-top:0px;padding-right:0px;padding-bottom:0px;padding-left:0px;}.wp-block-kadence-advancedheading.kt-adv-heading8092_3169fe-ba img.kb-inline-image, .wp-block-kadence-advancedheading.kt-adv-heading8092_3169fe-ba[data-kb-block=\"kb-adv-heading8092_3169fe-ba\"] img.kb-inline-image{width:150px;vertical-align:baseline;}<\/style>\n<p class=\"kt-adv-heading8092_3169fe-ba wp-block-kadence-advancedheading\" data-kb-block=\"kb-adv-heading8092_3169fe-ba\">&#8211; <a href=\"https:\/\/pediadoc.fr\/age-resume\/1\/8-jours\" target=\"_blank\" rel=\"noopener\">Visite m\u00e9dicale des 8 jours &#8211; Pediadoc<\/a><\/p>\n\n\n<style>.wp-block-kadence-advancedheading.kt-adv-heading8092_636723-21, .wp-block-kadence-advancedheading.kt-adv-heading8092_636723-21[data-kb-block=\"kb-adv-heading8092_636723-21\"]{font-style:normal;}.wp-block-kadence-advancedheading.kt-adv-heading8092_636723-21 mark.kt-highlight, .wp-block-kadence-advancedheading.kt-adv-heading8092_636723-21[data-kb-block=\"kb-adv-heading8092_636723-21\"] mark.kt-highlight{font-style:normal;color:#f76a0c;-webkit-box-decoration-break:clone;box-decoration-break:clone;padding-top:0px;padding-right:0px;padding-bottom:0px;padding-left:0px;}.wp-block-kadence-advancedheading.kt-adv-heading8092_636723-21 img.kb-inline-image, .wp-block-kadence-advancedheading.kt-adv-heading8092_636723-21[data-kb-block=\"kb-adv-heading8092_636723-21\"] img.kb-inline-image{width:150px;vertical-align:baseline;}<\/style>\n<p class=\"kt-adv-heading8092_636723-21 wp-block-kadence-advancedheading\" data-kb-block=\"kb-adv-heading8092_636723-21\">&#8211; <a href=\"https:\/\/www.inspq.qc.ca\/mieux-vivre\/bebe\/caracteristiques-du-nouveau-ne\" target=\"_blank\" rel=\"noopener\">Les caract\u00e9ristiques du nouveau-n\u00e9 &#8211; Institut national de sant\u00e9 publique du Qu\u00e9bec<\/a><\/p>\n\n\n<style>.wp-block-kadence-advancedheading.kt-adv-heading8092_8cc9d4-ec, .wp-block-kadence-advancedheading.kt-adv-heading8092_8cc9d4-ec[data-kb-block=\"kb-adv-heading8092_8cc9d4-ec\"]{font-style:normal;}.wp-block-kadence-advancedheading.kt-adv-heading8092_8cc9d4-ec mark.kt-highlight, .wp-block-kadence-advancedheading.kt-adv-heading8092_8cc9d4-ec[data-kb-block=\"kb-adv-heading8092_8cc9d4-ec\"] mark.kt-highlight{font-style:normal;color:#f76a0c;-webkit-box-decoration-break:clone;box-decoration-break:clone;padding-top:0px;padding-right:0px;padding-bottom:0px;padding-left:0px;}.wp-block-kadence-advancedheading.kt-adv-heading8092_8cc9d4-ec img.kb-inline-image, .wp-block-kadence-advancedheading.kt-adv-heading8092_8cc9d4-ec[data-kb-block=\"kb-adv-heading8092_8cc9d4-ec\"] img.kb-inline-image{width:150px;vertical-align:baseline;}<\/style>\n<p class=\"kt-adv-heading8092_8cc9d4-ec wp-block-kadence-advancedheading\" data-kb-block=\"kb-adv-heading8092_8cc9d4-ec\">&#8211; <a href=\"https:\/\/pmc.ncbi.nlm.nih.gov\/articles\/PMC2528697\/\" target=\"_blank\" rel=\"noopener\">Les soins de la peau de b\u00e9b\u00e9 &#8211; PubMed Central<\/a><\/p>\n\n\n<style>.wp-block-kadence-advancedheading.kt-adv-heading8092_81fa57-2c, .wp-block-kadence-advancedheading.kt-adv-heading8092_81fa57-2c[data-kb-block=\"kb-adv-heading8092_81fa57-2c\"]{font-style:normal;}.wp-block-kadence-advancedheading.kt-adv-heading8092_81fa57-2c mark.kt-highlight, .wp-block-kadence-advancedheading.kt-adv-heading8092_81fa57-2c[data-kb-block=\"kb-adv-heading8092_81fa57-2c\"] mark.kt-highlight{font-style:normal;color:#f76a0c;-webkit-box-decoration-break:clone;box-decoration-break:clone;padding-top:0px;padding-right:0px;padding-bottom:0px;padding-left:0px;}.wp-block-kadence-advancedheading.kt-adv-heading8092_81fa57-2c img.kb-inline-image, .wp-block-kadence-advancedheading.kt-adv-heading8092_81fa57-2c[data-kb-block=\"kb-adv-heading8092_81fa57-2c\"] img.kb-inline-image{width:150px;vertical-align:baseline;}<\/style>\n<p class=\"kt-adv-heading8092_81fa57-2c wp-block-kadence-advancedheading\" data-kb-block=\"kb-adv-heading8092_81fa57-2c\">&#8211; <a href=\"https:\/\/drees.solidarites-sante.gouv.fr\/publications\/etudes-et-resultats\/poids-la-naissance-et-origine-sociale-qui-sont-les-enfants-les\" target=\"_blank\" rel=\"noopener\">Poids \u00e0 la naissance et origine sociale &#8211; La Direction de la recherche, des \u00e9tudes, de l&rsquo;\u00e9valuation et des statistiques (DREES)<\/a><\/p>\n\n\n<style>.wp-block-kadence-advancedheading.kt-adv-heading8092_f46cbd-9c, .wp-block-kadence-advancedheading.kt-adv-heading8092_f46cbd-9c[data-kb-block=\"kb-adv-heading8092_f46cbd-9c\"]{font-style:normal;}.wp-block-kadence-advancedheading.kt-adv-heading8092_f46cbd-9c mark.kt-highlight, .wp-block-kadence-advancedheading.kt-adv-heading8092_f46cbd-9c[data-kb-block=\"kb-adv-heading8092_f46cbd-9c\"] mark.kt-highlight{font-style:normal;color:#f76a0c;-webkit-box-decoration-break:clone;box-decoration-break:clone;padding-top:0px;padding-right:0px;padding-bottom:0px;padding-left:0px;}.wp-block-kadence-advancedheading.kt-adv-heading8092_f46cbd-9c img.kb-inline-image, .wp-block-kadence-advancedheading.kt-adv-heading8092_f46cbd-9c[data-kb-block=\"kb-adv-heading8092_f46cbd-9c\"] img.kb-inline-image{width:150px;vertical-align:baseline;}<\/style>\n<p class=\"kt-adv-heading8092_f46cbd-9c wp-block-kadence-advancedheading\" data-kb-block=\"kb-adv-heading8092_f46cbd-9c\">&#8211; <a href=\"https:\/\/www.msdmanuals.com\/fr\/accueil\/probl%C3%A8mes-de-sant%C3%A9-infantiles\/soins-des-nouveau-n%C3%A9s-et-des-nourrissons\/premiers-jours-suivant-la-naissance\" target=\"_blank\" rel=\"noopener\">Les soins du nouveau-n\u00e9 &#8211; MSD Manuals<\/a><\/p>\n\n\n<style>.wp-block-kadence-advancedheading.kt-adv-heading8092_a52343-1b, .wp-block-kadence-advancedheading.kt-adv-heading8092_a52343-1b[data-kb-block=\"kb-adv-heading8092_a52343-1b\"]{font-style:normal;}.wp-block-kadence-advancedheading.kt-adv-heading8092_a52343-1b mark.kt-highlight, .wp-block-kadence-advancedheading.kt-adv-heading8092_a52343-1b[data-kb-block=\"kb-adv-heading8092_a52343-1b\"] mark.kt-highlight{font-style:normal;color:#f76a0c;-webkit-box-decoration-break:clone;box-decoration-break:clone;padding-top:0px;padding-right:0px;padding-bottom:0px;padding-left:0px;}.wp-block-kadence-advancedheading.kt-adv-heading8092_a52343-1b img.kb-inline-image, .wp-block-kadence-advancedheading.kt-adv-heading8092_a52343-1b[data-kb-block=\"kb-adv-heading8092_a52343-1b\"] img.kb-inline-image{width:150px;vertical-align:baseline;}<\/style>\n<p class=\"kt-adv-heading8092_a52343-1b wp-block-kadence-advancedheading\" data-kb-block=\"kb-adv-heading8092_a52343-1b\"><\/p>\n<\/div><\/div>\n<\/div>\n","protected":false},"excerpt":{"rendered":"<p>Tout savoir sur le d\u00e9veloppement, la sant\u00e9, le sommeil et l\u2019alimentation d\u2019un nouveau-n\u00e9.<\/p>\n","protected":false},"author":4,"featured_media":8095,"comment_status":"open","ping_status":"open","sticky":false,"template":"","format":"standard","meta":{"_acf_changed":false,"_kad_blocks_custom_css":"","_kad_blocks_head_custom_js":"","_kad_blocks_body_custom_js":"","_kad_blocks_footer_custom_js":"","_kad_post_transparent":"","_kad_post_title":"","_kad_post_layout":"","_kad_post_sidebar_id":"","_kad_post_content_style":"","_kad_post_vertical_padding":"","_kad_post_feature":"","_kad_post_feature_position":"","_kad_post_header":false,"_kad_post_footer":false,"_kad_post_classname":"","rank_math_title":"Nouveau-n\u00e9 : accompagner les premiers instants de b\u00e9b\u00e9","rank_math_description":"D\u00e9couvrez comment accompagner votre nouveau-n\u00e9 en douceur, r\u00e9pondre \u00e0 vos doutes et soutenir son d\u00e9veloppement avec s\u00e9r\u00e9nit\u00e9.","rank_math_focus_keyword":"nouveau-n\u00e9","rank_math_primary_category":647,"ilj_linkdefinition":["nouveau-n\u00e9","nouveau n\u00e9","nourrisson"],"footnotes":""},"categories":[647,646],"tags":[783],"class_list":["post-8092","post","type-post","status-publish","format-standard","has-post-thumbnail","hentry","category-developpement","category-0-12-mois","tag-bebe_x_mois"],"acf":{"prestation_table":"","technical_table":"","nom_professionnel":"","numero_telephone":"","convention_cas":"","contrat_acces_aux_soins":"","sesam_vitale":"","coordonnees":"","adresse":"","profession":"","numero_rpps":"","profession_description":"","commune":"","departement":"","prenom":"","origine":"","date_fete":"","signification_etymologie":"","histoire_origine_prenom":"","personne_celebre":"","age_moyen":"","prenoms_derives":"","prenoms_composes":"","naissances_2024":"","genre":"","prenoms_taxonomy":"","region_stats":"","evolution_naissances":""},"taxonomy_info":{"category":[{"value":647,"label":"D\u00e9veloppement"},{"value":646,"label":"0-12 mois"}],"post_tag":[{"value":783,"label":"bebe_x_mois"}]},"featured_image_src_large":["https:\/\/heloa.app\/wp-content\/uploads\/2024\/10\/bebe_nouveau_ne-thumbnail-enfant-1024x683.png",1024,683,true],"author_info":{"display_name":"Heloa","author_link":"https:\/\/heloa.app\/fr\/author\/expert-heloa"},"comment_info":0,"category_info":[{"term_id":647,"name":"D\u00e9veloppement","slug":"developpement","term_group":0,"term_taxonomy_id":647,"taxonomy":"category","description":"","parent":646,"count":75,"filter":"raw","cat_ID":647,"category_count":75,"category_description":"","cat_name":"D\u00e9veloppement","category_nicename":"developpement","category_parent":646},{"term_id":646,"name":"0-12 mois","slug":"0-12-mois","term_group":0,"term_taxonomy_id":646,"taxonomy":"category","description":"Comprenez le d\u00e9veloppement de votre b\u00e9b\u00e9 qui \u00e9volue de 0 \u00e0 12 mois. Sourire, vous faire coucou, apprendre \u00e0 parler, \u00e0 marcher, manger seul, l'accompagner dans la gestion de ses \u00e9motions, on vous explique tout.","parent":0,"count":305,"filter":"raw","cat_ID":646,"category_count":305,"category_description":"Comprenez le d\u00e9veloppement de votre b\u00e9b\u00e9 qui \u00e9volue de 0 \u00e0 12 mois. Sourire, vous faire coucou, apprendre \u00e0 parler, \u00e0 marcher, manger seul, l'accompagner dans la gestion de ses \u00e9motions, on vous explique tout.","cat_name":"0-12 mois","category_nicename":"0-12-mois","category_parent":0}],"tag_info":[{"term_id":783,"name":"bebe_x_mois","slug":"bebe_x_mois","term_group":0,"term_taxonomy_id":783,"taxonomy":"post_tag","description":"","parent":0,"count":10,"filter":"raw"}],"_links":{"self":[{"href":"https:\/\/heloa.app\/fr\/wp-json\/wp\/v2\/posts\/8092","targetHints":{"allow":["GET"]}}],"collection":[{"href":"https:\/\/heloa.app\/fr\/wp-json\/wp\/v2\/posts"}],"about":[{"href":"https:\/\/heloa.app\/fr\/wp-json\/wp\/v2\/types\/post"}],"author":[{"embeddable":true,"href":"https:\/\/heloa.app\/fr\/wp-json\/wp\/v2\/users\/4"}],"replies":[{"embeddable":true,"href":"https:\/\/heloa.app\/fr\/wp-json\/wp\/v2\/comments?post=8092"}],"version-history":[{"count":14,"href":"https:\/\/heloa.app\/fr\/wp-json\/wp\/v2\/posts\/8092\/revisions"}],"predecessor-version":[{"id":9268,"href":"https:\/\/heloa.app\/fr\/wp-json\/wp\/v2\/posts\/8092\/revisions\/9268"}],"wp:featuredmedia":[{"embeddable":true,"href":"https:\/\/heloa.app\/fr\/wp-json\/wp\/v2\/media\/8095"}],"wp:attachment":[{"href":"https:\/\/heloa.app\/fr\/wp-json\/wp\/v2\/media?parent=8092"}],"wp:term":[{"taxonomy":"category","embeddable":true,"href":"https:\/\/heloa.app\/fr\/wp-json\/wp\/v2\/categories?post=8092"},{"taxonomy":"post_tag","embeddable":true,"href":"https:\/\/heloa.app\/fr\/wp-json\/wp\/v2\/tags?post=8092"}],"curies":[{"name":"wp","href":"https:\/\/api.w.org\/{rel}","templated":true}]}}