{"id":6519,"date":"2023-09-14T14:58:26","date_gmt":"2023-09-14T14:58:26","guid":{"rendered":"https:\/\/heloa.app\/blog\/non-classe\/le-suivi-medical-de-la-grossesse"},"modified":"2025-04-10T10:27:04","modified_gmt":"2025-04-10T08:27:04","slug":"le-suivi-medical-de-la-grossesse","status":"publish","type":"post","link":"https:\/\/heloa.app\/fr\/blog\/grossesse\/sante\/le-suivi-medical-de-la-grossesse","title":{"rendered":"Le suivi m\u00e9dical de la grossesse"},"content":{"rendered":"<p>En France, le suivi m\u00e9dical d&rsquo;une <a href=\"https:\/\/heloa.app\/fr\/blog\/grossesse\/vie-quotidienne\/femme-enceinte-vivre-sereinement-grossesse\">femme enceinte<\/a> est bien encadr\u00e9 pour <strong>assurer la s\u00e9curit\u00e9 et le bien-\u00eatre de la m\u00e8re et de l&rsquo;enfant<\/strong>. Voici le calendrier standard de consultations pr\u00e9natales et d&rsquo;\u00e9chographies. <\/p><h2 id=\"les-consultations-pr%C3%A9natales\">Les consultations pr\u00e9natales<\/h2><h3 id=\"1er-mois-de-grossesse\">1er mois de grossesse<\/h3><p>Cette premi\u00e8re consultation a pour objectif de <strong>confirmer votre grossesse<\/strong>. <\/p><p>Si vous ne l&rsquo;avez pas d\u00e9j\u00e0 fait, c&rsquo;est souvent lors de cette consultation que l&rsquo;on vous prescrira votre premi\u00e8re prise de sang pour <strong>un bilan complet incluant les s\u00e9rologies virales<\/strong> (rub\u00e9ole, VIH, h\u00e9patites, mais aussi toxoplasmose, etc.).<\/p><h3 id=\"3e-au-8e-mois-de-grossesse\">3e au 8e mois de grossesse<\/h3><p>Pendant cette p\u00e9riode, vous aurez <strong>une consultation chaque mois<\/strong>. <\/p><p>Ces consultations mensuelles permettent de suivre l&rsquo;\u00e9volution de la grossesse, de surveiller la sant\u00e9 de la m\u00e8re et du f\u0153tus, de pr\u00e9parer l&rsquo;accouchement et la parentalit\u00e9.<\/p><h3 id=\"9e-mois-de-grossesse\">9e mois de grossesse <\/h3><p>Une consultation <strong>tous les 15 jours<\/strong> est recommand\u00e9e.<\/p><h2 id=\"les-%C3%A9chographies\">Les \u00e9chographies<\/h2><h3 id=\"%C3%A9chographie-du-1er-trimestre\">\u00c9chographie du 1er trimestre<\/h3><p>Cette \u00e9chographie est \u00e0 pr\u00e9voir <strong>entre la 11e et la 13e semaine d&rsquo;am\u00e9norrh\u00e9e<\/strong>.<\/p><p>Elle permet de : <\/p><ul><li>dater la grossesse et d\u2019en calculer le terme pr\u00e9cis&nbsp;; <\/li><li>v\u00e9rifier s&rsquo;il s&rsquo;agit d&rsquo;une grossesse simple ou multiple&nbsp;;<\/li><li>r\u00e9aliser un premier examen morphologique du f\u0153tus&nbsp;;<\/li><li>mesurer la clart\u00e9 nucale, un indicateur important pour \u00e9valuer le risque de certaines anomalies chromosomiques comme la trisomie 21.<\/li><\/ul><h3 id=\"%C3%A9chographie-du-2e-trimestre\">\u00c9chographie du 2e trimestre<\/h3><p>Cette \u00e9chographie est \u00e0 pr\u00e9voir <strong>entre la 20e et la 25e semaine d&rsquo;am\u00e9norrh\u00e9e<\/strong>. <\/p><p>C&rsquo;est principalement une \u00e9chographie <strong>morphologique<\/strong> qui vise \u00e0 examiner en d\u00e9tail l&rsquo;anatomie du f\u0153tus et \u00e0 d\u00e9tecter d&rsquo;\u00e9ventuelles anomalies.<\/p><h3 id=\"%C3%A9chographie-du-3e-trimestre\">\u00c9chographie du 3e trimestre <\/h3><p>Cette \u00e9chographie est \u00e0 pr\u00e9voir <strong>entre la 30e et la 35e semaine d&rsquo;am\u00e9norrh\u00e9e<\/strong>.<strong> <\/strong><\/p><p>Elle permet de v\u00e9rifier : <\/p><ul><li>la croissance du f\u0153tus&nbsp;; <\/li><li>la quantit\u00e9 de liquide amniotique&nbsp;; <\/li><li>la position du placenta&nbsp;;<\/li><li>la position du f\u0153tus (t\u00eate en bas ou si\u00e8ge).<\/li><\/ul><p>En plus de ces consultations et \u00e9chographies, des examens ou des \u00e9chographies compl\u00e9mentaires peuvent \u00eatre propos\u00e9s en fonction des besoins sp\u00e9cifiques, des ant\u00e9c\u00e9dents m\u00e9dicaux, des r\u00e9sultats d&rsquo;examens pr\u00e9c\u00e9dents ou des particularit\u00e9s de la grossesse.<\/p><p><strong>N&rsquo;h\u00e9sitez pas \u00e0 discuter avec votre gyn\u00e9cologue ou votre sage-femme pour avoir un suivi adapt\u00e9 \u00e0 vos besoins.<\/strong><br><\/p>","protected":false},"excerpt":{"rendered":"<p>Dans cet article, d\u00e9couvrez le calendrier des consultations m\u00e9dicales et des \u00e9chographies pr\u00e9vues pendant la grossesse. <\/p>\n","protected":false},"author":4,"featured_media":5847,"comment_status":"open","ping_status":"open","sticky":false,"template":"","format":"standard","meta":{"_acf_changed":false,"_kad_blocks_custom_css":"","_kad_blocks_head_custom_js":"","_kad_blocks_body_custom_js":"","_kad_blocks_footer_custom_js":"","_kad_post_transparent":"","_kad_post_title":"","_kad_post_layout":"","_kad_post_sidebar_id":"","_kad_post_content_style":"","_kad_post_vertical_padding":"","_kad_post_feature":"","_kad_post_feature_position":"","_kad_post_header":false,"_kad_post_footer":false,"_kad_post_classname":"","rank_math_title":"Suivi m\u00e9dical de la grossesse : calendrier et \u00e9chographies","rank_math_description":"Informez-vous sur le calendrier des consultations m\u00e9dicales et des \u00e9chographies pr\u00e9vues pendant votre grossesse.","rank_math_focus_keyword":"suivi m\u00e9dical grossesse","rank_math_primary_category":805,"ilj_linkdefinition":["suivi m\u00e9dical grossesse"],"footnotes":""},"categories":[805,803],"tags":[532,3,41,20],"class_list":["post-6519","post","type-post","status-publish","format-standard","has-post-thumbnail","hentry","category-sante-grossesse","category-grossesse","tag-agnes-gepner","tag-bebe","tag-malo-pour-les-parents","tag-sante"],"acf":{"prestation_table":"","technical_table":"","nom_professionnel":"","numero_telephone":"","convention_cas":"","contrat_acces_aux_soins":"","sesam_vitale":"","coordonnees":"","adresse":"","profession":"","numero_rpps":"","profession_description":"","commune":"","departement":"","prenom":"","origine":"","date_fete":"","signification_etymologie":"","histoire_origine_prenom":"","personne_celebre":"","age_moyen":"","prenoms_derives":"","prenoms_composes":"","naissances_2024":"","genre":"","prenoms_taxonomy":"","region_stats":"","evolution_naissances":""},"taxonomy_info":{"category":[{"value":805,"label":"Sant\u00e9"},{"value":803,"label":"Grossesse"}],"post_tag":[{"value":532,"label":"Agn\u00e8s Gepner"},{"value":3,"label":"b\u00e9b\u00e9"},{"value":41,"label":"malo pour les parents"},{"value":20,"label":"sant\u00e9"}]},"featured_image_src_large":["https:\/\/heloa.app\/wp-content\/uploads\/2024\/09\/photo-1555856248-2676336c0e9b-1-1024x684.jpg",1024,684,true],"author_info":{"display_name":"Heloa","author_link":"https:\/\/heloa.app\/fr\/author\/expert-heloa"},"comment_info":0,"category_info":[{"term_id":805,"name":"Sant\u00e9","slug":"sante-grossesse","term_group":0,"term_taxonomy_id":805,"taxonomy":"category","description":"","parent":803,"count":137,"filter":"raw","cat_ID":805,"category_count":137,"category_description":"","cat_name":"Sant\u00e9","category_nicename":"sante-grossesse","category_parent":803},{"term_id":803,"name":"Grossesse","slug":"grossesse","term_group":0,"term_taxonomy_id":803,"taxonomy":"category","description":"","parent":0,"count":232,"filter":"raw","cat_ID":803,"category_count":232,"category_description":"","cat_name":"Grossesse","category_nicename":"grossesse","category_parent":0}],"tag_info":[{"term_id":532,"name":"Agn\u00e8s Gepner","slug":"agnes-gepner","term_group":0,"term_taxonomy_id":532,"taxonomy":"post_tag","description":"","parent":0,"count":29,"filter":"raw"},{"term_id":3,"name":"b\u00e9b\u00e9","slug":"bebe","term_group":0,"term_taxonomy_id":3,"taxonomy":"post_tag","description":"","parent":0,"count":48,"filter":"raw"},{"term_id":41,"name":"malo pour les parents","slug":"malo-pour-les-parents","term_group":0,"term_taxonomy_id":41,"taxonomy":"post_tag","description":"","parent":0,"count":172,"filter":"raw"},{"term_id":20,"name":"sant\u00e9","slug":"sante","term_group":0,"term_taxonomy_id":20,"taxonomy":"post_tag","description":"","parent":0,"count":42,"filter":"raw"}],"_links":{"self":[{"href":"https:\/\/heloa.app\/fr\/wp-json\/wp\/v2\/posts\/6519","targetHints":{"allow":["GET"]}}],"collection":[{"href":"https:\/\/heloa.app\/fr\/wp-json\/wp\/v2\/posts"}],"about":[{"href":"https:\/\/heloa.app\/fr\/wp-json\/wp\/v2\/types\/post"}],"author":[{"embeddable":true,"href":"https:\/\/heloa.app\/fr\/wp-json\/wp\/v2\/users\/4"}],"replies":[{"embeddable":true,"href":"https:\/\/heloa.app\/fr\/wp-json\/wp\/v2\/comments?post=6519"}],"version-history":[{"count":1,"href":"https:\/\/heloa.app\/fr\/wp-json\/wp\/v2\/posts\/6519\/revisions"}],"predecessor-version":[{"id":11888,"href":"https:\/\/heloa.app\/fr\/wp-json\/wp\/v2\/posts\/6519\/revisions\/11888"}],"wp:featuredmedia":[{"embeddable":true,"href":"https:\/\/heloa.app\/fr\/wp-json\/wp\/v2\/media\/5847"}],"wp:attachment":[{"href":"https:\/\/heloa.app\/fr\/wp-json\/wp\/v2\/media?parent=6519"}],"wp:term":[{"taxonomy":"category","embeddable":true,"href":"https:\/\/heloa.app\/fr\/wp-json\/wp\/v2\/categories?post=6519"},{"taxonomy":"post_tag","embeddable":true,"href":"https:\/\/heloa.app\/fr\/wp-json\/wp\/v2\/tags?post=6519"}],"curies":[{"name":"wp","href":"https:\/\/api.w.org\/{rel}","templated":true}]}}