{"id":6429,"date":"2022-08-02T09:56:20","date_gmt":"2022-08-02T09:56:20","guid":{"rendered":"https:\/\/heloa.app\/blog\/non-classe\/troubles-dys-enfance-age-adulte"},"modified":"2022-08-02T09:56:20","modified_gmt":"2022-08-02T09:56:20","slug":"troubles-dys-enfance-age-adulte","status":"publish","type":"post","link":"https:\/\/heloa.app\/fr\/blog\/parents\/sante\/troubles-dys-enfance-age-adulte","title":{"rendered":"Troubles dys de l\u2019enfance \u00e0 l\u2019\u00e2ge adulte"},"content":{"rendered":"<h2 id=\"le-t%C3%A9moignage-d%E2%80%99ir%C3%A8ne\">Le t\u00e9moignage d\u2019Ir\u00e8ne<\/h2><p><em>\u00ab&nbsp;Ces troubles ont impliqu\u00e9 de nombreuses cons\u00e9quences dans ma vie : je me suis toujours sentie anormale, diff\u00e9rente, tout le temps nulle. J\u2019avais toujours le sentiment de ne jamais r\u00e9ussir.&nbsp;\u00bb<\/em><br><\/p><p>Je m\u2019appelle Ir\u00e8ne, j\u2019ai 35 ans et j\u2019attends une petite fille qui na\u00eetra dans un mois. Je suis l&rsquo;a\u00een\u00e9e d\u2019une fratrie de cinq enfants et nous avons tous des troubles Dys plus ou moins s\u00e9v\u00e8res dans ma famille. Mon p\u00e8re est \u00e9galement Dys mais il n\u2019a jamais \u00e9t\u00e9 diagnostiqu\u00e9 et accompagn\u00e9. \u00c0 l\u2019\u00e9poque, c\u2019\u00e9tait encore moins bien rep\u00e9r\u00e9 qu\u2019aujourd\u2019hui.  Je ne sais pas si ma fille d\u00e9veloppera \u00e9galement des troubles Dys. <\/p><p><strong>J\u2019ai \u00e9t\u00e9 diagnostiqu\u00e9e au CP.<\/strong> \u00c0 cette m\u00eame p\u00e9riode, mes parents ont divorc\u00e9. C\u2019est une p\u00e9riode perturbante pour un enfant et comme ce n&rsquo;\u00e9tait pas stable au quotidien, il m\u2019\u00e9tait plus difficile de m\u2019ancrer scolairement. <\/p><p>Avant que ma ma\u00eetresse ne fasse part de ses observations \u00e0 mes parents, ils souhaitaient m\u2019orienter en classe Segpa, ne comprenant pas mes difficult\u00e9s et cherchant des solutions. Heureusement, je n\u2019y suis pas all\u00e9e, \u00e7a aurait \u00e9t\u00e9 la noyade totale. Aujourd\u2019hui, je pense que j\u2019aurais \u00e9t\u00e9 plus heureuse dans une \u00e9cole <a href=\"https:\/\/heloa.app\/blog\/comprendre-la-methode-montessori-principe-avantage\/\" rel=\"noreferrer\">Montessori<\/a>, mais \u00e0 l\u2019\u00e9poque, il n\u2019y en avait que tr\u00e8s peu et surtout, c\u2019\u00e9tait hors de prix.<\/p><p>Suite \u00e0 un premier bilan, j\u2019ai \u00e9t\u00e9 suivie pendant 10 ans dans un CMPP (Centre m\u00e9dico-psycho-p\u00e9dagogique), puis en 6\u00e8me, j\u2019ai fait 5 ans d\u2019accompagnement avec une orthophoniste. Je suis multidys : dyslexique, dysorthographique, dyscalculique, dysphasique et dysgraphique, ce qui a vraiment compliqu\u00e9 ma scolarit\u00e9. <\/p><p>J\u2019ai redoubl\u00e9 mon CP, ma 4\u00e8me et en fin de 3\u00e8me, on m\u2019a orient\u00e9e en parcours professionnel. Ces troubles ont impliqu\u00e9 de nombreuses cons\u00e9quences dans ma vie : je me suis toujours sentie anormale, diff\u00e9rente, tout le temps nulle. J\u2019avais toujours le sentiment de ne jamais r\u00e9ussir. <\/p><p>J\u2019avais de grandes difficult\u00e9s scolaires : lorsque j\u2019avais deux de moyenne en maths, j\u2019\u00e9tais contente ! J\u2019ai d\u00e9velopp\u00e9 une r\u00e9elle phobie scolaire : j\u2019avais constamment peur d\u2019\u00e9chouer. C\u2019\u00e9tait tr\u00e8s d\u00e9valorisant, \u00e7a a vraiment impact\u00e9 mon estime personnelle. <\/p><p>Au coll\u00e8ge, soit on suit, soit on coule. Les professeurs n\u2019ont pas le temps et ne sont pas form\u00e9s pour accompagner des \u00e9l\u00e8ves Dys. J\u2019avais des 0 \u00e0 tous mes contr\u00f4les, ils retiraient des points \u00e0 chaque faute d\u2019orthographe, \u00e7a a fini par totalement me d\u00e9courager. Quelques professeurs ont \u00e9t\u00e9 compr\u00e9hensifs, mais ils \u00e9taient minoritaires. La plupart du temps, j\u2019\u00e9tais install\u00e9e au fond de la classe et je m\u2019occupais autrement, puisque de toute fa\u00e7on, je ne comprenais pas les consignes.<\/p><p>Comme tout \u00e9l\u00e8ve, certaines mati\u00e8res me plaisaient plus que d\u2019autres, notamment les cours d\u2019histoire. Je me passionnais pour ces cours, qui \u00e9taient tr\u00e8s visuels. En revanche, les devoirs ne suivaient pas. Je les faisais sans les faire, je n\u2019y mettais aucune volont\u00e9, je n\u2019arrivais pas \u00e0 me concentrer. Il aurait fallu que je sois accompagn\u00e9e tous les soirs pour les faire, mais ce n\u2019\u00e9tait pas possible.<\/p><p>En fin de troisi\u00e8me, j\u2019ai \u00e9t\u00e9 orient\u00e9e vers un BEP Sanitaire et social. Il y avait un socle de mati\u00e8res essentielles, comme les math\u00e9matiques, mais c\u2019\u00e9tait concret : je savais pourquoi je le faisais. \u00c7a avait bien plus de sens pour moi, je me sentais motiv\u00e9e et mes notes s\u2019am\u00e9lioraient. Les professeurs donnaient des cours \u00e0 des \u00e9l\u00e8ves qui sortaient du syst\u00e8me scolaire traditionnel, ils \u00e9taient mieux form\u00e9s et plus attentifs aux difficult\u00e9s de chacun. En parall\u00e8le, je b\u00e9n\u00e9ficiais d\u2019un soutien scolaire le soir. <\/p><p>\u00c0 20 ans, je suis donc entr\u00e9e dans le monde du travail en tant qu&rsquo;assistante maternelle. Il fallait vraiment que je sorte des structures scolaires ! La vie professionnelle a \u00e9t\u00e9 bien plus facile \u00e0 aborder. C\u2019\u00e9tait concret, mais surtout humain ! J\u2019\u00e9tais tr\u00e8s jeune pour g\u00e9rer des enfants de 2-3 ans et pourtant, j\u2019\u00e9tais bien plus \u00e0 l\u2019aise qu\u2019\u00e0 l\u2019\u00e9cole. <\/p><p><strong>C\u2019est davantage dans ma vie personnelle que mes troubles me handicapent encore<\/strong>. J\u2019ai toujours du mal \u00e0 lire des textes, \u00e0 les comprendre, ce qui rend la gestion administrative tr\u00e8s compliqu\u00e9e. Par exemple, j\u2019ai besoin de l\u2019aide de mes proches pour d\u00e9clarer mes imp\u00f4ts. Au travail, j\u2019ai jusqu\u2019\u00e0 pr\u00e9sent eu la chance de pouvoir compter sur des employeurs qui g\u00e9raient toute la partie administrative. <\/p><p>Je suis actuellement enceinte de 9 mois. Suite \u00e0 la naissance de ma fille, je vais suivre une formation compl\u00e9mentaire pour devenir assistante maternelle \u00e0 domicile. Je m&rsquo;inqui\u00e8te pour la partie administrative : est-ce que je vais r\u00e9ussir \u00e0 m\u2019organiser correctement avec les parents ? J\u2019esp\u00e8re pouvoir compter sur des applications mobiles pour m\u2019aider. <\/p><p><strong>La composante la plus importante li\u00e9e \u00e0 mon trouble est r\u00e9ellement l\u2019impact que cela a eu sur le d\u00e9veloppement de mon estime personnelle<\/strong>. Ce que j\u2019aimerais dire aux parents d\u2019enfants ayant des troubles Dys, c\u2019est combien il est important de les rassurer sur leurs capacit\u00e9s d\u2019apprentissage, de leur dire que ce sont des personnes comme les autres, tout aussi intelligentes et pleines de ressources ! <\/p><p>Se sentir diff\u00e9rent est vraiment p\u00e9nible \u00e0 porter. Le soutien des parents est essentiel, mais il est aussi indispensable que les professeurs soient mieux form\u00e9s pour accompagner les enfants Dys pour une scolarit\u00e9 sereine.<\/p>","protected":false},"excerpt":{"rendered":"<p>Ces troubles ont impliqu\u00e9 de nombreuses cons\u00e9quences dans ma vie : je me suis toujours sentie anormale, diff\u00e9rente, tout le temps nulle. J\u2019avais toujours le sentiment de ne jamais r\u00e9ussir.<\/p>\n","protected":false},"author":4,"featured_media":5753,"comment_status":"open","ping_status":"open","sticky":false,"template":"","format":"standard","meta":{"_acf_changed":false,"_kad_blocks_custom_css":"","_kad_blocks_head_custom_js":"","_kad_blocks_body_custom_js":"","_kad_blocks_footer_custom_js":"","_kad_post_transparent":"","_kad_post_title":"","_kad_post_layout":"","_kad_post_sidebar_id":"","_kad_post_content_style":"","_kad_post_vertical_padding":"","_kad_post_feature":"","_kad_post_feature_position":"","_kad_post_header":false,"_kad_post_footer":false,"_kad_post_classname":"","rank_math_title":"Cons\u00e9quences des troubles dys de l'enfance \u00e0 l'\u00e2ge adulte","rank_math_description":"D\u00e9couvrez les cons\u00e9quences de ces troubles sur la vie quotidienne. T\u00e9moignage sur le sentiment d'anormalit\u00e9 et de difficult\u00e9 \u00e0 r\u00e9ussir qui accompagne ces troubles.","rank_math_focus_keyword":"troubles dys","rank_math_primary_category":724,"ilj_linkdefinition":["troubles dys"],"footnotes":""},"categories":[724,651],"tags":[408,586,446,479],"class_list":["post-6429","post","type-post","status-publish","format-standard","has-post-thumbnail","hentry","category-sante-parents","category-parents","tag-self_esteem","tag-dys","tag-neurodeveloppement","tag-temoignage"],"acf":{"prestation_table":"","technical_table":"","nom_professionnel":"","numero_telephone":"","convention_cas":"","contrat_acces_aux_soins":"","sesam_vitale":"","coordonnees":"","adresse":"","profession":"","numero_rpps":"","profession_description":"","commune":"","departement":"","prenom":"","origine":"","date_fete":"","signification_etymologie":"","histoire_origine_prenom":"","personne_celebre":"","age_moyen":"","prenoms_derives":"","prenoms_composes":"","naissances_2024":"","genre":"","prenoms_taxonomy":"","region_stats":"","evolution_naissances":""},"taxonomy_info":{"category":[{"value":724,"label":"Sant\u00e9"},{"value":651,"label":"Parents"}],"post_tag":[{"value":408,"label":"#self_esteem"},{"value":586,"label":"dys"},{"value":446,"label":"neurod\u00e9veloppement"},{"value":479,"label":"t\u00e9moignage"}]},"featured_image_src_large":["https:\/\/heloa.app\/wp-content\/uploads\/2024\/09\/photo-1517971129774-8a2b38fa128e-1-684x1024.jpg",684,1024,true],"author_info":{"display_name":"Heloa","author_link":"https:\/\/heloa.app\/fr\/author\/expert-heloa"},"comment_info":0,"category_info":[{"term_id":724,"name":"Sant\u00e9","slug":"sante-parents","term_group":0,"term_taxonomy_id":724,"taxonomy":"category","description":"","parent":651,"count":36,"filter":"raw","cat_ID":724,"category_count":36,"category_description":"","cat_name":"Sant\u00e9","category_nicename":"sante-parents","category_parent":651},{"term_id":651,"name":"Parents","slug":"parents","term_group":0,"term_taxonomy_id":651,"taxonomy":"category","description":"Apr\u00e8s l'arriv\u00e9e d\u2019un enfant, il est normal qu'en tant que parent vous vous sentiez d\u00e9pass\u00e9 : de nouvelles responsabilit\u00e9s, un manque de sommeil, les \u00e9motions qui font les montagnes russes. Les nouveaux parents ont besoin de soutien, on est la pour \u00e7a.","parent":0,"count":205,"filter":"raw","cat_ID":651,"category_count":205,"category_description":"Apr\u00e8s l'arriv\u00e9e d\u2019un enfant, il est normal qu'en tant que parent vous vous sentiez d\u00e9pass\u00e9 : de nouvelles responsabilit\u00e9s, un manque de sommeil, les \u00e9motions qui font les montagnes russes. Les nouveaux parents ont besoin de soutien, on est la pour \u00e7a.","cat_name":"Parents","category_nicename":"parents","category_parent":0}],"tag_info":[{"term_id":408,"name":"#self_esteem","slug":"self_esteem","term_group":0,"term_taxonomy_id":408,"taxonomy":"post_tag","description":"","parent":0,"count":13,"filter":"raw"},{"term_id":586,"name":"dys","slug":"dys","term_group":0,"term_taxonomy_id":586,"taxonomy":"post_tag","description":"","parent":0,"count":5,"filter":"raw"},{"term_id":446,"name":"neurod\u00e9veloppement","slug":"neurodeveloppement","term_group":0,"term_taxonomy_id":446,"taxonomy":"post_tag","description":"","parent":0,"count":6,"filter":"raw"},{"term_id":479,"name":"t\u00e9moignage","slug":"temoignage","term_group":0,"term_taxonomy_id":479,"taxonomy":"post_tag","description":"","parent":0,"count":21,"filter":"raw"}],"_links":{"self":[{"href":"https:\/\/heloa.app\/fr\/wp-json\/wp\/v2\/posts\/6429","targetHints":{"allow":["GET"]}}],"collection":[{"href":"https:\/\/heloa.app\/fr\/wp-json\/wp\/v2\/posts"}],"about":[{"href":"https:\/\/heloa.app\/fr\/wp-json\/wp\/v2\/types\/post"}],"author":[{"embeddable":true,"href":"https:\/\/heloa.app\/fr\/wp-json\/wp\/v2\/users\/4"}],"replies":[{"embeddable":true,"href":"https:\/\/heloa.app\/fr\/wp-json\/wp\/v2\/comments?post=6429"}],"version-history":[{"count":0,"href":"https:\/\/heloa.app\/fr\/wp-json\/wp\/v2\/posts\/6429\/revisions"}],"wp:featuredmedia":[{"embeddable":true,"href":"https:\/\/heloa.app\/fr\/wp-json\/wp\/v2\/media\/5753"}],"wp:attachment":[{"href":"https:\/\/heloa.app\/fr\/wp-json\/wp\/v2\/media?parent=6429"}],"wp:term":[{"taxonomy":"category","embeddable":true,"href":"https:\/\/heloa.app\/fr\/wp-json\/wp\/v2\/categories?post=6429"},{"taxonomy":"post_tag","embeddable":true,"href":"https:\/\/heloa.app\/fr\/wp-json\/wp\/v2\/tags?post=6429"}],"curies":[{"name":"wp","href":"https:\/\/api.w.org\/{rel}","templated":true}]}}