{"id":6419,"date":"2026-02-27T17:07:59","date_gmt":"2026-02-27T16:07:59","guid":{"rendered":"https:\/\/heloa.app\/blog\/non-classe\/les-dyspraxies"},"modified":"2026-02-27T17:07:59","modified_gmt":"2026-02-27T16:07:59","slug":"les-dyspraxies","status":"publish","type":"post","link":"https:\/\/heloa.app\/fr\/blog\/1-3-ans\/sante\/les-dyspraxies","title":{"rendered":"Dyspraxies : signes, causes et diagnostic"},"content":{"rendered":"<p>Quand un enfant sait quoi faire, mais que ses mains, ses jambes ou son crayon n\u2019arrivent pas \u00e0 suivre, l\u2019inqui\u00e9tude monte vite. Est-ce une maladresse passag\u00e8re ? Un manque d\u2019entra\u00eenement ? Un souci d\u2019attention ? Les <strong>dyspraxies<\/strong> (au pluriel, car les profils varient) font partie des troubles sp\u00e9cifiques des apprentissages, souvent regroup\u00e9s sous l\u2019\u00e9tiquette des dys. Le point commun : des difficult\u00e9s durables, qui g\u00eanent l\u2019autonomie, l\u2019\u00e9cole, parfois les loisirs, et qui fatiguent l\u2019enfant\u2026 autant que les adultes qui l\u2019accompagnent.<\/p> <p>On va clarifier ce qui se cache derri\u00e8re les termes TDC\/DCD\/TAC, rep\u00e9rer les signes selon l\u2019\u00e2ge, comprendre pourquoi c\u2019est si \u00e9puisant, et voir comment les bilans et les am\u00e9nagements peuvent changer le quotidien.<\/p> <h2 id=\"naturedesdyspraxiesquestcequeladyspraxietdcdcd\">Nature des dyspraxies : qu\u2019est-ce que la dyspraxie (TDC\/DCD) ?<\/h2> <p>Dans le langage courant, dyspraxies renvoie le plus souvent au trouble d\u00e9veloppemental de la coordination (TDC), aussi appel\u00e9 DCD (<em>Developmental Coordination Disorder<\/em>). On peut aussi entendre TAC (trouble d\u2019acquisition de la coordination), un terme plus ancien.<\/p> <p>Le TDC est un trouble neurod\u00e9veloppemental : le cerveau construit les gestes, les ajuste, les automatise\u2026 mais certains circuits impliqu\u00e9s dans la coordination et l\u2019apprentissage moteur fonctionnent de fa\u00e7on moins efficace. R\u00e9sultat ? Le geste est possible, oui, mais il co\u00fbte cher.<\/p> <ul> <li>Il manque de fluidit\u00e9.<\/li> <li>Il est moins pr\u00e9cis.<\/li> <li>Il demande une attention soutenue.<\/li> <li>Il se d\u00e9grade vite avec la fatigue ou la double t\u00e2che (\u00e9crire tout en \u00e9coutant, s\u2019habiller en \u00e9tant press\u00e9, attraper une balle en se rep\u00e9rant dans l\u2019espace).<\/li> <\/ul> <p>La question que beaucoup de parents posent est directe : maladie dyspraxie ? Au sens strict, non. Ce n\u2019est pas une maladie aigu\u00eb dont on gu\u00e9rit en quelques semaines. En revanche, ce n\u2019est pas fig\u00e9 : on peut r\u00e9duire le retentissement, d\u00e9velopper des strat\u00e9gies, renforcer l\u2019autonomie.<\/p> <h3 id=\"queveutdiredyspraxie\">Que veut dire dyspraxie ?<\/h3> <p>Vous vous demandez peut-\u00eatre : que veut dire dyspraxie ?<\/p> <ul> <li>dys : dysfonctionnement  <\/li> <li>praxie : geste intentionnel (le fait d\u2019organiser et d\u2019ex\u00e9cuter une action volontaire)<\/li> <\/ul> <p>La dyspraxie correspond donc \u00e0 une difficult\u00e9 \u00e0 planifier et coordonner des gestes volontaires. L\u2019enfant peut savoir exactement ce qu\u2019il veut faire\u2026 mais l\u2019encha\u00eenement moteur ne s\u2019automatise pas comme pr\u00e9vu.<\/p> <h3 id=\"dyspraxiesousimplemaladressecequimetsurlapiste\">Dyspraxies ou simple maladresse : ce qui met sur la piste<\/h3> <p>Tous les enfants renversent un verre, tr\u00e9buchent ou \u00e9crivent de travers \u00e0 un moment. Ce qui interpelle, c\u2019est l\u2019association de la dur\u00e9e et de l\u2019impact.<\/p> <p>On pense davantage \u00e0 des dyspraxies quand :<\/p> <ul> <li>la difficult\u00e9 persiste malgr\u00e9 l\u2019entra\u00eenement ,<\/li> <li>les gestes du quotidien prennent un temps disproportionn\u00e9 ,<\/li> <li>la g\u00eane appara\u00eet dans plusieurs lieux (maison, \u00e9cole, sport) ,<\/li> <li>la fatigue, l\u2019\u00e9vitement (j\u2019y arrive pas) ou une forte frustration s\u2019installent.<\/li> <\/ul> <h2 id=\"pourquoicestsifatigantlecerveauaucentredumouvement\">Pourquoi c\u2019est si fatigant ? Le cerveau au centre du mouvement<\/h2> <p>Un geste simple ne l\u2019est pas tant que \u00e7a. Pour \u00e9crire, par exemple, il faut :<\/p> <ul> <li>choisir la bonne posture ,<\/li> <li>stabiliser l\u2019\u00e9paule ,<\/li> <li>ajuster la pince des doigts ,<\/li> <li>calibrer la pression sur le papier ,<\/li> <li>planifier la trajectoire de la lettre ,<\/li> <li>g\u00e9rer la vitesse ,<\/li> <li>se rep\u00e9rer sur la ligne ,<\/li> <li>et, en parall\u00e8le, penser au mot, \u00e0 l\u2019orthographe, au sens de la phrase.<\/li> <\/ul> <p>Chez beaucoup d\u2019enfants, une partie de cette cha\u00eene devient automatique avec l\u2019exp\u00e9rience. Chez un enfant avec dyspraxies, l\u2019automatisation est fragile : chaque \u00e9tape r\u00e9clame du contr\u00f4le conscient. Le cerveau surveille le geste au lieu de le laisser se d\u00e9rouler.<\/p> <p>Cons\u00e9quence tr\u00e8s concr\u00e8te : pendant qu\u2019il mobilise toute son attention sur la forme des lettres, l\u2019enfant peut perdre le fil de la consigne, n\u00e9gliger l\u2019orthographe, ou ne plus \u00e9couter la ma\u00eetresse. Non par d\u00e9sinvolture. Par surcharge.<\/p> <p>La lenteur, ici, n\u2019est donc pas un manque de volont\u00e9 : c\u2019est un co\u00fbt cognitif \u00e9lev\u00e9 (charge attentionnelle et m\u00e9moire de travail satur\u00e9e). Et quand la journ\u00e9e scolaire est d\u00e9j\u00e0 longue, la fatigue devient un facteur majeur.<\/p> <h2 id=\"formesetprofilsdiffrentstypesdedyspraxies\">Formes et profils : diff\u00e9rents types de dyspraxies<\/h2> <p>Il n\u2019existe pas un mod\u00e8le unique. Selon les enfants, les dyspraxies s\u2019expriment davantage par :<\/p> <ul> <li>des difficult\u00e9s de <a href=\"https:\/\/heloa.app\/fr\/blog\/1-3-ans\/developpement\/etapes-developpement-motricite\">motricit\u00e9<\/a> fine (crayon, ciseaux, couverts, boutons, fermeture \u00e9clair) ,<\/li> <li>des difficult\u00e9s de motricit\u00e9 globale (\u00e9quilibre, course, sauts, coordination dans les sports) ,<\/li> <li>un versant visuo-moteur et visuo-spatial (copier une figure, organiser une page, aligner des \u00e9l\u00e9ments, construire) ,<\/li> <li>une difficult\u00e9 de planification motrice (praxies) : imaginer, organiser et encha\u00eener les actions pour atteindre un but.<\/li> <\/ul> <p>Un m\u00eame enfant peut avoir plusieurs composantes. D\u2019o\u00f9 l\u2019int\u00e9r\u00eat d\u2019un bilan qui d\u00e9taille finement le profil.<\/p> <h2 id=\"dyspraxiecausecequelasciencesuggre\">Dyspraxie cause : ce que la science sugg\u00e8re<\/h2> <p>Vous tapez peut-\u00eatre dyspraxie cause en cherchant une explication claire. Aujourd\u2019hui, il n\u2019y a pas une cause unique.<\/p> <p>Ce que l\u2019on observe le plus souvent :<\/p> <ul> <li>une contribution neurod\u00e9veloppementale (maturation et organisation des r\u00e9seaux impliqu\u00e9s dans la coordination) ,<\/li> <li>une part familiale possible (piste g\u00e9n\u00e9tique) ,<\/li> <li>un risque plus \u00e9lev\u00e9 chez les enfants n\u00e9s tr\u00e8s pr\u00e9matur\u00e9ment.<\/li> <\/ul> <p>Important : les dyspraxies ne sont pas li\u00e9es \u00e0 un manque d\u2019intelligence, ni \u00e0 un manque d\u2019\u00e9ducation, ni \u00e0 une paresse. Un enfant peut avoir un raisonnement tr\u00e8s solide, une imagination vive, et pourtant lutter avec un bouton de manteau.<\/p> <h2 id=\"symptmesdesdyspraxiessignesselonlge\">Sympt\u00f4mes des dyspraxies : signes selon l\u2019\u00e2ge<\/h2> <h3 id=\"chezletoutpetitetenmaternelle\">Chez le tout-petit et en maternelle<\/h3> <p>Avant 3\u20134 ans, les signaux peuvent \u00eatre subtils. On observe parfois :<\/p> <ul> <li>des chutes fr\u00e9quentes, un \u00e9quilibre instable ,<\/li> <li>une difficult\u00e9 \u00e0 attraper, rel\u00e2cher, ajuster la force (serrer trop fort, l\u00e2cher trop vite) ,<\/li> <li>des jeux de manipulation moins spontan\u00e9s (empiler, embo\u00eeter) ,<\/li> <li>un d\u00e9marrage lent du geste, comme si le corps h\u00e9sitait.<\/li> <\/ul> <p>En maternelle, les attentes augmentent : on d\u00e9coupe, on colle, on enfile des perles, on copie des formes. C\u2019est souvent l\u00e0 que les dyspraxies deviennent visibles.<\/p> <p>\u00c0 la maison, l\u2019habillage attire l\u2019attention : orienter un pull, enfiler une chaussette, fermer un zip, se rep\u00e9rer devant\/derri\u00e8re. Et c\u00f4t\u00e9 repas ? La cuill\u00e8re peut voyager, la nourriture aussi.<\/p> <p>Un d\u00e9tail qui aide \u00e0 comprendre : l\u2019enfant comprend g\u00e9n\u00e9ralement bien la consigne. Ce n\u2019est pas le savoir, c\u2019est le faire qui bloque.<\/p> <h3 id=\"enprimairepuisaucollgelyce\">En primaire, puis au coll\u00e8ge\/lyc\u00e9e<\/h3> <p>En primaire, l\u2019\u00e9criture prend souvent toute la sc\u00e8ne :<\/p> <ul> <li>lenteur,<\/li> <li>crispation,<\/li> <li>douleurs (main, poignet, avant-bras),<\/li> <li>tenue du crayon peu efficiente,<\/li> <li>copie au tableau difficile,<\/li> <li>cahiers peu lisibles.<\/li> <\/ul> <p>La g\u00e9om\u00e9trie (r\u00e8gle, \u00e9querre, compas), certains travaux en sciences, les arts plastiques : tout ce qui exige pr\u00e9cision et organisation dans l\u2019espace peut devenir tr\u00e8s co\u00fbteux.<\/p> <p>Au coll\u00e8ge et au lyc\u00e9e, on voit fr\u00e9quemment :<\/p> <ul> <li>des prises de notes impossibles \u00e0 suivre au rythme de la classe ,<\/li> <li>une difficult\u00e9 avec les \u00e9valuations chronom\u00e9tr\u00e9es ,<\/li> <li>un sac ou une trousse chaotiques (organisation mat\u00e9rielle) ,<\/li> <li>une pr\u00e9f\u00e9rence pour l\u2019ordinateur, parce que l\u2019\u00e9criture manuscrite reste lente et \u00e9puisante.<\/li> <\/ul> <p>Et le sport ? Les jeux de ballon, les sports collectifs, les activit\u00e9s o\u00f9 le timing compte peuvent mettre l\u2019adolescent en difficult\u00e9.<\/p> <h2 id=\"dyspraxiesauquotidiendesdifficultstrsconcrtes\">Dyspraxies au quotidien : des difficult\u00e9s tr\u00e8s concr\u00e8tes<\/h2> <p>Les dyspraxies touchent toutes les situations o\u00f9 il faut coordonner le corps, l\u2019espace et le temps.<\/p> <p>Quelques sc\u00e8nes famili\u00e8res :<\/p> <ul> <li>s\u2019habiller (boutons, lacets, ceinture, fermeture \u00e9clair) ,<\/li> <li>se laver, se brosser les dents sans en mettre partout ,<\/li> <li>manger proprement, couper, piquer, doser la force ,<\/li> <li>pr\u00e9parer le cartable, ranger une trousse, g\u00e9rer plusieurs \u00e9tapes ,<\/li> <li>faire un puzzle, un Lego, un bricolage ,<\/li> <li>participer \u00e0 un jeu de ballon sans anticiper trop tard.<\/li> <\/ul> <p>Vous avez peut-\u00eatre d\u00e9j\u00e0 pens\u00e9 : mais il pourrait y arriver s\u2019il se concentrait ! Justement\u2026 il se concentre. Parfois \u00e9norm\u00e9ment. Et c\u2019est cette concentration permanente qui \u00e9puise.<\/p> <h2 id=\"commentconfirmerquelenfantestdyspraxique\">Comment confirmer que l\u2019enfant est dyspraxique ?<\/h2> <p>On ne pose pas un diagnostic s\u00e9rieux \u00e0 l\u2019\u0153il sur un seul rendez-vous. On part d\u2019une observation clinique, on analyse le retentissement, puis on objectivise avec des \u00e9valuations.<\/p> <p>Les professionnels cherchent notamment \u00e0 distinguer :<\/p> <ul> <li>un d\u00e9calage net par rapport \u00e0 l\u2019\u00e2ge ,<\/li> <li>une persistance des difficult\u00e9s ,<\/li> <li>un impact sur l\u2019autonomie, l\u2019\u00e9cole ou les loisirs ,<\/li> <li>l\u2019absence d\u2019une autre explication principale (d\u00e9ficit visuel majeur non corrig\u00e9, maladie neuromusculaire, paralysie c\u00e9r\u00e9brale, etc.).<\/li> <\/ul> <h3 id=\"quandconsulter\">Quand consulter ?<\/h3> <p>Un avis devient pertinent quand les difficult\u00e9s motrices :<\/p> <ul> <li>durent et se r\u00e9p\u00e8tent ,<\/li> <li>freinent clairement l\u2019autonomie ou la scolarit\u00e9 ,<\/li> <li>provoquent fatigue, \u00e9vitement, anxi\u00e9t\u00e9 ou d\u00e9couragement ,<\/li> <li>contrastent avec de bonnes capacit\u00e9s de langage, de raisonnement ou de m\u00e9moire.<\/li> <\/ul> <p>Un rep\u00e9rage peut se faire d\u00e8s la maternelle. Le diagnostic est souvent formalis\u00e9 vers 5\u20136 ans, quand les exigences scolaires (graphisme, copie, vitesse) mettent le trouble en \u00e9vidence.<\/p> <h3 id=\"bilanpluridisciplinairequelsprofessionnels\">Bilan pluridisciplinaire : quels professionnels ?<\/h3> <p>Pour explorer des dyspraxies, plusieurs regards sont utiles, sans empiler les rendez-vous inutilement.<\/p> <p>On retrouve souvent :<\/p> <ul> <li>le m\u00e9decin (p\u00e9diatre, neurop\u00e9diatre, parfois p\u00e9dopsychiatre) pour \u00e9valuer le d\u00e9veloppement global et \u00e9liminer d\u2019autres causes ,<\/li> <li>l\u2019ergoth\u00e9rapeute, tr\u00e8s souvent au premier plan, pour analyser les gestes du quotidien et l\u2019\u00e9criture ,<\/li> <li>le psychomotricien pour la coordination globale, l\u2019\u00e9quilibre, l\u2019organisation du geste ,<\/li> <li>le neuropsychologue si l\u2019on suspecte des troubles associ\u00e9s (attention, fonctions ex\u00e9cutives, visuo-spatial) ,<\/li> <li>l\u2019orthophoniste si le langage oral\/\u00e9crit est aussi concern\u00e9.<\/li> <\/ul> <p>Les associations de parents peuvent \u00e9galement aider \u00e0 s\u2019orienter vers des \u00e9quipes habitu\u00e9es \u00e0 ces bilans.<\/p> <h3 id=\"testsetoutilsutiliss\">Tests et outils utilis\u00e9s<\/h3> <p>Selon l\u2019\u00e2ge et le professionnel, on peut utiliser des tests standardis\u00e9s :<\/p> <ul> <li>MABC-2\/MABC-3,<\/li> <li>BOT-2,<\/li> <li>DCDQ (questionnaire parent\/enseignant),<\/li> <li>\u00e9valuations visuo-motrices.<\/li> <\/ul> <p>L\u2019objectif n\u2019est pas de r\u00e9duire l\u2019enfant \u00e0 un score. L\u2019objectif est d\u2019identifier les situations \u00e0 risque, celles qui passent mieux, et les adaptations r\u00e9ellement efficaces.<\/p> <h2 id=\"dyspraxiesettroublesassocisdesprofilssouventmixtes\">Dyspraxies et troubles associ\u00e9s : des profils souvent mixtes<\/h2> <p>Les dyspraxies peuvent coexister avec d\u2019autres troubles neurod\u00e9veloppementaux :<\/p> <ul> <li>TDAH (trouble d\u00e9ficit de l\u2019attention avec ou sans hyperactivit\u00e9),<\/li> <li>TSA (trouble du spectre de l\u2019autisme),<\/li> <li>autres troubles dys (dysgraphie, dyslexie\/dysorthographie, dyscalculie).<\/li> <\/ul> <p>Cette association n\u2019annule pas le diagnostic , elle l\u2019affine. Et elle explique parfois pourquoi un enfant para\u00eet dispers\u00e9 : l\u2019effort moteur, l\u2019effort attentionnel et les exigences scolaires s\u2019additionnent.<\/p> <p>Un point souvent rassurant : beaucoup d\u2019enfants avec dyspraxies ont des app\u00e9tences fortes pour le langage, l\u2019imaginaire, la narration, le raisonnement verbal. Les comp\u00e9tences sont l\u00e0 , le canal pour les exprimer doit parfois \u00eatre ajust\u00e9.<\/p> <p>Sur le plan \u00e9motionnel, la r\u00e9p\u00e9tition des \u00e9checs visibles (\u00e9criture, sport, bricolage) peut entamer l\u2019estime de soi. Mettre des mots, valoriser l\u2019effort, et all\u00e9ger la charge du geste aide \u00e0 \u00e9viter une spirale d\u2019\u00e9vitement.<\/p> <h2 id=\"prendreenchargeaidersanspuiser\">Prendre en charge : aider sans \u00e9puiser<\/h2> <p>L\u2019objectif est de permettre \u00e0 l\u2019enfant de faire, d\u2019apprendre et de participer, sans y laisser toute son \u00e9nergie.<\/p> <h3 id=\"rducationsetaccompagnements\">R\u00e9\u00e9ducations et accompagnements<\/h3> <p>Selon le profil, plusieurs approches existent :<\/p> <ul> <li>ergoth\u00e9rapie : souvent centrale , elle d\u00e9cortique les gestes, propose des strat\u00e9gies, ajuste le mat\u00e9riel (stylo, cahier, position), et travaille le transfert \u00e0 la maison et \u00e0 l\u2019\u00e9cole.<\/li> <li>psychomotricit\u00e9 : coordination, \u00e9quilibre, sch\u00e9ma corporel, planification gestuelle, souvent via des m\u00e9diations ludiques.<\/li> <li>orthophonie : si d\u2019autres difficult\u00e9s sont associ\u00e9es (langage, \u00e9crit), ou si l\u2019\u00e9crit devient un frein majeur.<\/li> <\/ul> <p>Un accompagnement psychologique peut \u00eatre utile si l\u2019enfant se d\u00e9valorise, anticipe l\u2019\u00e9chec, ou somatise (maux de ventre, irritabilit\u00e9) autour des t\u00e2ches motrices.<\/p> <h3 id=\"aideslcoleamnagementsetdispositifs\">Aides \u00e0 l\u2019\u00e9cole : am\u00e9nagements et dispositifs<\/h3> <p>L\u2019\u00e9cole peut proposer des adaptations, parfois avec un dossier MDPH, parfois sans.<\/p> <p>Selon les besoins :<\/p> <ul> <li>r\u00e9duire la quantit\u00e9 d\u2019\u00e9criture manuscrite ,<\/li> <li>donner des supports imprim\u00e9s ,<\/li> <li>autoriser un temps major\u00e9 ,<\/li> <li>adapter les \u00e9valuations (montrer les connaissances sans p\u00e9naliser la lenteur) ,<\/li> <li>proposer des outils ergonomiques ,<\/li> <li>utiliser un ordinateur ou une tablette quand cela lib\u00e8re l\u2019enfant.<\/li> <\/ul> <p>Une question utile \u00e0 se poser avec l\u2019\u00e9quipe : qu\u2019est-ce qui est \u00e9valu\u00e9 : la connaissance\u2026 ou la qualit\u00e9 du geste ?<\/p> <h3 id=\"lamaisonajustementsquiapaisentsouvent\">\u00c0 la maison : ajustements qui apaisent souvent<\/h3> <p>Le quotidien a besoin de solutions r\u00e9alistes.<\/p> <ul> <li>Installer des routines stables (matin\/soir).<\/li> <li>Donner des consignes courtes, dans l\u2019ordre, une \u00e9tape \u00e0 la fois.<\/li> <li>Utiliser des check-lists visuelles pour les t\u00e2ches \u00e0 plusieurs \u00e9tapes (s\u2019habiller, pr\u00e9parer le cartable).<\/li> <li>Pr\u00e9voir des pauses (la fatigue alt\u00e8re la coordination).<\/li> <li>Choisir des activit\u00e9s physiques ax\u00e9es sur le plaisir et la progression : natation, v\u00e9lo avec s\u00e9curisation, escalade adapt\u00e9e, arts martiaux avec encadrement bienveillant\u2026 selon l\u2019enfant.<\/li> <\/ul> <p>L\u2019id\u00e9e est de soutenir l\u2019autonomie, tout en prot\u00e9geant la relation parent-enfant.<\/p> <h2 id=\"retenir\">\u00c0 retenir<\/h2> <p>Les dyspraxies correspondent le plus souvent au trouble d\u00e9veloppemental de la coordination : une difficult\u00e9 durable de coordination et de planification du geste, avec un retentissement sur la vie quotidienne, l\u2019\u00e9cole et parfois les loisirs. Le geste n\u2019est pas impossible, il est co\u00fbteux : attention soutenue, lenteur, fatigue. Un bilan pluridisciplinaire (m\u00e9decin, ergoth\u00e9rapeute, psychomotricien, parfois neuropsychologue et orthophoniste) aide \u00e0 confirmer le diagnostic, rep\u00e9rer d\u2019\u00e9ventuels troubles associ\u00e9s et choisir des adaptations concr\u00e8tes.<\/p> <p>Des professionnels peuvent accompagner votre enfant et ajuster les am\u00e9nagements au fil des \u00e9tapes scolaires. Pour des conseils personnalis\u00e9s et des questionnaires de sant\u00e9 gratuits pour les enfants, vous pouvez aussi t\u00e9l\u00e9charger l\u2019<a href=\"https:\/\/app.adjust.com\/1g586ft8\" target=\"_blank\" rel=\"noopener\">application Heloa<\/a>.<\/p> <h2 id=\"lesquestionsdesparents\">Les questions des parents<\/h2> <h3 id=\"ladyspraxiepeutellepersisterlgeadulte\">La dyspraxie peut\u2011elle persister \u00e0 l\u2019\u00e2ge adulte ?<\/h3> <p>Oui, les difficult\u00e9s peuvent accompagner l\u2019adulte, mais leur expression \u00e9volue. Beaucoup trouvent des strat\u00e9gies efficaces (am\u00e9nagements, outils num\u00e9riques, habitudes de travail) et voient une r\u00e9duction du retentissement. Rassurez\u2011vous : avec un accompagnement adapt\u00e9 on am\u00e9liore l\u2019autonomie et la qualit\u00e9 de vie. Si des g\u00eanes persistent (organisation, gestes fins, gestion du temps), un bilan \u00e0 l\u2019\u00e2ge adulte peut guider des aides concr\u00e8tes.<\/p> <h3 id=\"quellesaidesadministrativesetfinanciresexistent\">Quelles aides administratives et financi\u00e8res existent ?<\/h3> <p>Les r\u00e9ponses varient selon le pays. En France, une d\u00e9marche aupr\u00e8s de la MDPH peut aboutir \u00e0 des mesures (PPS\/PAI \u00e0 l\u2019\u00e9cole, Reconnaissance de la Qualit\u00e9 de Travailleur Handicap\u00e9, aides mat\u00e9rielles ou humaines). Les prises en charge des r\u00e9\u00e9ducations d\u00e9pendent d\u2019une prescription m\u00e9dicale et de votre couverture (Assurance maladie, mutuelle). N\u2019h\u00e9sitez pas \u00e0 vous renseigner localement : associations et professionnels peuvent orienter vers les dispositifs existants.<\/p> <h3 id=\"commentprparerunrendezvouspourundiagnostic\">Comment pr\u00e9parer un rendez\u2011vous pour un diagnostic ?<\/h3> <p>Pr\u00e9parer permet de gagner du temps et de clarifier vos attentes. Notez : exemples concrets (t\u00e2ches difficiles, situations, fr\u00e9quence), \u00e2ge d\u2019apparition, \u00e9volution, fatigue li\u00e9e aux activit\u00e9s scolaires, photos\/vid\u00e9os de gestes probl\u00e9matiques, copies d\u2019\u00e9valuations scolaires, bilans d\u00e9j\u00e0 r\u00e9alis\u00e9s, traitements en cours et questions prioritaires. Pensez \u00e0 demander quels tests seront faits et comment sera rendu le compte\u2011rendu. Cela aide \u00e0 obtenir un bilan cibl\u00e9 et utile.<\/p>","protected":false},"excerpt":{"rendered":"<p>Les dyspraxies touchent la coordination et la planification du geste. Signes selon l&rsquo;\u00e2ge, causes possibles et bilan pour adapter l&rsquo;\u00e9cole et la maison.<\/p>\n","protected":false},"author":4,"featured_media":5743,"comment_status":"open","ping_status":"open","sticky":false,"template":"","format":"standard","meta":{"_acf_changed":false,"_kad_blocks_custom_css":"","_kad_blocks_head_custom_js":"","_kad_blocks_body_custom_js":"","_kad_blocks_footer_custom_js":"","_kad_post_transparent":"","_kad_post_title":"","_kad_post_layout":"","_kad_post_sidebar_id":"","_kad_post_content_style":"","_kad_post_vertical_padding":"","_kad_post_feature":"","_kad_post_feature_position":"","_kad_post_header":false,"_kad_post_footer":false,"_kad_post_classname":"","rank_math_title":"Dyspraxies : signes, causes et diagnostic","rank_math_description":"Les dyspraxies touchent la coordination et la planification du geste. Signes selon l'\u00e2ge, causes possibles et bilan pour adapter l'\u00e9cole et la maison.","rank_math_focus_keyword":"dyspraxies","rank_math_primary_category":717,"ilj_linkdefinition":["dyspraxie","dyspraxies"],"footnotes":""},"categories":[717,648],"tags":[24,105,389,147,388,585,386,443,364,353,346,586,279,446,15],"class_list":["post-6419","post","type-post","status-publish","format-standard","has-post-thumbnail","hentry","category-sante-1-3-ans","category-1-3-ans","tag-1-3-ans","tag-12-13-mois","tag-13-18-mois","tag-18-19-mois","tag-19-24-mois","tag-24-25-mois","tag-25-30-mois","tag-3-7-ans","tag-31-32-mois","tag-33-34-mois","tag-35-36-mois","tag-dys","tag-enfant","tag-neurodeveloppement","tag-premium"],"acf":{"prestation_table":"","technical_table":"","nom_professionnel":"","numero_telephone":"","convention_cas":"","contrat_acces_aux_soins":"","sesam_vitale":"","coordonnees":"","adresse":"","profession":"","numero_rpps":"","profession_description":"","commune":"","departement":"","prenom":"","origine":"","date_fete":"","signification_etymologie":"","histoire_origine_prenom":"","personne_celebre":"","age_moyen":"","prenoms_derives":"","prenoms_composes":"","naissances_2024":"","genre":"","prenoms_taxonomy":"","region_stats":"","evolution_naissances":""},"taxonomy_info":{"category":[{"value":717,"label":"Sant\u00e9"},{"value":648,"label":"1-3 ans"}],"post_tag":[{"value":24,"label":"1-3 ans"},{"value":105,"label":"12-13 mois"},{"value":389,"label":"13-18 mois"},{"value":147,"label":"18-19 mois"},{"value":388,"label":"19-24 mois"},{"value":585,"label":"24-25 mois"},{"value":386,"label":"25-30 mois"},{"value":443,"label":"3-7 ans"},{"value":364,"label":"31-32 mois"},{"value":353,"label":"33-34 mois"},{"value":346,"label":"35-36 mois"},{"value":586,"label":"dys"},{"value":279,"label":"Enfant"},{"value":446,"label":"neurod\u00e9veloppement"},{"value":15,"label":"premium"}]},"featured_image_src_large":["https:\/\/heloa.app\/wp-content\/uploads\/2024\/09\/photo-1608762202130-36436df91cf0-1-1024x732.jpg",1024,732,true],"author_info":{"display_name":"Heloa","author_link":"https:\/\/heloa.app\/fr\/author\/expert-heloa"},"comment_info":0,"category_info":[{"term_id":717,"name":"Sant\u00e9","slug":"sante-1-3-ans","term_group":0,"term_taxonomy_id":717,"taxonomy":"category","description":"","parent":648,"count":29,"filter":"raw","cat_ID":717,"category_count":29,"category_description":"","cat_name":"Sant\u00e9","category_nicename":"sante-1-3-ans","category_parent":648},{"term_id":648,"name":"1-3 ans","slug":"1-3-ans","term_group":0,"term_taxonomy_id":648,"taxonomy":"category","description":"Entre 1 et 3 ans votre enfant va d\u00e9couvrir pleins de chose : la garderie, l'entr\u00e9e \u00e0 l'\u00e9cole, la lecture et le d\u00e9veloppement du langage, la vie en famille, les r\u00e8gles, apprendre \u00e0 jouer avec d'autres enfants. Soyez pr\u00e9sent \u00e0 ses c\u00f4t\u00e9s.","parent":0,"count":98,"filter":"raw","cat_ID":648,"category_count":98,"category_description":"Entre 1 et 3 ans votre enfant va d\u00e9couvrir pleins de chose : la garderie, l'entr\u00e9e \u00e0 l'\u00e9cole, la lecture et le d\u00e9veloppement du langage, la vie en famille, les r\u00e8gles, apprendre \u00e0 jouer avec d'autres enfants. Soyez pr\u00e9sent \u00e0 ses c\u00f4t\u00e9s.","cat_name":"1-3 ans","category_nicename":"1-3-ans","category_parent":0}],"tag_info":[{"term_id":24,"name":"1-3 ans","slug":"1-3-ans","term_group":0,"term_taxonomy_id":24,"taxonomy":"post_tag","description":"","parent":0,"count":36,"filter":"raw"},{"term_id":105,"name":"12-13 mois","slug":"12-13-mois","term_group":0,"term_taxonomy_id":105,"taxonomy":"post_tag","description":"","parent":0,"count":2,"filter":"raw"},{"term_id":389,"name":"13-18 mois","slug":"13-18-mois","term_group":0,"term_taxonomy_id":389,"taxonomy":"post_tag","description":"","parent":0,"count":2,"filter":"raw"},{"term_id":147,"name":"18-19 mois","slug":"18-19-mois","term_group":0,"term_taxonomy_id":147,"taxonomy":"post_tag","description":"","parent":0,"count":2,"filter":"raw"},{"term_id":388,"name":"19-24 mois","slug":"19-24-mois","term_group":0,"term_taxonomy_id":388,"taxonomy":"post_tag","description":"","parent":0,"count":2,"filter":"raw"},{"term_id":585,"name":"24-25 mois","slug":"24-25-mois","term_group":0,"term_taxonomy_id":585,"taxonomy":"post_tag","description":"","parent":0,"count":1,"filter":"raw"},{"term_id":386,"name":"25-30 mois","slug":"25-30-mois","term_group":0,"term_taxonomy_id":386,"taxonomy":"post_tag","description":"","parent":0,"count":2,"filter":"raw"},{"term_id":443,"name":"3-7 ans","slug":"3-7-ans","term_group":0,"term_taxonomy_id":443,"taxonomy":"post_tag","description":"","parent":0,"count":32,"filter":"raw"},{"term_id":364,"name":"31-32 mois","slug":"31-32-mois","term_group":0,"term_taxonomy_id":364,"taxonomy":"post_tag","description":"","parent":0,"count":2,"filter":"raw"},{"term_id":353,"name":"33-34 mois","slug":"33-34-mois","term_group":0,"term_taxonomy_id":353,"taxonomy":"post_tag","description":"","parent":0,"count":2,"filter":"raw"},{"term_id":346,"name":"35-36 mois","slug":"35-36-mois","term_group":0,"term_taxonomy_id":346,"taxonomy":"post_tag","description":"","parent":0,"count":2,"filter":"raw"},{"term_id":586,"name":"dys","slug":"dys","term_group":0,"term_taxonomy_id":586,"taxonomy":"post_tag","description":"","parent":0,"count":5,"filter":"raw"},{"term_id":279,"name":"Enfant","slug":"enfant","term_group":0,"term_taxonomy_id":279,"taxonomy":"post_tag","description":"","parent":0,"count":47,"filter":"raw"},{"term_id":446,"name":"neurod\u00e9veloppement","slug":"neurodeveloppement","term_group":0,"term_taxonomy_id":446,"taxonomy":"post_tag","description":"","parent":0,"count":6,"filter":"raw"},{"term_id":15,"name":"premium","slug":"premium","term_group":0,"term_taxonomy_id":15,"taxonomy":"post_tag","description":"","parent":0,"count":134,"filter":"raw"}],"_links":{"self":[{"href":"https:\/\/heloa.app\/fr\/wp-json\/wp\/v2\/posts\/6419","targetHints":{"allow":["GET"]}}],"collection":[{"href":"https:\/\/heloa.app\/fr\/wp-json\/wp\/v2\/posts"}],"about":[{"href":"https:\/\/heloa.app\/fr\/wp-json\/wp\/v2\/types\/post"}],"author":[{"embeddable":true,"href":"https:\/\/heloa.app\/fr\/wp-json\/wp\/v2\/users\/4"}],"replies":[{"embeddable":true,"href":"https:\/\/heloa.app\/fr\/wp-json\/wp\/v2\/comments?post=6419"}],"version-history":[{"count":2,"href":"https:\/\/heloa.app\/fr\/wp-json\/wp\/v2\/posts\/6419\/revisions"}],"predecessor-version":[{"id":88632,"href":"https:\/\/heloa.app\/fr\/wp-json\/wp\/v2\/posts\/6419\/revisions\/88632"}],"wp:featuredmedia":[{"embeddable":true,"href":"https:\/\/heloa.app\/fr\/wp-json\/wp\/v2\/media\/5743"}],"wp:attachment":[{"href":"https:\/\/heloa.app\/fr\/wp-json\/wp\/v2\/media?parent=6419"}],"wp:term":[{"taxonomy":"category","embeddable":true,"href":"https:\/\/heloa.app\/fr\/wp-json\/wp\/v2\/categories?post=6419"},{"taxonomy":"post_tag","embeddable":true,"href":"https:\/\/heloa.app\/fr\/wp-json\/wp\/v2\/tags?post=6419"}],"curies":[{"name":"wp","href":"https:\/\/api.w.org\/{rel}","templated":true}]}}