{"id":6296,"date":"2024-06-04T23:51:00","date_gmt":"2024-06-04T23:51:00","guid":{"rendered":"https:\/\/heloa.app\/blog\/non-classe\/prevention-mort-subite-nourrisson"},"modified":"2024-06-04T23:51:00","modified_gmt":"2024-06-04T23:51:00","slug":"prevention-mort-subite-nourrisson","status":"publish","type":"post","link":"https:\/\/heloa.app\/fr\/blog\/0-12-mois\/sante\/prevention-mort-subite-nourrisson","title":{"rendered":"Mort inattendue du nourrisson"},"content":{"rendered":"<h2 id=\"comprendre-le-sujet-et-appliquer-les-gestes-de-pr%C3%A9vention\">Comprendre le sujet et appliquer les gestes de pr\u00e9vention<\/h2><p>Voici un sujet qui, bien s\u00fbr, constitue pour de nombreux jeunes parents une r\u00e9elle source d\u2019angoisse. Car chaque parent sait, conna\u00eet ou a entendu parler de la mort subite du nourrisson. Quel que soit le nombre d\u2019enfants de la fratrie d\u00e9j\u00e0 pr\u00e9sents, tout nouveau-n\u00e9 qui arrive dans une famille est d\u00e9sormais un nouveau sujet de bonheur, d\u2019amour, d\u2019attention&#8230; Mais aussi de manque de sommeil, de surveillance permanente, de petits maux, de petites maladies et d\u2019inqui\u00e9tude. Et tout cela est bien normal ! Mais il reste CE sujet angoissant, ce drame que chaque parent redoute entre tous.<\/p><h2 id=\"de-nombreux-progr%C3%A8s-au-cours-des-derni%C3%A8res-d%C3%A9cennies\">De nombreux progr\u00e8s au cours des derni\u00e8res d\u00e9cennies<\/h2><p>En 30 ans, gr\u00e2ce \u00e0 la recherche et aux \u00e9tudes men\u00e9es en collaboration avec les parents et familles endeuill\u00e9s, les progr\u00e8s sont rassurants. En effet, certains gestes simples de pr\u00e9vention ont permis de faire diminuer consid\u00e9rablement ces d\u00e9c\u00e8s inattendus.<\/p><p>En France, dans les ann\u00e9es 1990, les morts subites de nourrissons concernaient environ 1 500 b\u00e9b\u00e9s par an sur 762 000 naissances. En 2019, on n\u2019en a plus d\u00e9plor\u00e9 \u00ab que \u00bb 400 pour 753 000 naissances.<\/p><p>Les \u00e9tudes ont amplement d\u00e9montr\u00e9 que certains gestes et attitudes du quotidien, ou certaines modifications de \u00ab vieilles \u00bb habitudes ancestrales et\/ou familiales, ont pu r\u00e9duire ce risque. Ces gestes sont donc parvenus \u00e0 limiter le nombre de nourrissons concern\u00e9s.<\/p><p>Le nombre de d\u00e9c\u00e8s a donc \u00e9t\u00e9 divis\u00e9 par 3 en 30 ans gr\u00e2ce aux campagnes de pr\u00e9vention, aux s\u00e9ances de <a href=\"https:\/\/heloa.app\/fr\/blog\/grossesse\/accouchement\/choisir-technique-preparation-naissance\">pr\u00e9paration \u00e0 la naissance<\/a> dispens\u00e9es par les sages-femmes et aux s\u00e9ances d\u2019information dans les maternit\u00e9s. Et bien s\u00fbr gr\u00e2ce \u00e0 chaque parent ayant suivi ces recommandations afin d\u2019\u00e9viter ce drame. Les chiffres sont l\u00e0 pour prouver l\u2019efficacit\u00e9 de la pr\u00e9vention et de l\u2019application de ces recommandations simples !<\/p><h2 id=\"alors-qu%E2%80%99est-ce-que-la-mort-subite-du-nourrisson\">Alors qu\u2019est-ce que la mort subite du nourrisson&nbsp;?<\/h2><p>Il s\u2019agit d\u2019un tr\u00e8s jeune enfant (nourrisson le plus souvent) qui est retrouv\u00e9 sans vie dans son lit. Les b\u00e9b\u00e9s concern\u00e9s ont g\u00e9n\u00e9ralement entre 2 et 6 mois, et la plupart du temps moins de 18 mois. Certains <a href=\"https:\/\/heloa.app\/fr\/blog\/parents\/sante\/pediatre-role-expertise-conseils\">p\u00e9diatres<\/a> ou centres d\u2019\u00e9tudes et de recherches prolongent ce d\u00e9lai de risque jusqu\u2019\u00e0 3 ans.<\/p><p>Pendant son sommeil, l\u2019enfant cesse de respirer, sans cause m\u00e9dicale apparente ou suspect\u00e9e. Une autopsie, propos\u00e9e aux parents, ne permettra de retrouver aucune anomalie ou malformation.<\/p><p>Ce d\u00e9c\u00e8s est inattendu car il concerne un enfant en pleine sant\u00e9, de poids normal, n\u00e9 \u00e0 terme ou dans les 1 \u00e0 4 semaines pr\u00e9c\u00e9dant la date pr\u00e9vue, apr\u00e8s une naissance sans complication et sans infection. Pendant la grossesse, aucune pathologie maternelle et\/ou f\u0153tale ni malformation \u00e9chographique apparente n\u2019ont \u00e9t\u00e9 constat\u00e9es.<\/p><p>Les examens effectu\u00e9s avec l\u2019accord des parents suite au d\u00e9c\u00e8s de leur enfant, esp\u00e9rant malgr\u00e9 tout comprendre et retrouver une cause, demeurent h\u00e9las souvent sans r\u00e9ponse. Et si une cause est en d\u00e9finitive retrouv\u00e9e (malformation cardiaque ou pulmonaire pass\u00e9es inaper\u00e7ues aux \u00e9chographies, infections n\u00e9onatales, anomalies g\u00e9n\u00e9tiques), alors il ne s\u2019agit plus d\u2019une mort subite.<\/p><h2 id=\"quelles-sont-les-causes-%C3%A9ventuelles-et-les-pistes-d%E2%80%99%C3%A9tudes-actuelles\">Quelles sont les causes \u00e9ventuelles et les pistes d\u2019\u00e9tudes actuelles ?<\/h2><p>Une immaturit\u00e9 d\u2019adaptation \u00e0 la vie extra-ut\u00e9rine ? Un dysfonctionnement des fonctions vitales ?  Un facteur g\u00e9n\u00e9tique de d\u00e9s\u00e9quilibre en s\u00e9rotonine ? Une pathologie de la fonction du nerf phr\u00e9nique (ce petit nerf qui parcourt le corps, occasionnant parfois hoquet et malaise) ?<\/p><p>Personne ne sait vraiment \u00e0 ce jour. Et beaucoup d\u2019\u00e9tudes sont toujours en cours pour tenter de trouver une explication familiale ou ethnique, une cause m\u00e9tabolique ou neurologique, un d\u00e9ficit de certaines fonctions vitales, une anomalie g\u00e9n\u00e9tique\u2026<\/p><p>Il est malheureusement impossible \u00e0 l\u2019heure actuelle de pr\u00e9voir ce drame. N\u00e9anmoins, on peut retrouver gr\u00e2ce aux \u00e9tudes men\u00e9es diff\u00e9rents \u00e9l\u00e9ments devant inciter \u00e0 la prudence et \u00e0 la mise en place syst\u00e9matique de gestes de pr\u00e9vention :<\/p><ul><li>Les gar\u00e7ons sont plus touch\u00e9s que les filles.<\/li><li>Les enfants d\u2019origine ethnique afro-am\u00e9ricaine ou am\u00e9rindienne sont plus fr\u00e9quemment touch\u00e9s que les enfants d\u2019origine caucasienne ou asiatique.<\/li><li>D\u2019autres \u00e9l\u00e9ments semblent \u00e9galement rep\u00e9r\u00e9s : un bas niveau socio-\u00e9conomique de la famille, un retard de croissance de l\u2019enfant durant la grossesse, un faible poids de naissance, une fratrie nombreuse, un \u00e2ge maternel inf\u00e9rieur \u00e0 20 ans, un tabagisme familial, l\u2019absence de succion du pouce, des doigts ou d\u2019une <a href=\"https:\/\/heloa.app\/fr\/blog\/1-3-ans\/sante\/la-tetine-bonne-ou-mauvaise-idee\">t\u00e9tine<\/a>\u2026<\/li><\/ul><p>Il est donc clairement \u00e9tabli que certaines conditions environnementales de l\u2019enfant pourraient permettre de diminuer les risques et donc le nombre de d\u00e9c\u00e8s. Pour autant, la plupart de ces facteurs environnementaux n\u2019ont pas de solution possible.<\/p><h2 id=\"comment-%C3%A9viter-la-mort-subite-du-nourrisson\">Comment \u00e9viter la mort subite du nourrisson ?<\/h2><p>Les recommandations actuelles sur ce sujet sont tr\u00e8s vari\u00e9es. Voici une liste, certainement non exhaustive, avec quelques explications :<\/p><p>Un tout petit enfant doit dormir dans son lit, \u00e0 plat et sur le dos. Son matelas doit \u00eatre ferme et adapt\u00e9 aux dimensions du lit. Il faut \u00e9viter les oreillers anti-t\u00eate plate, les oreillers classiques, les couettes ou draps et surtout les tours de lit. Ceux-ci sont certes tr\u00e8s jolis mais dangereux car le b\u00e9b\u00e9 risque de glisser dessous, et ils emp\u00eachent une bonne circulation de l\u2019air au niveau du visage. Toutes ces recommandations sont valables jusqu\u2019\u00e0 3 ans !<\/p><p>Si l\u2019on \u00e9coute nos m\u00e8res et nos grands-m\u00e8res, un nouveau-n\u00e9 dort mieux sur le ventre. D\u2019ailleurs, nous sommes nombreux \u00e0 avoir dormi sur le ventre \u00e9tant nourrissons\u2026 C\u2019est vrai : la position sur le ventre en \u00ab grenouille \u00bb limite les d\u00e9sagr\u00e9ments intestinaux et rassure les tout-petits. MAIS cette position a \u00e9t\u00e9 maintes fois retrouv\u00e9e dans les cas de mort subite. Le changement de la position ventrale de sommeil pour la position sur le c\u00f4t\u00e9 puis sur le dos a fait nettement reculer le nombre de d\u00e9c\u00e8s en 30 ans\u2026 Cela semble donc \u00eatre le facteur n\u00b01 de pr\u00e9vention \u00e0 adopter, n\u2019en d\u00e9plaise \u00e0 nos grands-mamans.<\/p><p>La succion d\u2019une t\u00e9tine, du pouce ou d\u2019un doigt peut elle aussi lui permettre de trouver ou retrouver plus facilement son sommeil. Le m\u00e9canisme de succion semble \u00e9galement permettre de limiter les risques.<\/p><p>Il est conseill\u00e9 de faire dormir b\u00e9b\u00e9 dans la chambre parentale jusqu\u2019<a href=\"https:\/\/heloa.app\/fr\/blog\/0-12-mois\/developpement\/bebe-6-mois\">\u00e0 6 mois<\/a> environ, mais pas dans le lit des parents (risques de chute du lit et d\u2019\u00e9touffement entre les deux parents ou sous la couette). Il faut bien l\u2019avouer, faire une sieste avec son b\u00e9b\u00e9 sur le canap\u00e9 ou dans le lit est tentant&#8230; D\u2019autant plus que les nuits sont parfois courtes et que le b\u00e9b\u00e9 est toujours plus paisible quand il reste au contact de ses parents ! <\/p><p>Il semble que la pr\u00e9sence des parents dans la m\u00eame chambre soit importante pour que l\u2019enfant entende et suive la respiration des adultes, et \u00e9vite ainsi les apn\u00e9es du sommeil.<\/p><p>Le \u00ab cododo \u00bb (tr\u00e8s tendance !) se fait dans un berceau adapt\u00e9 aux nouveau-n\u00e9s et accol\u00e9 au lit des parents. Le b\u00e9b\u00e9 ne partage donc pas le lit de ses parents.<\/p><p>L\u2019enfant peut se reposer mais ne doit pas dormir tr\u00e8s longtemps (toute une nuit par exemple) dans un transat, un cocoonababy (matelas en forme de cocon) ou un r\u00e9ducteur de lit. C\u2019est possible uniquement s\u2019il est sous la surveillance attentive de ses parents, par exemple pendant leur repas. La position arrondie t\u00eate pench\u00e9e en avant, comme en position de f\u0153tus, am\u00e9liore certes le sommeil des petits mais augmente le risque de suffocation et de blocage des voies a\u00e9riennes.<\/p><p>Bien s\u00fbr, il faut \u00e9viter de fumer pendant la grossesse ou en pr\u00e9sence de b\u00e9b\u00e9. Cela permet d\u2019\u00e9viter la mort subite certes, mais aussi de limiter les faibles poids de naissance, les fragilit\u00e9s de sant\u00e9, l\u2019asthme et autres infections ORL de la petite enfance.<\/p><p>L\u2019alcool ou les drogues peuvent aussi \u00eatre n\u00e9fastes par la somnolence qu\u2019elles induisent chez le b\u00e9b\u00e9 (en cas d\u2019allaitement maternel) ou par les attitudes dangereuses des parents sous emprise. Ces substances peuvent entra\u00eener manque de r\u00e9activit\u00e9, \u00e9touffement ou chute.<\/p><p>La temp\u00e9rature de la chambre de b\u00e9b\u00e9 doit \u00eatre de 18 \u00e0 20 degr\u00e9s l\u2019hiver si possible. Il faut adapter sa tenue vestimentaire (turbulette ou gigoteuse pour dormir et \u00e9ventuellement chaussettes, gilet et bonnet si besoin). Pour lui, la r\u00e8gle est toujours une \u00e9paisseur de plus que pour les adultes. L\u2019\u00e9t\u00e9, nous sommes d\u00e9pendants de la m\u00e9t\u00e9o mais il n\u2019est pas conseill\u00e9 d\u2019utiliser un climatiseur ou ventilateur. Lors des fortes chaleurs, il vaut mieux d\u00e9shabiller l\u2019enfant, le baigner pour le rafra\u00eechir et le faire dormir en couche avec un simple body. Et n\u2019h\u00e9sitez pas \u00e0 lui proposer fr\u00e9quemment de l\u2019eau ou des tisanes entre ses repas.<\/p><figure class=\"kg-card kg-embed-card kg-card-hascaption\"><iframe loading=\"lazy\" width=\"200\" height=\"113\" src=\"https:\/\/www.youtube.com\/embed\/K7rcnilNBdw?feature=oembed\" frameborder=\"0\" allow=\"accelerometer; autoplay; clipboard-write; encrypted-media; gyroscope; picture-in-picture; web-share\" referrerpolicy=\"strict-origin-when-cross-origin\" allowfullscreen=\"\" title=\"Mort subite du nourrisson : 3 mesures \u00e0 prendre pour le prot\u00e9ger\"><\/iframe><figcaption><p><span style=\"white-space: pre-wrap;\">Comment \u00e9viter la mort subite du nourisson ?<\/span><\/p><\/figcaption><\/figure><p>Florence GENETAY-BLUM &#8211; Sage-femme lib\u00e9rale (Paris)<\/p>","protected":false},"excerpt":{"rendered":"<p>Comprendre le sujet et appliquer les gestes de pr\u00e9ventionVoici un sujet qui, bien s\u00fbr, constitue pour de nombreux&#8230;<\/p>\n","protected":false},"author":4,"featured_media":5615,"comment_status":"open","ping_status":"open","sticky":false,"template":"","format":"standard","meta":{"_acf_changed":false,"_kad_blocks_custom_css":"","_kad_blocks_head_custom_js":"","_kad_blocks_body_custom_js":"","_kad_blocks_footer_custom_js":"","_kad_post_transparent":"","_kad_post_title":"","_kad_post_layout":"","_kad_post_sidebar_id":"","_kad_post_content_style":"","_kad_post_vertical_padding":"","_kad_post_feature":"","_kad_post_feature_position":"","_kad_post_header":false,"_kad_post_footer":false,"_kad_post_classname":"","rank_math_title":"Mort inattendue du nourrisson","rank_math_description":"Informez-vous sur la mort inattendue du nourrisson. Comprenez les facteurs de risque, les pr\u00e9cautions \u00e0 prendre et les mesures de pr\u00e9vention pour prot\u00e9ger votre b\u00e9b\u00e9.","rank_math_focus_keyword":"mort subite du nourrisson","rank_math_primary_category":654,"ilj_linkdefinition":["mort subite du nourrisson","mort inattendue du nourrisson"],"footnotes":""},"categories":[654,646],"tags":[8,22,476,474],"class_list":["post-6296","post","type-post","status-publish","format-standard","has-post-thumbnail","hentry","category-sante","category-0-12-mois","tag-nl","tag-0-12-mois","tag-florence-genetay-blum","tag-prevention"],"acf":{"prestation_table":"","technical_table":"","nom_professionnel":"","numero_telephone":"","convention_cas":"","contrat_acces_aux_soins":"","sesam_vitale":"","coordonnees":"","adresse":"","profession":"","numero_rpps":"","profession_description":"","commune":"","departement":"","prenom":"","origine":"","date_fete":"","signification_etymologie":"","histoire_origine_prenom":"","personne_celebre":"","age_moyen":"","prenoms_derives":"","prenoms_composes":"","naissances_2024":"","genre":"","prenoms_taxonomy":"","region_stats":"","evolution_naissances":""},"taxonomy_info":{"category":[{"value":654,"label":"Sant\u00e9"},{"value":646,"label":"0-12 mois"}],"post_tag":[{"value":8,"label":"#nl"},{"value":22,"label":"0-12 mois"},{"value":476,"label":"Florence Genetay-Blum"},{"value":474,"label":"Pr\u00e9vention"}]},"featured_image_src_large":["https:\/\/heloa.app\/wp-content\/uploads\/2024\/09\/photo-1510154221590-ff63e90a136f-9-1024x682.jpg",1024,682,true],"author_info":{"display_name":"Heloa","author_link":"https:\/\/heloa.app\/fr\/author\/expert-heloa"},"comment_info":0,"category_info":[{"term_id":654,"name":"Sant\u00e9","slug":"sante","term_group":0,"term_taxonomy_id":654,"taxonomy":"category","description":"","parent":646,"count":149,"filter":"raw","cat_ID":654,"category_count":149,"category_description":"","cat_name":"Sant\u00e9","category_nicename":"sante","category_parent":646},{"term_id":646,"name":"0-12 mois","slug":"0-12-mois","term_group":0,"term_taxonomy_id":646,"taxonomy":"category","description":"Comprenez le d\u00e9veloppement de votre b\u00e9b\u00e9 qui \u00e9volue de 0 \u00e0 12 mois. Sourire, vous faire coucou, apprendre \u00e0 parler, \u00e0 marcher, manger seul, l'accompagner dans la gestion de ses \u00e9motions, on vous explique tout.","parent":0,"count":305,"filter":"raw","cat_ID":646,"category_count":305,"category_description":"Comprenez le d\u00e9veloppement de votre b\u00e9b\u00e9 qui \u00e9volue de 0 \u00e0 12 mois. Sourire, vous faire coucou, apprendre \u00e0 parler, \u00e0 marcher, manger seul, l'accompagner dans la gestion de ses \u00e9motions, on vous explique tout.","cat_name":"0-12 mois","category_nicename":"0-12-mois","category_parent":0}],"tag_info":[{"term_id":8,"name":"#nl","slug":"nl","term_group":0,"term_taxonomy_id":8,"taxonomy":"post_tag","description":"","parent":0,"count":74,"filter":"raw"},{"term_id":22,"name":"0-12 mois","slug":"0-12-mois","term_group":0,"term_taxonomy_id":22,"taxonomy":"post_tag","description":"","parent":0,"count":73,"filter":"raw"},{"term_id":476,"name":"Florence Genetay-Blum","slug":"florence-genetay-blum","term_group":0,"term_taxonomy_id":476,"taxonomy":"post_tag","description":"","parent":0,"count":1,"filter":"raw"},{"term_id":474,"name":"Pr\u00e9vention","slug":"prevention","term_group":0,"term_taxonomy_id":474,"taxonomy":"post_tag","description":"","parent":0,"count":2,"filter":"raw"}],"_links":{"self":[{"href":"https:\/\/heloa.app\/fr\/wp-json\/wp\/v2\/posts\/6296","targetHints":{"allow":["GET"]}}],"collection":[{"href":"https:\/\/heloa.app\/fr\/wp-json\/wp\/v2\/posts"}],"about":[{"href":"https:\/\/heloa.app\/fr\/wp-json\/wp\/v2\/types\/post"}],"author":[{"embeddable":true,"href":"https:\/\/heloa.app\/fr\/wp-json\/wp\/v2\/users\/4"}],"replies":[{"embeddable":true,"href":"https:\/\/heloa.app\/fr\/wp-json\/wp\/v2\/comments?post=6296"}],"version-history":[{"count":0,"href":"https:\/\/heloa.app\/fr\/wp-json\/wp\/v2\/posts\/6296\/revisions"}],"wp:featuredmedia":[{"embeddable":true,"href":"https:\/\/heloa.app\/fr\/wp-json\/wp\/v2\/media\/5615"}],"wp:attachment":[{"href":"https:\/\/heloa.app\/fr\/wp-json\/wp\/v2\/media?parent=6296"}],"wp:term":[{"taxonomy":"category","embeddable":true,"href":"https:\/\/heloa.app\/fr\/wp-json\/wp\/v2\/categories?post=6296"},{"taxonomy":"post_tag","embeddable":true,"href":"https:\/\/heloa.app\/fr\/wp-json\/wp\/v2\/tags?post=6296"}],"curies":[{"name":"wp","href":"https:\/\/api.w.org\/{rel}","templated":true}]}}