{"id":6291,"date":"2021-10-25T15:23:12","date_gmt":"2021-10-25T15:23:12","guid":{"rendered":"https:\/\/heloa.app\/blog\/non-classe\/quand-et-comment-peut-on-confier-son-enfant"},"modified":"2024-09-10T06:35:58","modified_gmt":"2024-09-10T04:35:58","slug":"quand-et-comment-peut-on-confier-son-enfant","status":"publish","type":"post","link":"https:\/\/heloa.app\/fr\/blog\/parents\/vie-quotidienne\/quand-et-comment-peut-on-confier-son-enfant","title":{"rendered":"Quand et comment peut-on confier son enfant ?"},"content":{"rendered":"<h2 id=\"y-a-t-il-un-%C3%A2ge-id%C3%A9al-pour-commencer-%C3%A0-confier-son-b%C3%A9b%C3%A9\">Y a-t-il un \u00e2ge id\u00e9al pour commencer \u00e0 confier son b\u00e9b\u00e9 ?<\/h2><p>Vous pouvez commencer \u00e0 confier votre b\u00e9b\u00e9 vers l\u2019\u00e2ge de 3 ou 4 mois, ce qui correspond \u00e0 la fin du cong\u00e9 de <a href=\"https:\/\/heloa.app\/fr\/blog\/grossesse\/accouchement\/quand-partir-pour-la-maternite\">maternit\u00e9<\/a>.<\/p><p>Sachez que vers l\u2019\u00e2ge de 8 mois, votre b\u00e9b\u00e9 aura peut-\u00eatre plus de difficult\u00e9s \u00e0 s\u2019adapter. Cette p\u00e9riode est un \u00e2ge sensible, marqu\u00e9 fr\u00e9quemment par l\u2019<a href=\"https:\/\/heloa.app\/fr\/blog\/0-12-mois\/developpement\/nl-8-mois-ramper-explorer-coleres\">angoisse de la s\u00e9paration<\/a> d\u2019avec la m\u00e8re et la crainte des nouveaux visages. Mais pas d\u2019inqui\u00e9tude : c\u2019est une \u00e9tape normale dans le d\u00e9veloppement de votre enfant.<\/p><h2 id=\"comment-bien-pr%C3%A9parer-la-s%C3%A9paration-avec-votre-enfant\">Comment bien pr\u00e9parer la s\u00e9paration avec votre enfant ?<\/h2><p>Afin de vous habituer \u00e0 ces moments de s\u00e9paration, vous pouvez commencer \u00e0 confier votre enfant \u00e0 des proches de votre entourage qu\u2019il conna\u00eet d\u00e9j\u00e0. Commencez par le laisser quelques heures en augmentant le temps progressivement : cela vous permettra de vous s\u00e9parer l\u2019un de l\u2019autre en douceur.<\/p><p>Il est important de lui laisser un objet dit \u00ab transitionnel \u00bb. Il s\u2019agit d\u2019un objet connu et ch\u00e9ri de votre b\u00e9b\u00e9, qu\u2019il a en permanence \u00e0 ses c\u00f4t\u00e9s et qui porte votre odeur. Cet objet peut \u00eatre un doudou, un lange ou un tee-shirt que vous aurez port\u00e9 au pr\u00e9alable. Il a pour but de rassurer votre enfant lors de votre absence. Il est important que cet objet fasse la transition maison-lieu de garde \u00e0 chaque s\u00e9paration.<\/p><h2 id=\"astuces-pour-une-s%C3%A9paration-sereine\">Astuces pour une s\u00e9paration sereine<\/h2><p>Pour une s\u00e9paration sereine :<\/p><ul><li>Ayez confiance en la structure d\u2019accueil ou la personne \u00e0 qui vous confiez votre b\u00e9b\u00e9. Si c\u2019est une personne proche de vous et que vous connaissez bien, c\u2019est sans doute plus simple pour commencer. Mais s\u2019il s\u2019agit d\u2019une structure d\u2019accueil, le mieux est de vous renseigner en amont. V\u00e9rifiez les r\u00e9f\u00e9rences, visitez les lieux, demandez le d\u00e9roulement d\u2019une journ\u00e9e et posez toutes les questions qui vous tracassent.<br><\/li><li>Parlez \u00e0 votre enfant, expliquez-lui la situation ; m\u00eame s\u2019il est tout petit, vos paroles vont le r\u00e9conforter. Par exemple : \u00ab Je dois reprendre mon travail, pendant ce temps-l\u00e0 tu resteras \u00e0 la cr\u00e8che \/ chez la nounou, on va bien s\u2019occuper de toi. Ne t\u2019inqui\u00e8te pas, je reviendrai te chercher en fin de journ\u00e9e \u00bb.  N\u2019h\u00e9sitez pas \u00e0 mettre aussi des mots sur vos \u00e9motions.  <br><\/li><li>Il est important que vous expliquiez aux personnes qui vont garder votre enfant ses habitudes, ses heures de repas et de sommeil, ses rituels d\u2019endormissement, les jeux qu\u2019il aime, comment le consoler\u2026 Tous les b\u00e9b\u00e9s ne sont pas identiques, n\u2019ayez pas peur de donner des informations aux personnes qui seront responsables du v\u00f4tre !<br><\/li><li>Votre enfant risque de r\u00e9agir \u00e0 la s\u00e9paration. Il faut accepter ses r\u00e9actions qui sont tout \u00e0 fait normales et montrent \u00e0 quel point vous avez de l&rsquo;importance pour lui. Il peut vous \u00ab faire la t\u00eate \u00bb, mais rassurez-vous, cela ne dure pas tr\u00e8s longtemps !<br><\/li><\/ul><h2 id=\"%C3%A0-ne-pas-faire\">\u00c0 ne pas faire :<\/h2><ul><li>Partir \u00e0 la sauvette : on esp\u00e8re souvent, en filant \u00e0 l\u2019anglaise, \u00e9viter de faire pleurer son b\u00e9b\u00e9. C\u2019est tout le contraire qui va se passer ! Il est primordial de lui dire au revoir, en insistant bien sur le fait que vous allez revenir le chercher.<\/li><li>Revenir sur ses pas en l\u2019entendant ou en le voyant pleurer. Votre b\u00e9b\u00e9 va vite se calmer d\u00e8s que vous aurez le dos tourn\u00e9, alors qu\u2019un faux d\u00e9part risque de le perturber.<\/li><\/ul>","protected":false},"excerpt":{"rendered":"<p>Vous pouvez commencer \u00e0 confier votre b\u00e9b\u00e9 vers l\u2019\u00e2ge de 3 ou 4 mois, ce qui correspond \u00e0 la fin du cong\u00e9 de maternit\u00e9.<\/p>\n","protected":false},"author":4,"featured_media":5610,"comment_status":"open","ping_status":"open","sticky":false,"template":"","format":"standard","meta":{"_acf_changed":false,"_kad_blocks_custom_css":"","_kad_blocks_head_custom_js":"","_kad_blocks_body_custom_js":"","_kad_blocks_footer_custom_js":"","_kad_post_transparent":"","_kad_post_title":"","_kad_post_layout":"","_kad_post_sidebar_id":"","_kad_post_content_style":"","_kad_post_vertical_padding":"","_kad_post_feature":"","_kad_post_feature_position":"","_kad_post_header":false,"_kad_post_footer":false,"_kad_post_classname":"","rank_math_title":"Confier son enfant : Quand et comment le faire ?","rank_math_description":"D\u00e9couvrez quand et comment confier votre enfant en toute s\u00e9curit\u00e9 et s\u00e9r\u00e9nit\u00e9.","rank_math_focus_keyword":"confiance enfant","rank_math_primary_category":699,"ilj_linkdefinition":["confier son enfant"],"footnotes":""},"categories":[699,651],"tags":[57,66,41,466,15,59],"class_list":["post-6291","post","type-post","status-publish","format-standard","has-post-thumbnail","hentry","category-vie-quotidienne","category-parents","tag-everyday_life","tag-0-6mois","tag-malo-pour-les-parents","tag-melinda-dekerle","tag-premium","tag-vie-quotidienne"],"acf":{"prestation_table":"","technical_table":"","nom_professionnel":"","numero_telephone":"","convention_cas":"","contrat_acces_aux_soins":"","sesam_vitale":"","coordonnees":"","adresse":"","profession":"","numero_rpps":"","profession_description":"","commune":"","departement":"","prenom":"","origine":"","date_fete":"","signification_etymologie":"","histoire_origine_prenom":"","personne_celebre":"","age_moyen":"","prenoms_derives":"","prenoms_composes":"","naissances_2024":"","genre":"","prenoms_taxonomy":"","region_stats":"","evolution_naissances":""},"taxonomy_info":{"category":[{"value":699,"label":"Vie quotidienne"},{"value":651,"label":"Parents"}],"post_tag":[{"value":57,"label":"#everyday_life"},{"value":66,"label":"0-6mois"},{"value":41,"label":"malo pour les parents"},{"value":466,"label":"Melinda Dekerle"},{"value":15,"label":"premium"},{"value":59,"label":"vie quotidienne"}]},"featured_image_src_large":["https:\/\/heloa.app\/wp-content\/uploads\/2024\/09\/photo-1609220136736-443140cffec6-9-1024x683.jpg",1024,683,true],"author_info":{"display_name":"Heloa","author_link":"https:\/\/heloa.app\/fr\/author\/expert-heloa"},"comment_info":0,"category_info":[{"term_id":699,"name":"Vie quotidienne","slug":"vie-quotidienne","term_group":0,"term_taxonomy_id":699,"taxonomy":"category","description":"","parent":651,"count":34,"filter":"raw","cat_ID":699,"category_count":34,"category_description":"","cat_name":"Vie quotidienne","category_nicename":"vie-quotidienne","category_parent":651},{"term_id":651,"name":"Parents","slug":"parents","term_group":0,"term_taxonomy_id":651,"taxonomy":"category","description":"Apr\u00e8s l'arriv\u00e9e d\u2019un enfant, il est normal qu'en tant que parent vous vous sentiez d\u00e9pass\u00e9 : de nouvelles responsabilit\u00e9s, un manque de sommeil, les \u00e9motions qui font les montagnes russes. Les nouveaux parents ont besoin de soutien, on est la pour \u00e7a.","parent":0,"count":205,"filter":"raw","cat_ID":651,"category_count":205,"category_description":"Apr\u00e8s l'arriv\u00e9e d\u2019un enfant, il est normal qu'en tant que parent vous vous sentiez d\u00e9pass\u00e9 : de nouvelles responsabilit\u00e9s, un manque de sommeil, les \u00e9motions qui font les montagnes russes. Les nouveaux parents ont besoin de soutien, on est la pour \u00e7a.","cat_name":"Parents","category_nicename":"parents","category_parent":0}],"tag_info":[{"term_id":57,"name":"#everyday_life","slug":"everyday_life","term_group":0,"term_taxonomy_id":57,"taxonomy":"post_tag","description":"","parent":0,"count":30,"filter":"raw"},{"term_id":66,"name":"0-6mois","slug":"0-6mois","term_group":0,"term_taxonomy_id":66,"taxonomy":"post_tag","description":"","parent":0,"count":16,"filter":"raw"},{"term_id":41,"name":"malo pour les parents","slug":"malo-pour-les-parents","term_group":0,"term_taxonomy_id":41,"taxonomy":"post_tag","description":"","parent":0,"count":172,"filter":"raw"},{"term_id":466,"name":"Melinda Dekerle","slug":"melinda-dekerle","term_group":0,"term_taxonomy_id":466,"taxonomy":"post_tag","description":"","parent":0,"count":5,"filter":"raw"},{"term_id":15,"name":"premium","slug":"premium","term_group":0,"term_taxonomy_id":15,"taxonomy":"post_tag","description":"","parent":0,"count":134,"filter":"raw"},{"term_id":59,"name":"vie quotidienne","slug":"vie-quotidienne","term_group":0,"term_taxonomy_id":59,"taxonomy":"post_tag","description":"","parent":0,"count":34,"filter":"raw"}],"_links":{"self":[{"href":"https:\/\/heloa.app\/fr\/wp-json\/wp\/v2\/posts\/6291","targetHints":{"allow":["GET"]}}],"collection":[{"href":"https:\/\/heloa.app\/fr\/wp-json\/wp\/v2\/posts"}],"about":[{"href":"https:\/\/heloa.app\/fr\/wp-json\/wp\/v2\/types\/post"}],"author":[{"embeddable":true,"href":"https:\/\/heloa.app\/fr\/wp-json\/wp\/v2\/users\/4"}],"replies":[{"embeddable":true,"href":"https:\/\/heloa.app\/fr\/wp-json\/wp\/v2\/comments?post=6291"}],"version-history":[{"count":1,"href":"https:\/\/heloa.app\/fr\/wp-json\/wp\/v2\/posts\/6291\/revisions"}],"predecessor-version":[{"id":7140,"href":"https:\/\/heloa.app\/fr\/wp-json\/wp\/v2\/posts\/6291\/revisions\/7140"}],"wp:featuredmedia":[{"embeddable":true,"href":"https:\/\/heloa.app\/fr\/wp-json\/wp\/v2\/media\/5610"}],"wp:attachment":[{"href":"https:\/\/heloa.app\/fr\/wp-json\/wp\/v2\/media?parent=6291"}],"wp:term":[{"taxonomy":"category","embeddable":true,"href":"https:\/\/heloa.app\/fr\/wp-json\/wp\/v2\/categories?post=6291"},{"taxonomy":"post_tag","embeddable":true,"href":"https:\/\/heloa.app\/fr\/wp-json\/wp\/v2\/tags?post=6291"}],"curies":[{"name":"wp","href":"https:\/\/api.w.org\/{rel}","templated":true}]}}