{"id":5507,"date":"2021-09-29T07:58:28","date_gmt":"2021-09-29T07:58:28","guid":{"rendered":"https:\/\/heloa.app\/blog\/non-classe\/troubles-alimentaires-enfants-nutrition"},"modified":"2021-09-29T07:58:28","modified_gmt":"2021-09-29T07:58:28","slug":"troubles-alimentaires-enfants-nutrition","status":"publish","type":"post","link":"https:\/\/heloa.app\/fr\/blog\/3-5-ans\/sante\/troubles-alimentaires-enfants-nutrition","title":{"rendered":"TCA de l&rsquo;enfant"},"content":{"rendered":"<h2 id=\"comprendre-les-troubles-du-comportement-alimentaire-de-lenfant\">Comprendre les troubles du comportement alimentaire de l&rsquo;enfant<\/h2><p>Les troubles du comportement alimentaire doivent toujours \u00eatre abord\u00e9s d\u2019abord sous l\u2019angle somatique (relatif au corps). Il existe de nombreuses fonctions qui vont permettre la bonne absorption et utilisation du bol alimentaire.<\/p><p>Les raisons les plus fr\u00e9quentes des troubles du comportement alimentaire sont les reflux ou les <a href=\"https:\/\/heloa.app\/fr\/blog\/0-12-mois\/sante\/regurgitation-bebe-cause-symptome-solution\">r\u00e9gurgitations<\/a>. Ces deux troubles provoquent une g\u00eane parfois telle qu\u2019elle pourra emp\u00eacher la prise de nourriture, comme de l\u2019air que l\u2019enfant \u00e9vacue en faisant un rot. Dans ce cas, les difficult\u00e9s s\u2019am\u00e9liorent en principe progressivement, d\u2019autant que des traitements sont possibles et efficaces.<\/p><h2 id=\"quelles-sont-les-raisons-qui-doivent-amener-%C3%A0-consulter-en-urgence\">Quelles sont les raisons qui doivent amener \u00e0 consulter en urgence ?<\/h2><p>Tout d\u2019abord, cela d\u00e9pend de l\u2019\u00e2ge : avant 3 mois, toute <a href=\"https:\/\/heloa.app\/fr\/blog\/1-3-ans\/sante\/la-fievre-chez-lenfant\">fi\u00e8vre<\/a> justifie un avis m\u00e9dical en urgence.<\/p><p>Ensuite, si l\u2019enfant a un comportement modifi\u00e9 comme des <a href=\"https:\/\/heloa.app\/fr\/blog\/0-12-mois\/sante\/pleurs-de-bebe\">pleurs<\/a> inconsolables ou de la fi\u00e8vre, si vous ne le trouvez pas \u00ab comme d\u2019habitude \u00bb, alors vos inqui\u00e9tudes sont justifi\u00e9es et un avis m\u00e9dical peut \u00eatre demand\u00e9. <\/p><h2 id=\"comment-savoir-s%E2%80%99il-s%E2%80%99agit-un-trouble-du-comportement-alimentaire\">Comment savoir s\u2019il s\u2019agit un trouble du comportement alimentaire ?<\/h2><p>Avant toute autre consid\u00e9ration, gardez \u00e0 l\u2019esprit que si les courbes de poids et de taille \u00e9voluent harmonieusement, alors il n\u2019y a pas d\u2019urgence \u00e0 s\u2019inqui\u00e9ter.<\/p><p>Vous pouvez \u00e9voquer ce sujet avec une pu\u00e9ricultrice, avec les personnes responsables de la garde de votre enfant (\u00e0 la cr\u00e8che par exemple, il y a souvent un p\u00e9diatre attach\u00e9 qui passe une ou deux fois par semaine) ou avec votre m\u00e9decin traitant s\u2019il a l\u2019habitude. <\/p><p>Il peut arriver que des comportements nous inqui\u00e8tent \u2013 et c\u2019est bien normal ! L\u2019essentiel est de pouvoir en parler. Parfois, il suffit d&rsquo;attendre et de r\u00e9\u00e9valuer apr\u00e8s quelque temps pour s\u2019assurer que tout est redevenu normal et permettre \u00e0 vos inqui\u00e9tudes de dispara\u00eetre. <\/p><p>Le moment o\u00f9 l\u2019enfant s\u2019alimente est un moment o\u00f9 tous ses sens sont en \u00e9veil. Il peut arriver que certaines situations (bruits excessifs, <a href=\"https:\/\/heloa.app\/fr\/blog\/parents\/vie-quotidienne\/apprendre-a-gerer-son-stress\">stress<\/a>, contrari\u00e9t\u00e9s, etc.) influencent la qualit\u00e9 des repas. Mais ces situations ont rarement des r\u00e9percussions sur les courbes de croissance. <\/p><p>Les troubles du comportement alimentaire \u00e0 type d\u2019anorexie ou au contraire d\u2019hyperphagie compulsive (boulimie) sont exceptionnels avant 5-6 ans. Ils apparaissent le plus souvent entre la pr\u00e9adolescence (9-12 ans) et la p\u00e9riode de jeune adulte (avant 25 ans).  <\/p><p>On retiendra donc qu\u2019avant 3 ans, il faut plut\u00f4t \u00e9voquer des troubles digestifs ou de l\u2019oralit\u00e9, car les troubles du comportement alimentaire sont extr\u00eamement rares.<\/p><p>Il existe \u00e9galement une p\u00e9riode, lorsque la <a href=\"https:\/\/heloa.app\/fr\/blog\/0-12-mois\/nutrition\/la-diversification-alimentaire\">diversification alimentaire<\/a> d\u00e9bute, o\u00f9 un refus peut se mettre en place. Il est en g\u00e9n\u00e9ral passager et l\u2019attitude pr\u00e9conis\u00e9e est de ne pas forcer l&rsquo;enfant, mais de proposer \u00e0 nouveau les m\u00eames aliments plus tard.<\/p><h2 id=\"quest-ce-que-lanorexie-du-nourrisson\">Qu&rsquo;est-ce que l&rsquo;anorexie du nourrisson ?<\/h2><p>Dans de tr\u00e8s rares cas, on peut observer des troubles du comportement alimentaire \u00e0 type de privation qui touchent les enfants de 6 mois \u00e0 3 ans. On parle alors d\u2019anorexie du nourrisson.<\/p><p>Cette pathologie peut prendre diff\u00e9rentes formes : <\/p><ul><li>un manque d\u2019int\u00e9r\u00eat pour la nourriture ;<\/li><li> une s\u00e9lectivit\u00e9, souvent sur des caract\u00e9ristiques sensorielles ;<\/li><li>des craintes et des angoisses sur les cons\u00e9quences d\u00e9sagr\u00e9ables que l\u2019alimentation a pu susciter : maux de ventre, vomissements, etc.<\/li><\/ul><p>Dans ces situations, une \u00e9valuation par un professionnel est n\u00e9cessaire afin de prendre en consid\u00e9ration l\u2019enfant dans sa globalit\u00e9. <\/p><p>\u00c0 ce jour, il existe peu d\u2019\u00e9tudes sur les liens entre anorexie du nourrisson et troubles du d\u00e9veloppement, mais cette question est de plus en plus abord\u00e9e.<br>Les recherches tendent \u00e0 montrer qu\u2019une \u00e9valuation globale est tr\u00e8s importante et qu\u2019une attention particuli\u00e8re doit \u00eatre port\u00e9e au d\u00e9veloppement de l\u2019enfant pr\u00e9sentant une anorexie. En effet, elle peut \u2013 tr\u00e8s rarement il est vrai \u2013 \u00eatre li\u00e9e \u00e0 des perturbations touchant certaines mol\u00e9cules qui r\u00e9gulent l\u2019app\u00e9tit, ou \u00e0 certaines anomalies si\u00e9geant sur des zones c\u00e9r\u00e9brales impliqu\u00e9es dans l\u2019app\u00e9tit.<\/p><p>Ce sont des syndromes g\u00e9n\u00e9tiques rares et dans ce cas, l\u2019anorexie n\u2019est jamais un sympt\u00f4me isol\u00e9.<\/p><h2 id=\"%C3%A0-retenir\">\u00c0 retenir <\/h2><p>Dans tous les cas, la courbe de croissance staturo-pond\u00e9rale est bien s\u00fbr tr\u00e8s importante pour \u00e9valuer les cons\u00e9quences de perturbations alimentaires. Toutefois, les inqui\u00e9tudes, bien souvent passag\u00e8res, doivent toujours \u00eatre \u00e9cout\u00e9es et r\u00e9\u00e9valu\u00e9es dans le temps.<\/p><p>Les troubles du comportement alimentaire li\u00e9s au rapport que l\u2019enfant entretient avec la nourriture (et non pas uniquement \u00e0 la capacit\u00e9 \u00e0 absorber et \u00e9liminer la nourriture) apparaissent lorsque l\u2019enfant a acquis suffisamment d\u2019autonomie pour participer activement \u00e0 son alimentation. <\/p><p>Apr\u00e8s 6 ans, si les refus alimentaires persistent avec un fort impact sur l\u2019\u00e9tat g\u00e9n\u00e9ral et la croissance de l\u2019enfant, alors il est n\u00e9cessaire de demander l\u2019avis d\u2019un professionnel.<br><\/p><p>Dr Guedalia Peretz ASSUIED<br>P\u00e9dopsychiatre<br>Pau<\/p>","protected":false},"excerpt":{"rendered":"<p>Les raisons les plus fr\u00e9quentes des troubles du comportement alimentaire sont les reflux ou les r\u00e9gurgitations. Ces deux troubles provoquent une g\u00eane, parfois telle qu\u2019elle pourra emp\u00eacher la prise de nourriture.<\/p>\n","protected":false},"author":4,"featured_media":5607,"comment_status":"open","ping_status":"open","sticky":false,"template":"","format":"standard","meta":{"_acf_changed":false,"_kad_blocks_custom_css":"","_kad_blocks_head_custom_js":"","_kad_blocks_body_custom_js":"","_kad_blocks_footer_custom_js":"","_kad_post_transparent":"","_kad_post_title":"","_kad_post_layout":"","_kad_post_sidebar_id":"","_kad_post_content_style":"","_kad_post_vertical_padding":"","_kad_post_feature":"","_kad_post_feature_position":"","_kad_post_header":false,"_kad_post_footer":false,"_kad_post_classname":"","rank_math_title":"Troubles du comportement alimentaire chez les enfants","rank_math_description":"Les reflux et les r\u00e9gurgitations peuvent causer des troubles alimentaires chez les enfants. D\u00e9couvrez les raisons et les cons\u00e9quences.","rank_math_focus_keyword":"tca enfant","rank_math_primary_category":721,"ilj_linkdefinition":["tca enfant","tca"],"footnotes":""},"categories":[721,649],"tags":[8,443,453,461,462,460],"class_list":["post-5507","post","type-post","status-publish","format-standard","has-post-thumbnail","hentry","category-sante-3-5-ans","category-3-5-ans","tag-nl","tag-3-7-ans","tag-guedalia-peretz-assuied","tag-tc","tag-tca","tag-trouble-du-comportement"],"acf":{"prestation_table":"","technical_table":"","nom_professionnel":"","numero_telephone":"","convention_cas":"","contrat_acces_aux_soins":"","sesam_vitale":"","coordonnees":"","adresse":"","profession":"","numero_rpps":"","profession_description":"","commune":"","departement":"","prenom":"","origine":"","date_fete":"","signification_etymologie":"","histoire_origine_prenom":"","personne_celebre":"","age_moyen":"","prenoms_derives":"","prenoms_composes":"","naissances_2024":"","genre":"","prenoms_taxonomy":"","region_stats":"","evolution_naissances":""},"taxonomy_info":{"category":[{"value":721,"label":"Sant\u00e9"},{"value":649,"label":"3-5 ans"}],"post_tag":[{"value":8,"label":"#nl"},{"value":443,"label":"3-7 ans"},{"value":453,"label":"Guedalia Peretz Assuied"},{"value":461,"label":"TC"},{"value":462,"label":"TCA"},{"value":460,"label":"Trouble du comportement"}]},"featured_image_src_large":["https:\/\/heloa.app\/wp-content\/uploads\/2024\/09\/photo-1477413114673-6708cad13418-9-1024x681.jpg",1024,681,true],"author_info":{"display_name":"Heloa","author_link":"https:\/\/heloa.app\/fr\/author\/expert-heloa"},"comment_info":0,"category_info":[{"term_id":721,"name":"Sant\u00e9","slug":"sante-3-5-ans","term_group":0,"term_taxonomy_id":721,"taxonomy":"category","description":"","parent":649,"count":8,"filter":"raw","cat_ID":721,"category_count":8,"category_description":"","cat_name":"Sant\u00e9","category_nicename":"sante-3-5-ans","category_parent":649},{"term_id":649,"name":"3-5 ans","slug":"3-5-ans","term_group":0,"term_taxonomy_id":649,"taxonomy":"category","description":"Votre enfant \u00e9volue aussi en dehors du cocon familiale. La vie \u00e0 la maternelle sont 3 ann\u00e9es riches : les jeux, la sociabilit\u00e9, les dessins, les activit\u00e9s physiques et d'\u00e9veil, sans n\u00e9gliger pour autant son suivi m\u00e9dical. On vous explique tout ici","parent":0,"count":28,"filter":"raw","cat_ID":649,"category_count":28,"category_description":"Votre enfant \u00e9volue aussi en dehors du cocon familiale. La vie \u00e0 la maternelle sont 3 ann\u00e9es riches : les jeux, la sociabilit\u00e9, les dessins, les activit\u00e9s physiques et d'\u00e9veil, sans n\u00e9gliger pour autant son suivi m\u00e9dical. On vous explique tout ici","cat_name":"3-5 ans","category_nicename":"3-5-ans","category_parent":0}],"tag_info":[{"term_id":8,"name":"#nl","slug":"nl","term_group":0,"term_taxonomy_id":8,"taxonomy":"post_tag","description":"","parent":0,"count":74,"filter":"raw"},{"term_id":443,"name":"3-7 ans","slug":"3-7-ans","term_group":0,"term_taxonomy_id":443,"taxonomy":"post_tag","description":"","parent":0,"count":32,"filter":"raw"},{"term_id":453,"name":"Guedalia Peretz Assuied","slug":"guedalia-peretz-assuied","term_group":0,"term_taxonomy_id":453,"taxonomy":"post_tag","description":"","parent":0,"count":4,"filter":"raw"},{"term_id":461,"name":"TC","slug":"tc","term_group":0,"term_taxonomy_id":461,"taxonomy":"post_tag","description":"","parent":0,"count":1,"filter":"raw"},{"term_id":462,"name":"TCA","slug":"tca","term_group":0,"term_taxonomy_id":462,"taxonomy":"post_tag","description":"","parent":0,"count":1,"filter":"raw"},{"term_id":460,"name":"Trouble du comportement","slug":"trouble-du-comportement","term_group":0,"term_taxonomy_id":460,"taxonomy":"post_tag","description":"","parent":0,"count":1,"filter":"raw"}],"_links":{"self":[{"href":"https:\/\/heloa.app\/fr\/wp-json\/wp\/v2\/posts\/5507","targetHints":{"allow":["GET"]}}],"collection":[{"href":"https:\/\/heloa.app\/fr\/wp-json\/wp\/v2\/posts"}],"about":[{"href":"https:\/\/heloa.app\/fr\/wp-json\/wp\/v2\/types\/post"}],"author":[{"embeddable":true,"href":"https:\/\/heloa.app\/fr\/wp-json\/wp\/v2\/users\/4"}],"replies":[{"embeddable":true,"href":"https:\/\/heloa.app\/fr\/wp-json\/wp\/v2\/comments?post=5507"}],"version-history":[{"count":0,"href":"https:\/\/heloa.app\/fr\/wp-json\/wp\/v2\/posts\/5507\/revisions"}],"wp:featuredmedia":[{"embeddable":true,"href":"https:\/\/heloa.app\/fr\/wp-json\/wp\/v2\/media\/5607"}],"wp:attachment":[{"href":"https:\/\/heloa.app\/fr\/wp-json\/wp\/v2\/media?parent=5507"}],"wp:term":[{"taxonomy":"category","embeddable":true,"href":"https:\/\/heloa.app\/fr\/wp-json\/wp\/v2\/categories?post=5507"},{"taxonomy":"post_tag","embeddable":true,"href":"https:\/\/heloa.app\/fr\/wp-json\/wp\/v2\/tags?post=5507"}],"curies":[{"name":"wp","href":"https:\/\/api.w.org\/{rel}","templated":true}]}}