{"id":5487,"date":"2026-02-26T22:10:39","date_gmt":"2026-02-26T21:10:39","guid":{"rendered":"https:\/\/heloa.app\/blog\/non-classe\/comprendre-la-depression-du-post-partum-2"},"modified":"2026-02-27T04:31:27","modified_gmt":"2026-02-27T03:31:27","slug":"comprendre-la-depression-du-post-partum-2","status":"publish","type":"post","link":"https:\/\/heloa.app\/fr\/blog\/parents\/sante\/comprendre-la-depression-du-post-partum","title":{"rendered":"D\u00e9pression post partum : signes, EPDS, quand consulter"},"content":{"rendered":"Juste apr\u00e8s la naissance, tout le monde s\u2019attend \u00e0 un \u00e9lan de joie. Et pourtant, certaines journ\u00e9es ressemblent plut\u00f4t \u00e0 une brume \u00e9paisse : on pleure sans comprendre, on s\u2019agace pour un rien, on se sent vide alors m\u00eame que le b\u00e9b\u00e9 est l\u00e0, bien r\u00e9el. Vous vous demandez peut-\u00eatre si \u00ab\u00a0c\u2019est normal\u00a0\u00bb, si c\u2019est juste la fatigue, ou si quelque chose s\u2019est d\u00e9r\u00e9gl\u00e9.\n\nLa <strong>d\u00e9pression post partum<\/strong> fait partie des troubles de l\u2019humeur de la p\u00e9riode p\u00e9rinatale. Elle peut toucher la m\u00e8re, et aussi le coparent. Elle a des signes rep\u00e9rables, des facteurs de risque connus, et surtout des solutions efficaces. L\u2019objectif : remettre du souffle, de la s\u00e9curit\u00e9, et de la confiance, sans jugement.\n<h2 id=\"dpressionpostpartumcomprendreetsortirdupigedelaculpabilit\">D\u00e9pression post partum : comprendre (et sortir du pi\u00e8ge de la culpabilit\u00e9)<\/h2>\nLa <strong>d\u00e9pression post partum<\/strong> correspond \u00e0 un \u00e9pisode d\u00e9pressif qui survient apr\u00e8s l\u2019accouchement, souvent dans les premi\u00e8res semaines, parfois plus tard. Sur le plan m\u00e9dical, on retrouve les crit\u00e8res d\u2019un \u00e9pisode d\u00e9pressif :\n<ul>\n \t<li>humeur triste ou irritable quasi quotidienne<\/li>\n \t<li>perte d\u2019int\u00e9r\u00eat (anh\u00e9donie : \u00ab\u00a0plus rien ne fait plaisir\u00a0\u00bb)<\/li>\n \t<li>troubles du sommeil (au-del\u00e0 des r\u00e9veils li\u00e9s au b\u00e9b\u00e9)<\/li>\n \t<li>variations de l\u2019app\u00e9tit<\/li>\n \t<li>fatigue majeure<\/li>\n \t<li>sentiment de culpabilit\u00e9 ou d\u2019inutilit\u00e9<\/li>\n \t<li>difficult\u00e9s de concentration<\/li>\n \t<li>id\u00e9es noires<\/li>\n<\/ul>\nCe n\u2019est pas un manque d\u2019amour. Ce n\u2019est pas une faiblesse. C\u2019est une maladie fr\u00e9quente, encore trop peu rep\u00e9r\u00e9e : selon les \u00e9tudes, les chiffres varient, et on cite souvent environ 15 % des jeunes accouch\u00e9es.\n\nLe <a href=\"https:\/\/heloa.app\/fr\/blog\/parents\/post-partum\/quappelle-t-on-le-post-partum\">post-partum<\/a> (la p\u00e9riode apr\u00e8s la naissance) cumule beaucoup de bouleversements : chute hormonale, cicatrisation, lactation \u00e9ventuelle, privation de sommeil, pression sociale autour de la <a href=\"https:\/\/heloa.app\/fr\/blog\/grossesse\/accouchement\/quand-partir-pour-la-maternite\">maternit\u00e9<\/a>\u2026 Tout cela peut fragiliser, m\u00eame quand la grossesse \u00e9tait d\u00e9sir\u00e9e.\n<h3 id=\"pourquoiladpressionpostpartumpasseencoresousleradar\">Pourquoi la d\u00e9pression post partum passe encore sous le radar ?<\/h3>\nParce qu\u2019elle se camoufle. Parfois derri\u00e8re un sourire. Parfois derri\u00e8re une phrase banale : \u00ab\u00a0je suis juste fatigu\u00e9e\u00a0\u00bb. Et parce que le regard social p\u00e8se lourd.\n\nOn retrouve souvent :\n<ul>\n \t<li>la banalisation de l\u2019\u00e9puisement (\u00ab\u00a0c\u2019est normal apr\u00e8s un b\u00e9b\u00e9\u00a0\u00bb)<\/li>\n \t<li>la peur d\u2019\u00eatre jug\u00e9e, ou qu\u2019on remette en cause ses capacit\u00e9s<\/li>\n \t<li>l\u2019isolement (journ\u00e9es longues, nuits hach\u00e9es, moins de contacts)<\/li>\n \t<li>une pr\u00e9sentation surtout anxieuse : hypervigilance, ruminations, palpitations<\/li>\n<\/ul>\nCertaines recherches de parents parlent de <strong>d\u00e9prime post partum<\/strong> : ce mot traduit bien le v\u00e9cu, mais m\u00e9dicalement, quand les sympt\u00f4mes durent et d\u00e9sorganisent le quotidien, on pense plut\u00f4t <strong>d\u00e9pression post partum<\/strong>.\n<h3 id=\"dpressionpostpartumchezlecoparentouicelaexiste\">D\u00e9pression post partum chez le coparent : oui, cela existe<\/h3>\nOn parle de plus en plus de <strong>d\u00e9pression post natale<\/strong> chez le coparent. Les signes sont parfois diff\u00e9rents : irritabilit\u00e9, retrait, hyperinvestissement au travail, \u00e9vitement, consommation d\u2019alcool major\u00e9e, sentiment d\u2019\u00eatre inutile.\n\nEt un point important : si l\u2019un des parents va mal, l\u2019autre peut vaciller. La <strong>d\u00e9pression post partum<\/strong> est donc aussi une question d\u2019\u00e9quilibre familial.\n<h2 id=\"babybluesoudpressionpostpartumfaireladiffrence\">Baby blues ou d\u00e9pression post partum : faire la diff\u00e9rence<\/h2>\n<h3 id=\"babybluesfrquentbreffluctuant\">Baby blues : fr\u00e9quent, bref, fluctuant<\/h3>\nLe <a href=\"https:\/\/heloa.app\/fr\/blog\/parents\/couple\/consequences-blues-sur-le-couple\">baby blues<\/a> est tr\u00e8s fr\u00e9quent (souvent annonc\u00e9 entre 50 et 80 %). Il appara\u00eet classiquement entre J3 et J10.\n\nLes signes typiques :\n<ul>\n \t<li><a href=\"https:\/\/heloa.app\/fr\/blog\/0-12-mois\/sante\/pleurs-de-bebe\">pleurs<\/a> faciles<\/li>\n \t<li>hypersensibilit\u00e9<\/li>\n \t<li>irritabilit\u00e9<\/li>\n \t<li>\u00e9motion en \u00ab\u00a0montagnes russes\u00a0\u00bb<\/li>\n<\/ul>\nIl r\u00e9gresse spontan\u00e9ment, en quelques jours, et en g\u00e9n\u00e9ral avant deux semaines.\n<h3 id=\"dpressionpostpartumquandasinstalleetquetoutdevientlourd\">D\u00e9pression post partum : quand \u00e7a s\u2019installe et que tout devient lourd<\/h3>\nLa <strong>d\u00e9pression post partum<\/strong> survient souvent entre 3 et 6 semaines apr\u00e8s la naissance, mais une forme tardive existe. Le risque s\u2019\u00e9tend jusqu\u2019aux 12 mois, avec des moments fragiles : reprise du sommeil difficile, sevrage, d\u00e9m\u00e9nagement, conflits, ou <a href=\"https:\/\/heloa.app\/fr\/blog\/parents\/vie-quotidienne\/le-retour-au-travail\">retour au travail<\/a>.\n\nTrois rep\u00e8res simples :\n<ul>\n \t<li><strong>dur\u00e9e<\/strong> : plus de 2 semaines<\/li>\n \t<li><strong>intensit\u00e9<\/strong> : tristesse, anxi\u00e9t\u00e9, culpabilit\u00e9 envahissantes<\/li>\n \t<li><strong>retentissement<\/strong> : on n\u2019arrive plus \u00e0 fonctionner (manger, se laver, dormir d\u00e8s que possible, s\u2019occuper du b\u00e9b\u00e9 sans panique)<\/li>\n<\/ul>\n<h3 id=\"quandconsultersansattendre\">Quand consulter sans attendre ?<\/h3>\nVous h\u00e9sitez parce que \u00ab\u00a0\u00e7a va peut-\u00eatre passer\u00a0\u00bb ? Si les sympt\u00f4mes prennent de l\u2019ampleur, mieux vaut en parler t\u00f4t.\n\nSignaux d\u2019alerte fr\u00e9quents :\n<ul>\n \t<li>sentiment de vide ou de d\u00e9sespoir<\/li>\n \t<li>perte nette de plaisir<\/li>\n \t<li>auto-d\u00e9valorisation (\u00ab\u00a0je suis nulle\u00a0\u00bb)<\/li>\n \t<li>anxi\u00e9t\u00e9 incontr\u00f4lable<\/li>\n \t<li>isolement croissant<\/li>\n<\/ul>\n<h2 id=\"symptmesdeladpressionpostpartumreprerlessignesmmequandilssontdiscrets\">Sympt\u00f4mes de la d\u00e9pression post partum : rep\u00e9rer les signes (m\u00eame quand ils sont discrets)<\/h2>\nLa <strong>d\u00e9pression post partum<\/strong> ne ressemble pas toujours \u00e0 une tristesse pure. Parfois, c\u2019est surtout de la tension. Parfois, un brouillard.\n<h3 id=\"symptmesmotionnels\">Sympt\u00f4mes \u00e9motionnels<\/h3>\n<ul>\n \t<li>tristesse persistante<\/li>\n \t<li>pleurs fr\u00e9quents<\/li>\n \t<li>irritabilit\u00e9, impatience<\/li>\n \t<li>engourdissement \u00e9motionnel (faire \u00ab\u00a0en automatique\u00a0\u00bb)<\/li>\n<\/ul>\n<h3 id=\"symptmescognitifspensesculpabilitruminations\">Sympt\u00f4mes cognitifs : pens\u00e9es, culpabilit\u00e9, ruminations<\/h3>\n<ul>\n \t<li>perte de confiance dans les capacit\u00e9s parentales<\/li>\n \t<li>culpabilit\u00e9 (\u00ab\u00a0je devrais \u00eatre heureuse\u00a0\u00bb)<\/li>\n \t<li>ruminations, sc\u00e9narios catastrophes<\/li>\n \t<li>troubles de l\u2019attention et de la m\u00e9moire<\/li>\n<\/ul>\n<h3 id=\"symptmesphysiquesetcomportementaux\">Sympt\u00f4mes physiques et comportementaux<\/h3>\n<ul>\n \t<li>fatigue \u00e9crasante<\/li>\n \t<li>troubles du sommeil (insomnie malgr\u00e9 l\u2019\u00e9puisement, sommeil non r\u00e9parateur)<\/li>\n \t<li>troubles de l\u2019app\u00e9tit<\/li>\n \t<li>retrait social, perte d\u2019\u00e9lan<\/li>\n<\/ul>\n<h3 id=\"anxitpostnataleattaquesdepaniquepensesintrusives\">Anxi\u00e9t\u00e9 post natale, attaques de panique, pens\u00e9es intrusives<\/h3>\nL\u2019<strong>anxi\u00e9t\u00e9 post-partum<\/strong> est fr\u00e9quente. Hypervigilance, v\u00e9rifications r\u00e9p\u00e9t\u00e9es, peur constante qu\u2019il arrive quelque chose au b\u00e9b\u00e9\u2026 c\u2019est \u00e9puisant.\n\nCertaines m\u00e8res d\u00e9crivent des attaques de panique : palpitations, tremblements, sensation d\u2019\u00e9touffer, impression de perdre le contr\u00f4le.\n\nEt il y a les <strong>pens\u00e9es intrusives<\/strong> : images ou id\u00e9es qui surgissent (par exemple peur de l\u00e2cher le b\u00e9b\u00e9). Elles ne signifient pas automatiquement une intention de passer \u00e0 l\u2019acte. Mais elles m\u00e9ritent d\u2019\u00eatre dites, car leur intensit\u00e9 et leur contexte comptent.\n<h3 id=\"lienparentbbquandlarelationsemblebloque\">Lien parent-b\u00e9b\u00e9 : quand la relation semble \u00ab\u00a0bloqu\u00e9e\u00a0\u00bb<\/h3>\nDans la <strong>d\u00e9pression post partum<\/strong>, on peut s\u2019occuper du b\u00e9b\u00e9\u2026 tout en se sentant loin. Les soins deviennent m\u00e9caniques. La joie est absente. Cela fait peur, et la culpabilit\u00e9 grimpe.\n\nBonne nouvelle : le lien se travaille. Il n\u2019est pas \u00ab\u00a0cass\u00e9\u00a0\u00bb.\n<h3 id=\"signauxdalerteurgenceetscurit\">Signaux d\u2019alerte : urgence et s\u00e9curit\u00e9<\/h3>\nCertains signes n\u00e9cessitent une aide imm\u00e9diate :\n<ul>\n \t<li>id\u00e9es suicidaires, surtout si elles deviennent pr\u00e9cises<\/li>\n \t<li>sensation de ne plus pouvoir garantir la s\u00e9curit\u00e9<\/li>\n \t<li>hallucinations, d\u00e9lire, confusion (penser \u00e0 une psychose du post-partum)<\/li>\n<\/ul>\nDans ces cas : appelez le 15 ou le 112, faites venir un proche, et mettez le b\u00e9b\u00e9 avec un adulte fiable.\n<h2 id=\"causesetfacteursderisquepourquoiladpressionpostpartumarrive\">Causes et facteurs de risque : pourquoi la d\u00e9pression post partum arrive<\/h2>\nLa <strong>d\u00e9pression post partum<\/strong> n\u2019a presque jamais une seule cause. C\u2019est une rencontre entre une vuln\u00e9rabilit\u00e9 et une p\u00e9riode tr\u00e8s exigeante.\n<h3 id=\"biologiehormonesinflammationthyrodesommeil\">Biologie : hormones, inflammation, thyro\u00efde, sommeil<\/h3>\nApr\u00e8s l\u2019accouchement, les hormones chutent rapidement (\u0153strog\u00e8nes, progest\u00e9rone). Chez certaines femmes, cette variation peut jouer sur l\u2019humeur. Mais le moteur le plus puissant reste souvent la privation de sommeil.\n\nUn bilan peut \u00eatre discut\u00e9 si la fatigue est extr\u00eame ou atypique, pour \u00e9carter :\n<ul>\n \t<li>an\u00e9mie ferriprive<\/li>\n \t<li>dysfonction thyro\u00efdienne du post-partum<\/li>\n \t<li>carences (<a href=\"https:\/\/heloa.app\/fr\/blog\/0-12-mois\/sante\/vitamine-bebe\">vitamine<\/a> D, B12, folates)<\/li>\n<\/ul>\n<h3 id=\"grossesseouaccouchementdifficiles\">Grossesse ou accouchement difficiles<\/h3>\nCertaines situations augmentent le risque :\n<ul>\n \t<li><a href=\"https:\/\/heloa.app\/fr\/blog\/grossesse\/sante\/map-grossesse\">grossesse \u00e0 risque<\/a>, hospitalisations, complications<\/li>\n \t<li>accouchement v\u00e9cu comme traumatique, douleur persistante<\/li>\n \t<li>s\u00e9paration m\u00e8re\/b\u00e9b\u00e9, transfert du b\u00e9b\u00e9, <a href=\"https:\/\/heloa.app\/fr\/blog\/grossesse\/sante\/grossesse-a-risque-causes-suivi-signes-alerte\">pr\u00e9maturit\u00e9<\/a><\/li>\n \t<li>grossesse multiple<\/li>\n<\/ul>\n<h3 id=\"contextedevieisolementpressioncouple\">Contexte de vie : isolement, pression, couple<\/h3>\nUn quotidien sans relais, des tensions de couple, une pr\u00e9carit\u00e9, un deuil, un conflit familial\u2026 Le post-partum amplifie tout.\n\nEt parfois, ce qui p\u00e8se le plus est invisible : la charge mentale, la sensation de devoir \u00ab\u00a0assurer\u00a0\u00bb.\n<h3 id=\"facteurslisaubb\">Facteurs li\u00e9s au b\u00e9b\u00e9<\/h3>\nUn <a href=\"https:\/\/heloa.app\/fr\/blog\/0-12-mois\/developpement\/nouveau-ne\">nouveau-n\u00e9<\/a> qui dort peu, pleure beaucoup, a des <a href=\"https:\/\/heloa.app\/fr\/blog\/1-3-ans\/sante\/trouble-de-loralite\">difficult\u00e9s alimentaires<\/a> : la fatigue s\u2019accumule, l\u2019angoisse aussi.\n<h3 id=\"antcdentspsychiques\">Ant\u00e9c\u00e9dents psychiques<\/h3>\nAnt\u00e9c\u00e9dent de d\u00e9pression, trouble anxieux, trouble bipolaire, ant\u00e9c\u00e9dents familiaux\u2026 ce sont des facteurs de risque. Les \u00e9voquer t\u00f4t pendant le <a href=\"https:\/\/heloa.app\/fr\/blog\/grossesse\/vie-quotidienne\/calendrier-grossesse\">suivi de grossesse<\/a> permet d\u2019anticiper.\n\nApr\u00e8s une <strong>d\u00e9pression post partum<\/strong>, le risque de r\u00e9cidive lors d\u2019une grossesse suivante existe (souvent estim\u00e9 autour de 25 \u00e0 33 %). Ce chiffre n\u2019est pas une fatalit\u00e9 : il sert \u00e0 organiser une pr\u00e9vention.\n<h2 id=\"nepasconfondredpressionantnataleetpsychosedupostpartum\">\u00c0 ne pas confondre : d\u00e9pression ant\u00e9natale et psychose du post-partum<\/h2>\n<h3 id=\"dpressionantnatale\">D\u00e9pression ant\u00e9natale<\/h3>\nLa d\u00e9pression ant\u00e9natale survient pendant la grossesse, avec des signes proches : tristesse, irritabilit\u00e9, anxi\u00e9t\u00e9, troubles du sommeil et de l\u2019app\u00e9tit. Elle concernerait environ 10 % des patientes. Et elle augmente le risque de <strong>d\u00e9pression post partum<\/strong> si elle n\u2019est pas rep\u00e9r\u00e9e.\n<h3 id=\"psychosedupostpartumraremaisurgence\">Psychose du post-partum : rare, mais urgence<\/h3>\nLa psychose du post-partum (ou <a href=\"https:\/\/heloa.app\/fr\/blog\/parents\/sante\/depression-post-partum-difficultes-psychiatriques\">psychose puerp\u00e9rale<\/a>) est rare. Elle appara\u00eet souvent rapidement, avec :\n<ul>\n \t<li>confusion, d\u00e9sorganisation<\/li>\n \t<li>agitation<\/li>\n \t<li>id\u00e9es d\u00e9lirantes, hallucinations<\/li>\n<\/ul>\nC\u2019est une urgence : la m\u00e8re ne doit pas rester seule avec le b\u00e9b\u00e9, et l\u2019\u00e9valuation doit \u00eatre imm\u00e9diate.\n<h2 id=\"dpistageetdiagnosticquienparleretcommentasepasse\">D\u00e9pistage et diagnostic : \u00e0 qui en parler, et comment \u00e7a se passe<\/h2>\nQuand la <strong>d\u00e9pression post partum<\/strong> s\u2019installe, le premier pas est souvent une phrase simple : \u00ab\u00a0je ne me sens pas bien\u00a0\u00bb. \u00c0 qui la dire ?\n<h3 id=\"quandconsulter\">Quand consulter ?<\/h3>\n<ul>\n \t<li>si les sympt\u00f4mes durent plus de 2 semaines<\/li>\n \t<li>si le quotidien devient trop difficile<\/li>\n \t<li>si les pens\u00e9es intrusives ou l\u2019anxi\u00e9t\u00e9 envahissent tout<\/li>\n \t<li>si la s\u00e9curit\u00e9 est en question<\/li>\n<\/ul>\n<h3 id=\"quicontacter\">Qui contacter ?<\/h3>\n<ul>\n \t<li>sage-femme<\/li>\n \t<li>m\u00e9decin g\u00e9n\u00e9raliste<\/li>\n \t<li>gyn\u00e9cologue-obst\u00e9tricien<\/li>\n \t<li><a href=\"https:\/\/heloa.app\/fr\/blog\/parents\/sante\/pediatre-role-expertise-conseils\">p\u00e9diatre<\/a> (oui, lors d\u2019une consultation du nourrisson)<\/li>\n \t<li>PMI (Protection maternelle et infantile)<\/li>\n \t<li>psychologue, psychiatre<\/li>\n<\/ul>\n<h3 id=\"epdslchelleddimbourg\">EPDS : l\u2019\u00e9chelle d\u2019\u00c9dimbourg<\/h3>\nL\u2019<strong>EPDS<\/strong> (Edinburgh Postnatal Depression Scale) est un questionnaire de 10 questions. Il sert \u00e0 rep\u00e9rer un risque de <strong>d\u00e9pression post partum<\/strong>. Il n\u2019\u00e9tablit pas un diagnostic, mais il aide \u00e0 ouvrir la discussion.\n<h3 id=\"cequeleprofessionnelvalue\">Ce que le professionnel \u00e9value<\/h3>\nDur\u00e9e, intensit\u00e9, retentissement, sommeil, app\u00e9tit, anxi\u00e9t\u00e9, id\u00e9es suicidaires, contexte familial, ant\u00e9c\u00e9dents\u2026 et aussi la s\u00e9curit\u00e9.\n<h2 id=\"traitementsetaccompagnementsdessolutionsquifonctionnent\">Traitements et accompagnements : des solutions qui fonctionnent<\/h2>\nLa <strong>d\u00e9pression post partum<\/strong> se soigne. Souvent, la premi\u00e8re am\u00e9lioration vient d\u2019un m\u00e9lange : soutien, sommeil prot\u00e9g\u00e9, et accompagnement psychologique.\n<h3 id=\"psychothrapiestccettip\">Psychoth\u00e9rapies : TCC et TIP<\/h3>\n<ul>\n \t<li><strong>TCC<\/strong> (th\u00e9rapie cognitivo-comportementale) : travaille les pens\u00e9es automatiques culpabilisantes, les ruminations, et aide \u00e0 remettre du mouvement dans le quotidien.<\/li>\n \t<li><strong>TIP<\/strong> (th\u00e9rapie interpersonnelle) : se centre sur les relations, la transition vers le <a href=\"https:\/\/heloa.app\/fr\/blog\/parents\/education\/etre-un-bon-parent\">r\u00f4le de parent<\/a>, les tensions de couple, l\u2019isolement.<\/li>\n<\/ul>\n<h3 id=\"soutienparentbbetunitmrebb\">Soutien parent-b\u00e9b\u00e9 et unit\u00e9 m\u00e8re-b\u00e9b\u00e9<\/h3>\nSi le lien est fragile, un accompagnement de la dyade parent-b\u00e9b\u00e9 peut aider : lecture des signaux, ajustement des interactions, soutien pendant les soins.\n\nDans certaines situations, une <strong>unit\u00e9 m\u00e8re-b\u00e9b\u00e9<\/strong> permet de soigner la m\u00e8re tout en prot\u00e9geant la relation et la s\u00e9curit\u00e9.\n<h3 id=\"antidpresseursisrsquandlesproposer\">Antid\u00e9presseurs (ISRS) : quand les proposer ?<\/h3>\nLes <strong>ISRS<\/strong> (inhibiteurs s\u00e9lectifs de la recapture de la s\u00e9rotonine) peuvent \u00eatre propos\u00e9s si la d\u00e9pression est mod\u00e9r\u00e9e \u00e0 s\u00e9v\u00e8re, si le risque est \u00e9lev\u00e9, ou si la psychoth\u00e9rapie seule ne suffit pas. Le suivi est r\u00e9gulier, et la dur\u00e9e de traitement est souvent de plusieurs mois.\n<h3 id=\"dpressionpostpartumetallaitement\">D\u00e9pression post partum et allaitement<\/h3>\nAllaiter et \u00eatre trait\u00e9e est souvent possible. Le choix du m\u00e9dicament se fait selon les donn\u00e9es de passage dans le lait, et une surveillance du nourrisson est organis\u00e9e (\u00e9veil, sommeil, prise de poids).\n\nNe modifiez jamais un traitement sans avis m\u00e9dical.\n<h3 id=\"lentourageaideconcrteeffetrel\">L\u2019entourage : aide concr\u00e8te, effet r\u00e9el<\/h3>\nUn repas d\u00e9pos\u00e9, une lessive, une heure de relais, une promenade pour que la m\u00e8re dorme\u2026 Ce n\u2019est pas \u00ab\u00a0juste de la logistique\u00a0\u00bb. C\u2019est th\u00e9rapeutique, parce que cela rend du sommeil et de l\u2019air.\n\nUne question simple change beaucoup : \u00ab\u00a0De quoi as-tu besoin maintenant ?\u00a0\u00bb\n<h2 id=\"volutionetprventionviterlisolementanticiperlespriodesfragiles\">\u00c9volution et pr\u00e9vention : \u00e9viter l\u2019isolement, anticiper les p\u00e9riodes fragiles<\/h2>\nSans accompagnement, la <strong>d\u00e9pression post partum<\/strong> peut durer longtemps (souvent on parle d\u2019environ un an). Avec une prise en charge, l\u2019am\u00e9lioration peut appara\u00eetre en quelques semaines et se consolider ensuite.\n\nAnticiper aide : parler des ant\u00e9c\u00e9dents, organiser du relais, rep\u00e9rer t\u00f4t un glissement apr\u00e8s la sortie de la maternit\u00e9, et rester attentive aux moments sensibles comme le retour au travail.\n<h2 id=\"retenir\">\u00c0 retenir<\/h2>\n<ul>\n \t<li>La <strong>d\u00e9pression post partum<\/strong> est une maladie fr\u00e9quente, qui peut toucher la m\u00e8re et le coparent.<\/li>\n \t<li>Le <a href=\"https:\/\/heloa.app\/fr\/blog\/parents\/sante\/le-baby-blues\">baby blues<\/a> est bref , au-del\u00e0 de 2 semaines, ou si l\u2019intensit\u00e9 augmente, on pense <strong>d\u00e9pression post partum<\/strong>.<\/li>\n \t<li>Les sympt\u00f4mes peuvent m\u00ealer tristesse, irritabilit\u00e9, fatigue extr\u00eame, troubles du sommeil, culpabilit\u00e9, <strong>anxi\u00e9t\u00e9 post natale<\/strong>, attaques de panique, pens\u00e9es intrusives.<\/li>\n \t<li>Des facteurs augmentent le risque : isolement, complications, fatigue, ant\u00e9c\u00e9dents, difficult\u00e9s avec le nouveau-n\u00e9.<\/li>\n \t<li>Des traitements efficaces existent : psychoth\u00e9rapie (TCC, TIP), soutien parent-b\u00e9b\u00e9, et parfois <strong>ISRS<\/strong>, souvent compatibles avec l\u2019allaitement sous suivi.<\/li>\n \t<li>En cas d\u2019id\u00e9es suicidaires, d\u2019hallucinations, de d\u00e9lire ou de d\u00e9sorganisation, appelez le 15 ou le 112.<\/li>\n<\/ul>\nDes professionnels peuvent accompagner \u00e0 chaque \u00e9tape. Et pour des conseils personnalis\u00e9s et des questionnaires de sant\u00e9 gratuits pour les enfants, vous pouvez t\u00e9l\u00e9charger l\u2019<a href=\"https:\/\/app.adjust.com\/1g586ft8\" target=\"_blank\" rel=\"noopener\">application Heloa<\/a>.\n\nAvec la participation de :\nLucille CLOAREC\nPsychologue clinicienne\nSaint-Cloud\n<h2 id=\"lesquestionsdesparents\">Les questions des parents<\/h2>\n<h3 id=\"ladpressionpostpartumpeutellervleruntroublebipolaire\">La d\u00e9pression post partum peut\u2011elle r\u00e9v\u00e9ler un trouble bipolaire ?<\/h3>\nOui, parfois la p\u00e9riode postnatale met en lumi\u00e8re un trouble de l\u2019humeur pr\u00e9c\u00e9demment discret. Si vous avez des ant\u00e9c\u00e9dents personnels ou familiaux de manie\/hypomanie (p\u00e9riodes d\u2019\u00e9nergie excessive, de pens\u00e9es rapides, de prise de risques), signalez\u2011le au professionnel. Cela change la strat\u00e9gie de soin : le suivi psychiatrique devient prioritaire et certains traitements sont choisis diff\u00e9remment. Parler t\u00f4t permet d\u2019\u00e9viter des erreurs th\u00e9rapeutiques et d\u2019obtenir un accompagnement adapt\u00e9.\n<h3 id=\"commentlesprochespeuventilsaiderconcrtement\">Comment les proches peuvent\u2011ils aider concr\u00e8tement ?<\/h3>\nLe soutien pratique et \u00e9motionnel compte \u00e9norm\u00e9ment. Proposez du repos en prenant la rel\u00e8ve pour les nuits ou les soins, apportez des repas, g\u00e9rez le linge, accompagnez aux rendez\u2011vous m\u00e9dicaux. \u00c9coutez sans juger : un \u00ab je suis l\u00e0 \u00bb vaut souvent plus qu\u2019un conseil. Encouragez la personne \u00e0 consulter si les signes persistent et proposez de l\u2019y accompagner. De petites actions r\u00e9guli\u00e8res all\u00e8gent la charge et am\u00e9liorent le sommeil \u2014 un facteur cl\u00e9 pour aller mieux.\n<h3 id=\"unedpressionpostpartumpeutelledurerplusdunanmalgruntraitement\">Une d\u00e9pression post partum peut\u2011elle durer plus d\u2019un an malgr\u00e9 un traitement ?<\/h3>\nDans la majorit\u00e9 des cas, une prise en charge adapt\u00e9e permet une am\u00e9lioration notable en quelques semaines \u00e0 quelques mois. Mais certaines personnes ont besoin d\u2019un accompagnement prolong\u00e9 : ajustements th\u00e9rapeutiques, combinaison psychoth\u00e9rapie\u2011m\u00e9dicament, ou prise en charge des facteurs de vie (sommeil, soutien). Si cela dure, n\u2019h\u00e9sitez pas \u00e0 demander un r\u00e9\u2011\u00e9valuation pour adapter le suivi et pr\u00e9venir la r\u00e9cidive. Rassurez\u2011vous : des solutions existent.\n\n<strong>Pour aller plus loin :<\/strong>\n<ul>\n \t<li><a href=\"https:\/\/www.ameli.fr\/medecin\/sante-prevention\/sante-mentale-soins-primaires\/sante-mentale-maternite-perinatalite\/depression-post-partum-prise-en-charge\" target=\"_blank\" rel=\"noopener\">D\u00e9pression post-partum<\/a><\/li>\n \t<li><a href=\"https:\/\/www.ameli.fr\/assure\/sante\/devenir-parent\/accouchement-nouveau-ne-et-retour-la-maison\/baby-blues-depression-post-partum-grossesse\" target=\"_blank\" rel=\"noopener\">Apr\u00e8s l&rsquo;accouchement : baby blues et d\u00e9pression du post \u2026<\/a><\/li>\n \t<li><a href=\"https:\/\/www.msdmanuals.com\/fr\/professional\/gyn%C3%A9cologie-et-obst%C3%A9trique\/soins-du-post-partum-et-troubles-associ%C3%A9s\/d%C3%A9pression-du-post-partum\" target=\"_blank\" rel=\"noopener\">D\u00e9pression du post-partum &#8211; Gyn\u00e9cologie et obst\u00e9trique<\/a><\/li>\n<\/ul>","protected":false},"excerpt":{"rendered":"<p>La d\u00e9pression post partum peut appara\u00eetre d\u00e8s 2 \u00e0 6 semaines. Signes cl\u00e9s, EPDS pour le d\u00e9pistage, traitements (TCC, ISRS) et signaux d&rsquo;urgence.<\/p>\n","protected":false},"author":4,"featured_media":5587,"comment_status":"open","ping_status":"open","sticky":false,"template":"","format":"standard","meta":{"_acf_changed":false,"_kad_blocks_custom_css":"","_kad_blocks_head_custom_js":"","_kad_blocks_body_custom_js":"","_kad_blocks_footer_custom_js":"","_kad_post_transparent":"","_kad_post_title":"","_kad_post_layout":"","_kad_post_sidebar_id":"","_kad_post_content_style":"","_kad_post_vertical_padding":"","_kad_post_feature":"","_kad_post_feature_position":"","_kad_post_header":false,"_kad_post_footer":false,"_kad_post_classname":"","rank_math_title":"d\u00e9pression post partum : signes, EPDS, quand consulter","rank_math_description":"La d\u00e9pression post partum peut appara\u00eetre d\u00e8s 2 \u00e0 6 semaines. Signes cl\u00e9s, EPDS pour le d\u00e9pistage, traitements (TCC, ISRS) et signaux d'urgence.","rank_math_focus_keyword":"d\u00e9pression post partum","rank_math_primary_category":724,"ilj_linkdefinition":["d\u00e9pression post-partum","comprendre la d\u00e9pression post-partum"],"footnotes":""},"categories":[724,651],"tags":[408,22,411,410,409,413,41,36,35,15],"class_list":["post-5487","post","type-post","status-publish","format-standard","has-post-thumbnail","hentry","category-sante-parents","category-parents","tag-self_esteem","tag-0-12-mois","tag-bien-etre","tag-depression-post-partum","tag-estime-de-soi","tag-lucille-cloarec","tag-malo-pour-les-parents","tag-maman","tag-papa","tag-premium"],"acf":{"prestation_table":"","technical_table":"","nom_professionnel":"","numero_telephone":"","convention_cas":"","contrat_acces_aux_soins":"","sesam_vitale":"","coordonnees":"","adresse":"","profession":"","numero_rpps":"","profession_description":"","commune":"","departement":"","prenom":"","origine":"","date_fete":"","signification_etymologie":"","histoire_origine_prenom":"","personne_celebre":"","age_moyen":"","prenoms_derives":"","prenoms_composes":"","naissances_2024":"","genre":"","prenoms_taxonomy":"","region_stats":"","evolution_naissances":""},"taxonomy_info":{"category":[{"value":724,"label":"Sant\u00e9"},{"value":651,"label":"Parents"}],"post_tag":[{"value":408,"label":"#self_esteem"},{"value":22,"label":"0-12 mois"},{"value":411,"label":"bien-\u00eatre"},{"value":410,"label":"D\u00e9pression post-partum"},{"value":409,"label":"estime de soi"},{"value":413,"label":"Lucille Cloarec"},{"value":41,"label":"malo pour les parents"},{"value":36,"label":"maman"},{"value":35,"label":"papa"},{"value":15,"label":"premium"}]},"featured_image_src_large":["https:\/\/heloa.app\/wp-content\/uploads\/2024\/09\/photo-1526725702345-bdda2b97ef73-1-1024x686.jpg",1024,686,true],"author_info":{"display_name":"Heloa","author_link":"https:\/\/heloa.app\/fr\/author\/expert-heloa"},"comment_info":0,"category_info":[{"term_id":724,"name":"Sant\u00e9","slug":"sante-parents","term_group":0,"term_taxonomy_id":724,"taxonomy":"category","description":"","parent":651,"count":36,"filter":"raw","cat_ID":724,"category_count":36,"category_description":"","cat_name":"Sant\u00e9","category_nicename":"sante-parents","category_parent":651},{"term_id":651,"name":"Parents","slug":"parents","term_group":0,"term_taxonomy_id":651,"taxonomy":"category","description":"Apr\u00e8s l'arriv\u00e9e d\u2019un enfant, il est normal qu'en tant que parent vous vous sentiez d\u00e9pass\u00e9 : de nouvelles responsabilit\u00e9s, un manque de sommeil, les \u00e9motions qui font les montagnes russes. Les nouveaux parents ont besoin de soutien, on est la pour \u00e7a.","parent":0,"count":205,"filter":"raw","cat_ID":651,"category_count":205,"category_description":"Apr\u00e8s l'arriv\u00e9e d\u2019un enfant, il est normal qu'en tant que parent vous vous sentiez d\u00e9pass\u00e9 : de nouvelles responsabilit\u00e9s, un manque de sommeil, les \u00e9motions qui font les montagnes russes. Les nouveaux parents ont besoin de soutien, on est la pour \u00e7a.","cat_name":"Parents","category_nicename":"parents","category_parent":0}],"tag_info":[{"term_id":408,"name":"#self_esteem","slug":"self_esteem","term_group":0,"term_taxonomy_id":408,"taxonomy":"post_tag","description":"","parent":0,"count":13,"filter":"raw"},{"term_id":22,"name":"0-12 mois","slug":"0-12-mois","term_group":0,"term_taxonomy_id":22,"taxonomy":"post_tag","description":"","parent":0,"count":73,"filter":"raw"},{"term_id":411,"name":"bien-\u00eatre","slug":"bien-etre","term_group":0,"term_taxonomy_id":411,"taxonomy":"post_tag","description":"","parent":0,"count":3,"filter":"raw"},{"term_id":410,"name":"D\u00e9pression post-partum","slug":"depression-post-partum","term_group":0,"term_taxonomy_id":410,"taxonomy":"post_tag","description":"","parent":0,"count":15,"filter":"raw"},{"term_id":409,"name":"estime de soi","slug":"estime-de-soi","term_group":0,"term_taxonomy_id":409,"taxonomy":"post_tag","description":"","parent":0,"count":20,"filter":"raw"},{"term_id":413,"name":"Lucille Cloarec","slug":"lucille-cloarec","term_group":0,"term_taxonomy_id":413,"taxonomy":"post_tag","description":"","parent":0,"count":25,"filter":"raw"},{"term_id":41,"name":"malo pour les parents","slug":"malo-pour-les-parents","term_group":0,"term_taxonomy_id":41,"taxonomy":"post_tag","description":"","parent":0,"count":172,"filter":"raw"},{"term_id":36,"name":"maman","slug":"maman","term_group":0,"term_taxonomy_id":36,"taxonomy":"post_tag","description":"","parent":0,"count":62,"filter":"raw"},{"term_id":35,"name":"papa","slug":"papa","term_group":0,"term_taxonomy_id":35,"taxonomy":"post_tag","description":"","parent":0,"count":26,"filter":"raw"},{"term_id":15,"name":"premium","slug":"premium","term_group":0,"term_taxonomy_id":15,"taxonomy":"post_tag","description":"","parent":0,"count":134,"filter":"raw"}],"_links":{"self":[{"href":"https:\/\/heloa.app\/fr\/wp-json\/wp\/v2\/posts\/5487","targetHints":{"allow":["GET"]}}],"collection":[{"href":"https:\/\/heloa.app\/fr\/wp-json\/wp\/v2\/posts"}],"about":[{"href":"https:\/\/heloa.app\/fr\/wp-json\/wp\/v2\/types\/post"}],"author":[{"embeddable":true,"href":"https:\/\/heloa.app\/fr\/wp-json\/wp\/v2\/users\/4"}],"replies":[{"embeddable":true,"href":"https:\/\/heloa.app\/fr\/wp-json\/wp\/v2\/comments?post=5487"}],"version-history":[{"count":6,"href":"https:\/\/heloa.app\/fr\/wp-json\/wp\/v2\/posts\/5487\/revisions"}],"predecessor-version":[{"id":88618,"href":"https:\/\/heloa.app\/fr\/wp-json\/wp\/v2\/posts\/5487\/revisions\/88618"}],"wp:featuredmedia":[{"embeddable":true,"href":"https:\/\/heloa.app\/fr\/wp-json\/wp\/v2\/media\/5587"}],"wp:attachment":[{"href":"https:\/\/heloa.app\/fr\/wp-json\/wp\/v2\/media?parent=5487"}],"wp:term":[{"taxonomy":"category","embeddable":true,"href":"https:\/\/heloa.app\/fr\/wp-json\/wp\/v2\/categories?post=5487"},{"taxonomy":"post_tag","embeddable":true,"href":"https:\/\/heloa.app\/fr\/wp-json\/wp\/v2\/tags?post=5487"}],"curies":[{"name":"wp","href":"https:\/\/api.w.org\/{rel}","templated":true}]}}