{"id":10018,"date":"2025-01-28T01:37:54","date_gmt":"2025-01-28T00:37:54","guid":{"rendered":"https:\/\/heloa.app\/?p=10018"},"modified":"2025-01-28T01:40:12","modified_gmt":"2025-01-28T00:40:12","slug":"reflexe-de-la-marche-automatique","status":"publish","type":"post","link":"https:\/\/heloa.app\/fr\/blog\/0-12-mois\/sante\/reflexe-de-la-marche-automatique","title":{"rendered":"Le r\u00e9flexe de la marche automatique de b\u00e9b\u00e9"},"content":{"rendered":"\n<p>En observant votre b\u00e9b\u00e9, vous avez peut-\u00eatre remarqu\u00e9 qu\u2019il bouge ses petites jambes de fa\u00e7on \u00e9trange, comme s\u2019il essayait de marcher. Ce comportement peut vous surprendre et vous amener \u00e0 vous demander s&rsquo;il est d\u00e9j\u00e0 pr\u00eat \u00e0 faire ses premiers pas. En r\u00e9alit\u00e9, ce ph\u00e9nom\u00e8ne fait partie d&rsquo;un processus tout \u00e0 fait normal dans le d\u00e9veloppement de votre b\u00e9b\u00e9. Ce r\u00e9flexe, qu&rsquo;on appelle le <strong>r\u00e9flexe de la marche automatique<\/strong>, est une r\u00e9ponse naturelle de son corps qui l\u2019aide \u00e0 se pr\u00e9parer \u00e0 la marche, m\u00eame s&rsquo;il est encore loin de pouvoir marcher consciemment.<\/p>\n\n\n\n<h2 class=\"wp-block-heading\"><strong>Qu&rsquo;est-ce que le r\u00e9flexe de la marche automatique ?<\/strong><\/h2>\n\n\n\n<p>Le <strong>r\u00e9flexe de la marche automatique<\/strong> est l&rsquo;un de ces mouvements involontaires que l\u2019on appelle <strong><a href=\"https:\/\/heloa.app\/blog\/0-12-mois\/sante\/reflexes-archaiques\" data-type=\"post\" data-id=\"9677\">r\u00e9flexes archa\u00efques<\/a><\/strong>, qui apparaissent durant les premiers mois de la vie d&rsquo;un b\u00e9b\u00e9. Il se manifeste lorsque vous soutenez votre b\u00e9b\u00e9 sous les bras et que ses pieds touchent une surface dure, comme un matelas ou un sol. Dans cette position, il peut sembler faire des pas, comme s&rsquo;il essayait de marcher.<\/p>\n\n\n\n<p>Ce r\u00e9flexe, bien qu&rsquo;il puisse sembler curieux, est un m\u00e9canisme de d\u00e9veloppement normal qui pr\u00e9pare le corps de votre b\u00e9b\u00e9 \u00e0 marcher, m\u00eame s\u2019il ne contr\u00f4le pas encore ces mouvements.<\/p>\n\n\n\n<h2 class=\"wp-block-heading\"><strong>Pourquoi ce r\u00e9flexe est-il important ?<\/strong><\/h2>\n\n\n\n<p>Bien que ce r\u00e9flexe ne dure que quelques mois, il joue un r\u00f4le fondamental dans le <a href=\"https:\/\/heloa.app\/blog\/1-3-ans\/developpement\/etapes-developpement-motricite\" data-type=\"post\" data-id=\"6497\"><strong>d\u00e9veloppement moteur<\/strong> de votre b\u00e9b\u00e9<\/a>. Il l&rsquo;aide \u00e0 pr\u00e9parer les <strong>muscles des jambes<\/strong> n\u00e9cessaires \u00e0 la marche. Ces mouvements, bien qu&rsquo;involontaires, activent des <strong>muscles cl\u00e9s<\/strong> comme ceux des hanches et des genoux, et am\u00e9liorent son <strong>\u00e9quilibre<\/strong> et sa <strong>coordination<\/strong>. En d&rsquo;autres termes, m\u00eame si votre b\u00e9b\u00e9 ne marche pas encore, il commence \u00e0 entra\u00eener son corps pour cette future \u00e9tape.<\/p>\n\n\n\n<p>M\u00eame si ce r\u00e9flexe dispara\u00eet assez rapidement, il pr\u00e9pare le terrain pour des mouvements plus volontaires, comme se retourner, se redresser ou, enfin, marcher.<\/p>\n\n\n\n<h2 class=\"wp-block-heading\"><strong>Quand dispara\u00eet-il ?<\/strong><\/h2>\n\n\n\n<p>Le r\u00e9flexe de la marche automatique fait son apparition peu apr\u00e8s la naissance et dispara\u00eet g\u00e9n\u00e9ralement entre <strong><a href=\"https:\/\/heloa.app\/blog\/0-12-mois\/developpement\/bebe-2-mois\" data-type=\"post\" data-id=\"8214\">2 et 3 mois<\/a><\/strong>. Cela d\u00e9pend de chaque b\u00e9b\u00e9. Au fur et \u00e0 mesure que le syst\u00e8me nerveux se d\u00e9veloppe et que les muscles se renforcent, votre b\u00e9b\u00e9 commence \u00e0 avoir un meilleur contr\u00f4le sur ses mouvements et le r\u00e9flexe dispara\u00eet naturellement. C\u2019est \u00e0 ce moment-l\u00e0 que votre b\u00e9b\u00e9 pourra, petit \u00e0 petit, commencer \u00e0 ex\u00e9cuter des mouvements plus intentionnels.<\/p>\n\n\n\n<h2 class=\"wp-block-heading\"><strong>Que faire si le r\u00e9flexe persiste trop longtemps ?<\/strong><\/h2>\n\n\n\n<p>Il est rare que ce r\u00e9flexe dure au-del\u00e0 de 3 mois, mais si vous remarquez qu&rsquo;il persiste plus longtemps, cela peut \u00eatre un signe qu&rsquo;il y a un l\u00e9ger retard dans l&rsquo;int\u00e9gration des <a href=\"https:\/\/heloa.app\/fr\/blog\/0-12-mois\/sante\/reflexes-archaiques\">r\u00e9flexes primitifs<\/a>. Cela peut avoir un impact sur <strong>l\u2019\u00e9quilibre<\/strong> ou <strong>la <a href=\"https:\/\/heloa.app\/fr\/blog\/1-3-ans\/developpement\/etapes-developpement-motricite\">motricit\u00e9<\/a><\/strong> du b\u00e9b\u00e9. <\/p>\n\n\n\n<p>Si vous avez des doutes ou si vous voyez que votre b\u00e9b\u00e9 semble avoir du mal \u00e0 ma\u00eetriser d&rsquo;autres \u00e9tapes de son d\u00e9veloppement, il est judicieux de consulter votre p\u00e9diatre. Celui-ci pourra vous rassurer ou vous orienter vers un sp\u00e9cialiste si n\u00e9cessaire.<\/p>\n\n\n\n<h2 class=\"wp-block-heading\"><strong>Comment observer ce r\u00e9flexe chez votre b\u00e9b\u00e9 ?<\/strong><\/h2>\n\n\n\n<p>Observez votre b\u00e9b\u00e9 en le soutenant sous les bras et en posant ses pieds sur une surface stable. Vous devriez voir ses petites jambes bouger, comme s\u2019il marchait. Ces mouvements ne sont pas volontaires, mais montrent que son corps r\u00e9agit naturellement \u00e0 son environnement. <\/p>\n\n\n\n<p>Si vous ne voyez pas ce r\u00e9flexe, ne vous inqui\u00e9tez pas imm\u00e9diatement : chaque b\u00e9b\u00e9 a son propre rythme de d\u00e9veloppement. Parfois, le r\u00e9flexe peut \u00eatre moins marqu\u00e9 ou se manifester \u00e0 un moment diff\u00e9rent.<\/p>\n\n\n\n<h2 class=\"wp-block-heading\"><strong>Stimuler le d\u00e9veloppement moteur de votre b\u00e9b\u00e9<\/strong><\/h2>\n\n\n\n<p>Bien que ce r\u00e9flexe ne n\u00e9cessite pas d&rsquo;exercice sp\u00e9cifique, vous pouvez favoriser le d\u00e9veloppement de votre b\u00e9b\u00e9 de plusieurs mani\u00e8res :<\/p>\n\n\n\n<li><strong>Le temps pass\u00e9 sur le ventre<\/strong> est l&rsquo;un des moyens les plus efficaces pour aider votre b\u00e9b\u00e9 \u00e0 renforcer les muscles du cou, des bras et du tronc. Cela lui permet aussi de mieux se pr\u00e9parer \u00e0 la <strong>position assise<\/strong> et \u00e0 la marche.<\/li>\n\n\n\n<li><strong>Les jeux de coordination<\/strong> peuvent \u00e9galement soutenir son d\u00e9veloppement. Encourager votre b\u00e9b\u00e9 \u00e0 attraper un jouet ou \u00e0 bouger pour l\u2019atteindre stimule ses r\u00e9flexes et l&rsquo;aide \u00e0 d\u00e9velopper sa motricit\u00e9 fine et globale.<\/li>\n\n\n\n<li>Il est pr\u00e9f\u00e9rable d\u2019\u00e9viter les <strong>trotteurs<\/strong> ou autres <strong>si\u00e8ges mobiles<\/strong>, qui limitent souvent les mouvements naturels de votre b\u00e9b\u00e9. Ces appareils peuvent parfois nuire au d\u00e9veloppement de la force musculaire n\u00e9cessaire \u00e0 la marche.<\/li>\n\n\n\n<li><strong>Laissez-le explorer librement<\/strong> dans un espace s\u00e9curis\u00e9. Il est important qu\u2019il ait des occasions de bouger \u00e0 son propre rythme : cela l\u2019aidera \u00e0 am\u00e9liorer son \u00e9quilibre.<\/li>\n\n\n\n<h2 class=\"wp-block-heading\"><strong>Le r\u00f4le du r\u00e9flexe dans l\u2019\u00e9quilibre et la posture<\/strong><\/h2>\n\n\n\n<p>Ce r\u00e9flexe joue un r\u00f4le dans la construction de <strong>l\u2019\u00e9quilibre<\/strong> et de la <strong>posture<\/strong> de votre b\u00e9b\u00e9. Bien que de courte dur\u00e9e, il aide \u00e0 pr\u00e9parer les muscles des jambes et du tronc pour des activit\u00e9s plus complexes comme la marche et m\u00eame la course. Il contribue \u00e9galement \u00e0 la gestion des mouvements corporels, ce qui sera essentiel lorsque votre b\u00e9b\u00e9 commencera \u00e0 se redresser et \u00e0 marcher.<\/p>\n\n\n\n<h2 class=\"wp-block-heading\"><strong>Quand consulter un sp\u00e9cialiste ?<\/strong><\/h2>\n\n\n\n<p>Si le r\u00e9flexe persiste apr\u00e8s 3 mois ou si vous remarquez que votre b\u00e9b\u00e9 pr\u00e9sente des signes de retard dans son d\u00e9veloppement moteur, comme des difficult\u00e9s \u00e0 tenir sa t\u00eate ou \u00e0 coordonner ses mouvements, il peut \u00eatre utile de consulter un p\u00e9diatre. Bien que cela soit rare, un suivi pr\u00e9coce peut \u00e9viter de futurs d\u00e9fis et permettre \u00e0 votre b\u00e9b\u00e9 de se d\u00e9velopper pleinement.<\/p>\n\n\n<style>.kb-image10018_1e694a-2d.kb-image-is-ratio-size, .kb-image10018_1e694a-2d .kb-image-is-ratio-size{max-width:585px;width:100%;}.wp-block-kadence-column > .kt-inside-inner-col > .kb-image10018_1e694a-2d.kb-image-is-ratio-size, .wp-block-kadence-column > .kt-inside-inner-col > .kb-image10018_1e694a-2d .kb-image-is-ratio-size{align-self:unset;}.kb-image10018_1e694a-2d{max-width:585px;}.image-is-svg.kb-image10018_1e694a-2d{-webkit-flex:0 1 100%;flex:0 1 100%;}.image-is-svg.kb-image10018_1e694a-2d img{width:100%;}.kb-image10018_1e694a-2d .kb-image-has-overlay:after{opacity:0.3;}<\/style>\n<figure class=\"wp-block-kadence-image kb-image10018_1e694a-2d size-large\"><img loading=\"lazy\" decoding=\"async\" width=\"1024\" height=\"683\" src=\"https:\/\/heloa.app\/wp-content\/uploads\/2025\/01\/gros-plan-sur-pieds-de-bebe-pendant-le-reflexe-de-la-marche-automatique-29568831-1024x683.jpg\" alt=\"gros-plan-sur-pieds-de-b\u00e9b\u00e9-pendant-le-r\u00e9flexe-de-la-marche-automatique\" class=\"kb-img wp-image-10025\" srcset=\"https:\/\/heloa.app\/wp-content\/uploads\/2025\/01\/gros-plan-sur-pieds-de-bebe-pendant-le-reflexe-de-la-marche-automatique-29568831-1024x683.jpg 1024w, https:\/\/heloa.app\/wp-content\/uploads\/2025\/01\/gros-plan-sur-pieds-de-bebe-pendant-le-reflexe-de-la-marche-automatique-29568831-300x200.jpg 300w, https:\/\/heloa.app\/wp-content\/uploads\/2025\/01\/gros-plan-sur-pieds-de-bebe-pendant-le-reflexe-de-la-marche-automatique-29568831-768x512.jpg 768w, https:\/\/heloa.app\/wp-content\/uploads\/2025\/01\/gros-plan-sur-pieds-de-bebe-pendant-le-reflexe-de-la-marche-automatique-29568831-1536x1024.jpg 1536w, https:\/\/heloa.app\/wp-content\/uploads\/2025\/01\/gros-plan-sur-pieds-de-bebe-pendant-le-reflexe-de-la-marche-automatique-29568831-2048x1366.jpg 2048w\" sizes=\"auto, (max-width: 1024px) 100vw, 1024px\" \/><\/figure>\n\n\n\n<h2 class=\"wp-block-heading\"><strong>Les questions des parents<\/strong><\/h2>\n\n\n\n<p><strong>Que faire si mon b\u00e9b\u00e9 ne pr\u00e9sente pas le r\u00e9flexe de la marche automatique ?<\/strong><\/p>\n\n\n\n<p>Ne paniquez pas si votre b\u00e9b\u00e9 ne pr\u00e9sente pas imm\u00e9diatement ce r\u00e9flexe. Chaque enfant se d\u00e9veloppe \u00e0 son propre rythme. Il est important de continuer \u00e0 stimuler ses mouvements en le laissant explorer son environnement, en le pla\u00e7ant sur le ventre et en lui offrant des jeux adapt\u00e9s \u00e0 son \u00e2ge. Si vous avez des inqui\u00e9tudes, un <strong>p\u00e9diatre<\/strong> pourra vous rassurer et v\u00e9rifier que son d\u00e9veloppement suit un bon chemin.<\/p>\n\n\n\n<p><strong>Est-ce que ce r\u00e9flexe peut \u00eatre visible chez tous les b\u00e9b\u00e9s ?<\/strong><\/p>\n\n\n\n<p>Le r\u00e9flexe de la marche automatique est g\u00e9n\u00e9ralement pr\u00e9sent chez la plupart des b\u00e9b\u00e9s, mais il peut se manifester de mani\u00e8re plus ou moins \u00e9vidente d&rsquo;un enfant \u00e0 l&rsquo;autre. Certains b\u00e9b\u00e9s peuvent ne pas avoir de mouvements de \u00ab&nbsp;marche&nbsp;\u00bb aussi marqu\u00e9s, mais cela ne signifie pas n\u00e9cessairement qu\u2019il y a un probl\u00e8me. Observez bien votre enfant les premi\u00e8res semaines de vie et consultez un professionnel si vous avez des pr\u00e9occupations.<\/p>\n\n\n\n<p><strong>Le r\u00e9flexe de la marche automatique peut-il causer des douleurs \u00e0 mon b\u00e9b\u00e9 ?<\/strong><\/p>\n\n\n\n<p>Non, ce r\u00e9flexe n\u2019entra\u00eene g\u00e9n\u00e9ralement pas de douleur. C\u2019est une r\u00e9ponse <strong>involontaire<\/strong> du corps qui est contr\u00f4l\u00e9e par le syst\u00e8me nerveux et elle est compl\u00e8tement naturelle. Si vous observez des signes de douleur lorsque votre b\u00e9b\u00e9 est soutenu, il est pr\u00e9f\u00e9rable de v\u00e9rifier avec un p\u00e9diatre si tout va bien.<\/p>\n\n\n\n<p><strong>Si mon b\u00e9b\u00e9 pr\u00e9sente le r\u00e9flexe de la marche automatique, cela signifie-t-il qu&rsquo;il marchera plus t\u00f4t que la moyenne ?<\/strong><\/p>\n\n\n\n<p>Le r\u00e9flexe de la marche automatique est une <strong>phase transitoire<\/strong> du d\u00e9veloppement moteur, mais il ne d\u00e9termine pas directement le moment o\u00f9 votre b\u00e9b\u00e9 commencera \u00e0 marcher. En effet, bien que ce r\u00e9flexe active certains muscles, la <strong>marche volontaire<\/strong> d\u00e9pend de nombreux autres facteurs comme la coordination, l&rsquo;\u00e9quilibre et la force musculaire. Il n&rsquo;y a pas de lien direct avec un d\u00e9but plus pr\u00e9coce de la marche.<\/p>\n\n\n\n<p><strong>Pour aller plus loin :<\/strong><\/p>\n\n\n<style>.wp-block-kadence-advancedheading.kt-adv-heading10018_8dc21d-6c, .wp-block-kadence-advancedheading.kt-adv-heading10018_8dc21d-6c[data-kb-block=\"kb-adv-heading10018_8dc21d-6c\"]{font-style:normal;}.wp-block-kadence-advancedheading.kt-adv-heading10018_8dc21d-6c mark.kt-highlight, .wp-block-kadence-advancedheading.kt-adv-heading10018_8dc21d-6c[data-kb-block=\"kb-adv-heading10018_8dc21d-6c\"] mark.kt-highlight{font-style:normal;color:#f76a0c;-webkit-box-decoration-break:clone;box-decoration-break:clone;padding-top:0px;padding-right:0px;padding-bottom:0px;padding-left:0px;}.wp-block-kadence-advancedheading.kt-adv-heading10018_8dc21d-6c img.kb-inline-image, .wp-block-kadence-advancedheading.kt-adv-heading10018_8dc21d-6c[data-kb-block=\"kb-adv-heading10018_8dc21d-6c\"] img.kb-inline-image{width:150px;vertical-align:baseline;}<\/style>\n<p class=\"kt-adv-heading10018_8dc21d-6c wp-block-kadence-advancedheading\" data-kb-block=\"kb-adv-heading10018_8dc21d-6c\">&#8211; <a href=\"https:\/\/www.mpedia.fr\/art-premiers-reflexes\/#:~:text=Le%20r%C3%A9flexe%20de%20la%20marche%20automatique,-Vous%20%C3%AAtes%20sans&amp;text=Mis%20en%20position%20verticale%20et,votre%20b%C3%A9b%C3%A9%20fait%20quelques%20pas.\" data-type=\"link\" data-id=\"https:\/\/www.mpedia.fr\/art-premiers-reflexes\/#:~:text=Le%20r%C3%A9flexe%20de%20la%20marche%20automatique,-Vous%20%C3%AAtes%20sans&amp;text=Mis%20en%20position%20verticale%20et,votre%20b%C3%A9b%C3%A9%20fait%20quelques%20pas.\" target=\"_blank\" rel=\"noopener\">Le r\u00e9flexe de la marche automatique &#8211; mpedia<\/a><\/p>\n","protected":false},"excerpt":{"rendered":"<p>Le r\u00e9flexe de la marche automatique pr\u00e9pare votre b\u00e9b\u00e9 \u00e0 marcher. D\u00e9couvrez comment il se d\u00e9veloppe et son r\u00f4le dans le d\u00e9veloppement moteur.<\/p>\n","protected":false},"author":4,"featured_media":10022,"comment_status":"closed","ping_status":"closed","sticky":false,"template":"","format":"standard","meta":{"_acf_changed":false,"_kad_blocks_custom_css":"","_kad_blocks_head_custom_js":"","_kad_blocks_body_custom_js":"","_kad_blocks_footer_custom_js":"","_kad_post_transparent":"","_kad_post_title":"","_kad_post_layout":"","_kad_post_sidebar_id":"","_kad_post_content_style":"","_kad_post_vertical_padding":"","_kad_post_feature":"","_kad_post_feature_position":"","_kad_post_header":false,"_kad_post_footer":false,"_kad_post_classname":"","rank_math_title":"R\u00e9flexe de la marche automatique : Explications et conseils","rank_math_description":"Le r\u00e9flexe de la marche automatique pr\u00e9pare votre b\u00e9b\u00e9 \u00e0 marcher. D\u00e9couvrez comment il se d\u00e9veloppe et son r\u00f4le dans le d\u00e9veloppement moteur.","rank_math_focus_keyword":"r\u00e9flexe de la marche automatique","rank_math_primary_category":654,"ilj_linkdefinition":["r\u00e9flexe de la marche automatique"],"footnotes":""},"categories":[654,646],"tags":[],"class_list":["post-10018","post","type-post","status-publish","format-standard","has-post-thumbnail","hentry","category-sante","category-0-12-mois"],"acf":{"prestation_table":"","technical_table":"","nom_professionnel":"","numero_telephone":"","convention_cas":"","contrat_acces_aux_soins":"","sesam_vitale":"","coordonnees":"","adresse":"","profession":"","numero_rpps":"","profession_description":"","commune":"","departement":"","prenom":"","origine":"","date_fete":"","signification_etymologie":"","histoire_origine_prenom":"","personne_celebre":"","age_moyen":"","prenoms_derives":"","prenoms_composes":"","naissances_2024":"","genre":"","prenoms_taxonomy":"","region_stats":"","evolution_naissances":""},"taxonomy_info":{"category":[{"value":654,"label":"Sant\u00e9"},{"value":646,"label":"0-12 mois"}]},"featured_image_src_large":["https:\/\/heloa.app\/wp-content\/uploads\/2025\/01\/bebe-marcge-avec-aide-parents-qui-tiennent-ses-mains-6512674-720x1024.jpg",720,1024,true],"author_info":{"display_name":"Heloa","author_link":"https:\/\/heloa.app\/fr\/author\/expert-heloa"},"comment_info":0,"category_info":[{"term_id":654,"name":"Sant\u00e9","slug":"sante","term_group":0,"term_taxonomy_id":654,"taxonomy":"category","description":"","parent":646,"count":149,"filter":"raw","cat_ID":654,"category_count":149,"category_description":"","cat_name":"Sant\u00e9","category_nicename":"sante","category_parent":646},{"term_id":646,"name":"0-12 mois","slug":"0-12-mois","term_group":0,"term_taxonomy_id":646,"taxonomy":"category","description":"Comprenez le d\u00e9veloppement de votre b\u00e9b\u00e9 qui \u00e9volue de 0 \u00e0 12 mois. Sourire, vous faire coucou, apprendre \u00e0 parler, \u00e0 marcher, manger seul, l'accompagner dans la gestion de ses \u00e9motions, on vous explique tout.","parent":0,"count":305,"filter":"raw","cat_ID":646,"category_count":305,"category_description":"Comprenez le d\u00e9veloppement de votre b\u00e9b\u00e9 qui \u00e9volue de 0 \u00e0 12 mois. Sourire, vous faire coucou, apprendre \u00e0 parler, \u00e0 marcher, manger seul, l'accompagner dans la gestion de ses \u00e9motions, on vous explique tout.","cat_name":"0-12 mois","category_nicename":"0-12-mois","category_parent":0}],"tag_info":false,"_links":{"self":[{"href":"https:\/\/heloa.app\/fr\/wp-json\/wp\/v2\/posts\/10018","targetHints":{"allow":["GET"]}}],"collection":[{"href":"https:\/\/heloa.app\/fr\/wp-json\/wp\/v2\/posts"}],"about":[{"href":"https:\/\/heloa.app\/fr\/wp-json\/wp\/v2\/types\/post"}],"author":[{"embeddable":true,"href":"https:\/\/heloa.app\/fr\/wp-json\/wp\/v2\/users\/4"}],"replies":[{"embeddable":true,"href":"https:\/\/heloa.app\/fr\/wp-json\/wp\/v2\/comments?post=10018"}],"version-history":[{"count":5,"href":"https:\/\/heloa.app\/fr\/wp-json\/wp\/v2\/posts\/10018\/revisions"}],"predecessor-version":[{"id":10027,"href":"https:\/\/heloa.app\/fr\/wp-json\/wp\/v2\/posts\/10018\/revisions\/10027"}],"wp:featuredmedia":[{"embeddable":true,"href":"https:\/\/heloa.app\/fr\/wp-json\/wp\/v2\/media\/10022"}],"wp:attachment":[{"href":"https:\/\/heloa.app\/fr\/wp-json\/wp\/v2\/media?parent=10018"}],"wp:term":[{"taxonomy":"category","embeddable":true,"href":"https:\/\/heloa.app\/fr\/wp-json\/wp\/v2\/categories?post=10018"},{"taxonomy":"post_tag","embeddable":true,"href":"https:\/\/heloa.app\/fr\/wp-json\/wp\/v2\/tags?post=10018"}],"curies":[{"name":"wp","href":"https:\/\/api.w.org\/{rel}","templated":true}]}}